{"id":8871,"date":"2016-08-10T17:45:12","date_gmt":"2016-08-10T21:45:12","guid":{"rendered":"https:\/\/fondationrivieres.org\/?p=8871"},"modified":"2023-11-17T14:44:58","modified_gmt":"2023-11-17T19:44:58","slug":"jaime-hydro-du-theatre-engage-a-ne-pas-manquer","status":"publish","type":"post","link":"https:\/\/fondationrivieres.org\/en\/jaime-hydro-du-theatre-engage-a-ne-pas-manquer\/","title":{"rendered":"I like Hydro: committed theater not to be missed"},"content":{"rendered":"<div data-elementor-type=\"wp-post\" data-elementor-id=\"8871\" class=\"elementor elementor-8871\" data-elementor-post-type=\"post\">\n\t\t\t\t<div class=\"elementor-element elementor-element-1940db3c e-flex e-con-boxed e-con e-parent\" data-id=\"1940db3c\" data-element_type=\"container\" data-e-type=\"container\" data-settings=\"{&quot;jet_parallax_layout_list&quot;:[]}\">\n\t\t\t\t\t<div class=\"e-con-inner\">\n\t\t\t\t<div class=\"elementor-element elementor-element-d02675d elementor-widget elementor-widget-text-editor\" data-id=\"d02675d\" data-element_type=\"widget\" data-e-type=\"widget\" data-widget_type=\"text-editor.default\">\n\t\t\t\t<div class=\"elementor-widget-container\">\n\t\t\t\t\t\t\t\t\t<p>After creating a surprise during the last TransAm\u00e9rique Festival, the piece <strong><em>I like Hydro<\/em><\/strong>, written and performed by actress Christine Beaulieu, takes to the theater stage <a href=\"https:\/\/www.theatrelalicorne.com\" target=\"_blank\" rel=\"noopener\">The Unicorn<\/a> from August 30 to September 10, 2016.<\/p>\t\t\t\t\t\t\t\t<\/div>\n\t\t\t\t<\/div>\n\t\t\t\t<div class=\"elementor-element elementor-element-e7cba0a elementor-widget elementor-widget-heading\" data-id=\"e7cba0a\" data-element_type=\"widget\" data-e-type=\"widget\" data-widget_type=\"heading.default\">\n\t\t\t\t<div class=\"elementor-widget-container\">\n\t\t\t\t\t<h2 class=\"elementor-heading-title elementor-size-default\">An essential question about our relationship with Hydro-Qu\u00e9bec<\/h2>\t\t\t\t<\/div>\n\t\t\t\t<\/div>\n\t\t\t\t<div class=\"elementor-element elementor-element-11960b62 elementor-widget elementor-widget-text-editor\" data-id=\"11960b62\" data-element_type=\"widget\" data-e-type=\"widget\" data-widget_type=\"text-editor.default\">\n\t\t\t\t<div class=\"elementor-widget-container\">\n\t\t\t\t\t\t\t\t\t<p>In this documentary theater piece, Christine Beaulieu recounts with humor, candor and sensitivity the circumstances and questions that led her to do her own research on Hydro-Qu\u00e9bec. The play, skillfully directed by Philippe Cyr, pertinently questions what has become of the relationship between the state corporation and Quebecers over time.<\/p><figure id=\"attachment_61733\" aria-describedby=\"caption-attachment-61733\" style=\"width: 1024px\" class=\"wp-caption aligncenter\"><img fetchpriority=\"high\" decoding=\"async\" class=\"wp-image-61733 size-large\" src=\"https:\/\/fondationrivieres.org\/wp-content\/uploads\/2016\/08\/JH3-NEW-1024x578.jpeg\" alt=\"Christine Beaulieu, auteure et interpr\u00e8te de J'aime Hydro\" width=\"1024\" height=\"578\" srcset=\"https:\/\/fondationrivieres.org\/wp-content\/uploads\/2016\/08\/JH3-NEW-1024x578.jpeg 1024w, https:\/\/fondationrivieres.org\/wp-content\/uploads\/2016\/08\/JH3-NEW-300x169.jpeg 300w, https:\/\/fondationrivieres.org\/wp-content\/uploads\/2016\/08\/JH3-NEW-768x433.jpeg 768w, https:\/\/fondationrivieres.org\/wp-content\/uploads\/2016\/08\/JH3-NEW-18x10.jpeg 18w, https:\/\/fondationrivieres.org\/wp-content\/uploads\/2016\/08\/JH3-NEW.jpeg 1500w\" sizes=\"(max-width: 1024px) 100vw, 1024px\" \/><figcaption id=\"caption-attachment-61733\" class=\"wp-caption-text\">Christine Beaulieu, author and performer of J&#039;aime Hydro. Credit: Spokesperson<\/figcaption><\/figure><p>Accompanied on stage by the versatile actor Mathieu Gosselin and the sound designer Mathieu Doyon, Christine Beaulieu brings together often opposing camps, convinced of the need to think together about the future of hydroelectricity in Quebec.<\/p><p>Interviews with representatives of numerous citizen groups <b>\u2013 <\/b>including the president of Fondation Rivi\u00e8res, Alain Saladzius <b>\u2013<\/b> visits to dams, public hearings, meetings with senior executives of the state company: this theater of truth plunges directly into the heart of reality, into the belly of the turbine, thanks to a courageous, deeply committed artist, who does not does not hesitate to go to the most vulnerable fronts of our community.<\/p>\t\t\t\t\t\t\t\t<\/div>\n\t\t\t\t<\/div>\n\t\t\t\t<div class=\"elementor-element elementor-element-c733a4d elementor-widget elementor-widget-shortcode\" data-id=\"c733a4d\" data-element_type=\"widget\" data-e-type=\"widget\" data-widget_type=\"shortcode.default\">\n\t\t\t\t<div class=\"elementor-widget-container\">\n\t\t\t\t\t\t\t<div class=\"elementor-shortcode\"><div style=\"width: 100%; height: 200px; margin-bottom: 20px; border-radius: 6px; overflow:hidden;\"><iframe style=\"width: 100%; height: 200px;\" frameborder=\"no\" scrolling=\"no\" seamless src=\"https:\/\/player.captivate.fm\/episode\/b9931d09-d91c-47e5-a35d-36581c190468\"><\/iframe><\/div><\/div>\n\t\t\t\t\t\t<\/div>\n\t\t\t\t<\/div>\n\t\t\t\t<div class=\"elementor-element elementor-element-7004826 elementor-widget elementor-widget-heading\" data-id=\"7004826\" data-element_type=\"widget\" data-e-type=\"widget\" data-widget_type=\"heading.default\">\n\t\t\t\t<div class=\"elementor-widget-container\">\n\t\t\t\t\t<h3 class=\"elementor-heading-title elementor-size-default\">In podcast or book<\/h3>\t\t\t\t<\/div>\n\t\t\t\t<\/div>\n\t\t\t\t<div class=\"elementor-element elementor-element-11f6a57 elementor-widget elementor-widget-text-editor\" data-id=\"11f6a57\" data-element_type=\"widget\" data-e-type=\"widget\" data-widget_type=\"text-editor.default\">\n\t\t\t\t<div class=\"elementor-widget-container\">\n\t\t\t\t\t\t\t\t\t<p>If you missed the performances, J&#039;aime Hydro is available in <a href=\"https:\/\/porteparole.org\/fr\/balados\/jaime-hydro\/\" target=\"_blank\" rel=\"noopener\">podcast<\/a> (2019 edition) or <a href=\"https:\/\/www.leslibraires.ca\/livres\/j-aime-hydro-christine-beaulieu-9782897592714.html\" target=\"_blank\" rel=\"noopener\">book<\/a>. Do not miss!<\/p>\t\t\t\t\t\t\t\t<\/div>\n\t\t\t\t<\/div>\n\t\t\t\t\t<\/div>\n\t\t\t\t<\/div>\n\t\t\t\t<\/div>","protected":false},"excerpt":{"rendered":"<p>Apr\u00e8s avoir cr\u00e9\u00e9 la surprise lors du dernier Festival TransAm\u00e9rique, la pi\u00e8ce J\u2019aime Hydro, \u00e9crite et interpr\u00e9t\u00e9e par la com\u00e9dienne Christine Beaulieu, prend l\u2019affiche du th\u00e9\u00e2tre La Licorne du 30 ao\u00fbt au 10 septembre 2016. Un questionnement essentiel sur notre relation avec Hydro-Qu\u00e9bec Dans cette pi\u00e8ce de th\u00e9\u00e2tre-documentaire, Christine Beaulieu raconte avec humour, candeur et [&hellip;]<\/p>\n","protected":false},"author":1,"featured_media":32759,"comment_status":"closed","ping_status":"closed","sticky":false,"template":"","format":"standard","meta":{"footnotes":""},"categories":[7],"tags":[33,57,69],"class_list":["post-8871","post","type-post","status-publish","format-standard","has-post-thumbnail","hentry","category-guides-et-conseils","tag-culture-et-communautes","tag-hydroelectricite","tag-mobilisation"],"_links":{"self":[{"href":"https:\/\/fondationrivieres.org\/en\/wp-json\/wp\/v2\/posts\/8871","targetHints":{"allow":["GET"]}}],"collection":[{"href":"https:\/\/fondationrivieres.org\/en\/wp-json\/wp\/v2\/posts"}],"about":[{"href":"https:\/\/fondationrivieres.org\/en\/wp-json\/wp\/v2\/types\/post"}],"author":[{"embeddable":true,"href":"https:\/\/fondationrivieres.org\/en\/wp-json\/wp\/v2\/users\/1"}],"replies":[{"embeddable":true,"href":"https:\/\/fondationrivieres.org\/en\/wp-json\/wp\/v2\/comments?post=8871"}],"version-history":[{"count":0,"href":"https:\/\/fondationrivieres.org\/en\/wp-json\/wp\/v2\/posts\/8871\/revisions"}],"wp:featuredmedia":[{"embeddable":true,"href":"https:\/\/fondationrivieres.org\/en\/wp-json\/wp\/v2\/media\/32759"}],"wp:attachment":[{"href":"https:\/\/fondationrivieres.org\/en\/wp-json\/wp\/v2\/media?parent=8871"}],"wp:term":[{"taxonomy":"category","embeddable":true,"href":"https:\/\/fondationrivieres.org\/en\/wp-json\/wp\/v2\/categories?post=8871"},{"taxonomy":"post_tag","embeddable":true,"href":"https:\/\/fondationrivieres.org\/en\/wp-json\/wp\/v2\/tags?post=8871"}],"curies":[{"name":"wp","href":"https:\/\/api.w.org\/{rel}","templated":true}]}}