{"id":8440,"date":"2015-05-22T12:14:16","date_gmt":"2015-05-22T12:14:16","guid":{"rendered":"https:\/\/fondationrivieres.org\/?p=8440"},"modified":"2023-04-10T09:34:47","modified_gmt":"2023-04-10T13:34:47","slug":"inauguration-de-la-centrale-hydroelectrique-a-val-jalbert-une-chute-fantome-est-nee","status":"publish","type":"post","link":"https:\/\/fondationrivieres.org\/en\/inauguration-de-la-centrale-hydroelectrique-a-val-jalbert-une-chute-fantome-est-nee\/","title":{"rendered":"Inauguration of the hydroelectric power station in Val-Jalbert: a ghost waterfall is born"},"content":{"rendered":"<p>Today, Premier Couillard will inaugurate the hydroelectric power station on the historic site of Val-Jalbert.<\/p>\n<p>Opposition to the project to build the hydroelectric power station on the historic site of Val-Jalbert has always been in the majority among the regional population according to all independent surveys carried out in the region during the project. The citizens who mobilized also obtained the support of numerous environmental groups. After the Fondation Rivi\u00e8res, Nature Qu\u00e9bec and Greenpeace Qu\u00e9bec, the voices multiplied and around twenty national organizations co-signed the letter \u201c&nbsp;<em>For compliance with the National Water Policy<\/em>&nbsp;\u00bb addressed to the Prime Minister and the Minister of the Environment at the time, asking for respect for the principles of sound water management. All of these groups represent more than 150,000 members and supporters, and 500 federated organizations.<\/p>\n<p>The population can today see the result which gave birth to a phantom fall, dried up 79 % of time. Its flow will now effectively be reduced to 2.5 % of its average natural flow. The development potential of the places based on this major tourist attraction is now compromised. The \u201cmodern-looking\u201d building denounced by the Ministry of Culture and Communications will in no way help this situation.<\/p>\n<figure id=\"attachment_52548\" aria-describedby=\"caption-attachment-52548\" style=\"width: 1100px\" class=\"wp-caption aligncenter\"><img fetchpriority=\"high\" decoding=\"async\" class=\"wp-image-52548 size-full\" src=\"https:\/\/fondationrivieres.org\/wp-content\/uploads\/2015\/05\/Inauguration_Val-Jalbert_Mai-2015_Societe-de-lenergie-communautaire-du-Lac-Saint-Jean_2.jpg\" alt=\"Inauguration de la centrale hydro\u00e9lectrique de Val-Jalbert\" width=\"1100\" height=\"733\" srcset=\"https:\/\/fondationrivieres.org\/wp-content\/uploads\/2015\/05\/Inauguration_Val-Jalbert_Mai-2015_Societe-de-lenergie-communautaire-du-Lac-Saint-Jean_2.jpg 1100w, https:\/\/fondationrivieres.org\/wp-content\/uploads\/2015\/05\/Inauguration_Val-Jalbert_Mai-2015_Societe-de-lenergie-communautaire-du-Lac-Saint-Jean_2-300x200.jpg 300w, https:\/\/fondationrivieres.org\/wp-content\/uploads\/2015\/05\/Inauguration_Val-Jalbert_Mai-2015_Societe-de-lenergie-communautaire-du-Lac-Saint-Jean_2-1024x682.jpg 1024w, https:\/\/fondationrivieres.org\/wp-content\/uploads\/2015\/05\/Inauguration_Val-Jalbert_Mai-2015_Societe-de-lenergie-communautaire-du-Lac-Saint-Jean_2-768x512.jpg 768w, https:\/\/fondationrivieres.org\/wp-content\/uploads\/2015\/05\/Inauguration_Val-Jalbert_Mai-2015_Societe-de-lenergie-communautaire-du-Lac-Saint-Jean_2-18x12.jpg 18w\" sizes=\"(max-width: 1100px) 100vw, 1100px\" \/><figcaption id=\"caption-attachment-52548\" class=\"wp-caption-text\">The Val-Jalbert hydroelectric power station, in May 2015.<\/figcaption><\/figure>\n<p>This devastation will also cost Hydro-Qu\u00e9bec very dearly: losses of more than 80 M$ over 20 years, or 4 M$ of annual losses which will have to be paid by Hydro-Qu\u00e9bec customers. The denunciation of this economic aspect even brought together Fran\u00e7ois Legault of the Coalition Avenir Qu\u00e9bec and Amir Khadir of Qu\u00e9bec Solidaire in a historic press conference. The price paid by Hydro-Qu\u00e9bec will increase from 8.3 \u00a2\/kWh in 2015 to 13.6 \u00a2\/kWh in 2034, plus transportation, distribution and storage costs estimated at 4.0 \u00a2\/kWh, for a cost total from 12.3 to 17.6\u00a2\/kWh\u2026 while the export sales price is currently only around 5\u00a2\/kWh. The Commission on Energy Issues in Quebec has also confirmed the existence of electricity surplus until 2027 and recommended stopping any new project to increase electricity production capacity.<\/p>\n<ul>\n<li><a href=\"https:\/\/gallery.mailchimp.com\/281b6ce163ca19d3652a0d429\/files\/2015_05_22_FR_COM_Val_Jalbert_Inauguration_de_la_chute_f_.pdf\" target=\"_blank\" rel=\"noopener\">Read our full press release<\/a><\/li>\n<li><a style=\"font-size: revert;\" href=\"https:\/\/gallery.mailchimp.com\/281b6ce163ca19d3652a0d429\/files\/2012_04_13_FR_M_moire_au_BAPE_avec_annexes.pdf\" target=\"_blank\" rel=\"noopener\">Consult our brief, submitted to the BAPE in 2012<\/a><\/li>\n<li><a style=\"font-size: revert;\" href=\"https:\/\/gallery.mailchimp.com\/281b6ce163ca19d3652a0d429\/files\/2013_05_06_Argumentaire_CSOV.pdf\" target=\"_blank\" rel=\"noopener\">Consult the argument prepared by the Coalition for the Safeguarding of the Ouiatchouan in Val-Jalbert (CSOV)<\/a><\/li>\n<\/ul>\n<p><em>Photos: Lac-Saint-Jean Community Energy Corporation<\/em><\/p>","protected":false},"excerpt":{"rendered":"<p>Today, Premier Couillard will inaugurate the hydroelectric power station on the historic site of Val Jalbert. The public can now see the result, which is a phantom waterfall, dried up 79 % over time. <\/p>","protected":false},"author":1,"featured_media":52546,"comment_status":"closed","ping_status":"open","sticky":false,"template":"","format":"standard","meta":{"footnotes":""},"categories":[3],"tags":[47,57,74,206,190],"class_list":["post-8440","post","type-post","status-publish","format-standard","has-post-thumbnail","hentry","category-actualites","tag-energie","tag-hydroelectricite","tag-petit_barrage","tag-riviere-ouiatchouan","tag-val-jalbert"],"_links":{"self":[{"href":"https:\/\/fondationrivieres.org\/en\/wp-json\/wp\/v2\/posts\/8440","targetHints":{"allow":["GET"]}}],"collection":[{"href":"https:\/\/fondationrivieres.org\/en\/wp-json\/wp\/v2\/posts"}],"about":[{"href":"https:\/\/fondationrivieres.org\/en\/wp-json\/wp\/v2\/types\/post"}],"author":[{"embeddable":true,"href":"https:\/\/fondationrivieres.org\/en\/wp-json\/wp\/v2\/users\/1"}],"replies":[{"embeddable":true,"href":"https:\/\/fondationrivieres.org\/en\/wp-json\/wp\/v2\/comments?post=8440"}],"version-history":[{"count":0,"href":"https:\/\/fondationrivieres.org\/en\/wp-json\/wp\/v2\/posts\/8440\/revisions"}],"wp:featuredmedia":[{"embeddable":true,"href":"https:\/\/fondationrivieres.org\/en\/wp-json\/wp\/v2\/media\/52546"}],"wp:attachment":[{"href":"https:\/\/fondationrivieres.org\/en\/wp-json\/wp\/v2\/media?parent=8440"}],"wp:term":[{"taxonomy":"category","embeddable":true,"href":"https:\/\/fondationrivieres.org\/en\/wp-json\/wp\/v2\/categories?post=8440"},{"taxonomy":"post_tag","embeddable":true,"href":"https:\/\/fondationrivieres.org\/en\/wp-json\/wp\/v2\/tags?post=8440"}],"curies":[{"name":"wp","href":"https:\/\/api.w.org\/{rel}","templated":true}]}}