{"id":76496,"date":"2026-04-27T10:56:10","date_gmt":"2026-04-27T14:56:10","guid":{"rendered":"https:\/\/fondationrivieres.org\/?p=76496"},"modified":"2026-04-27T10:56:12","modified_gmt":"2026-04-27T14:56:12","slug":"memoire-encadrement-environnement-reafie","status":"publish","type":"post","link":"https:\/\/fondationrivieres.org\/en\/memoire-encadrement-environnement-reafie\/","title":{"rendered":"M\u00e9moire \u00e0 propos du R\u00e8glement sur l\u2019encadrement d\u2019activit\u00e9s en fonction de leur impact sur l\u2019environnement (REAFIE)"},"content":{"rendered":"<div data-elementor-type=\"wp-post\" data-elementor-id=\"76496\" class=\"elementor elementor-76496\" data-elementor-post-type=\"post\">\n\t\t\t\t<div class=\"elementor-element elementor-element-1db3c5c e-flex e-con-boxed e-con e-parent\" data-id=\"1db3c5c\" data-element_type=\"container\" data-e-type=\"container\" data-settings=\"{&quot;jet_parallax_layout_list&quot;:[]}\">\n\t\t\t\t\t<div class=\"e-con-inner\">\n\t\t\t\t<div class=\"elementor-element elementor-element-f252f2d elementor-widget elementor-widget-text-editor\" data-id=\"f252f2d\" data-element_type=\"widget\" data-e-type=\"widget\" data-widget_type=\"text-editor.default\">\n\t\t\t\t<div class=\"elementor-widget-container\">\n\t\t\t\t\t\t\t\t\t<p><span style=\"font-weight: 400;\">Le 11 mars 2026, le minist\u00e8re de l\u2019Environnement et de la Lutte contre les changements climatiques (MELCCFP) a annonc\u00e9 la r\u00e9vision quinquennale de son R\u00e8glement sur l\u2019encadrement d\u2019activit\u00e9s en fonction de leur impact sur l\u2019environnement (REAFIE), entr\u00e9 en vigueur en 2020. Le REAFIE classe les projets selon leur risque environnemental pour d\u00e9terminer s&rsquo;ils n\u00e9cessitent une autorisation minist\u00e9rielle, une d\u00e9claration de conformit\u00e9 ou une exemption.<\/span><\/p>\n<p><span style=\"font-weight: 400;\">Bien que certaines propositions pr\u00e9occupantes aient \u00e9t\u00e9 retir\u00e9es et que le projet comporte quelques am\u00e9liorations cibl\u00e9es, l\u2019orientation g\u00e9n\u00e9rale des propositions r\u00e9glementaires demeure pr\u00e9occupante pour la protection de l\u2019eau. Le r\u00e8glement retire plusieurs activit\u00e9s du r\u00e9gime d\u2019autorisation vers des d\u00e9clarations de conformit\u00e9 et des exemptions. <\/span><\/p>\n<p><span style=\"font-weight: 400;\">Cette approche r\u00e9duit l\u2019analyse pr\u00e9alable des impacts, particuli\u00e8rement pour les activit\u00e9s susceptibles d\u2019affecter les milieux humides et hydriques, les eaux us\u00e9es, les pr\u00e9l\u00e8vements d\u2019eau et les apports en contaminants. La Fondation recommande donc de maintenir un encadrement renforc\u00e9 lorsque les activit\u00e9s pr\u00e9sentent un risque pour la qualit\u00e9 de l\u2019eau ou les fonctions \u00e9cologiques des milieux hydriques.<\/span><\/p>\n<p><span style=\"font-weight: 400;\">Plusieurs bassins versants au Qu\u00e9bec pr\u00e9sentent \u00e0 l\u2019heure actuelle des <a href=\"https:\/\/fondationrivieres.org\/en\/eutrophisation-cours-deau\/\">signes de pression li\u00e9s \u00e0 l\u2019eutrophisation<\/a> et la prolif\u00e9ration de cyanobact\u00e9ries, et la r\u00e9duction des analyses environnementales et du r\u00e9gime de protection ne permettra pas de corriger la situation.. Le principe de pr\u00e9vention doit primer sur l\u2019all\u00e8gement administratif lorsque la qualit\u00e9 de l\u2019eau est en jeu.<\/span><\/p>\n<h3><b>Nos recommandations<\/b><\/h3>\n<p><span style=\"font-weight: 400;\">Maintenir <\/span><b>l\u2019obligation de produire un bilan de phosphore<\/b><span style=\"font-weight: 400;\"> pour toute activit\u00e9 susceptible d\u2019augmenter les charges en nutriments vers les sols, les eaux souterraines ou les eaux de surface (articles 141, 142 et 143 du REAFIE).<\/span><\/p>\n<p><b>Retirer de liste des activit\u00e9es exempt\u00e9es<\/b><span style=\"font-weight: 400;\"> le \u00ab rejet d\u2019eaux us\u00e9es se rapportant au lavage des \u00e9quipements ou appareils de collecte de la s\u00e8ve pour la production de sirop d\u2019\u00e9rable \u00bb (point 7 de l\u2019article 51).<\/span><\/p>\n<p><b>Maintenir les articles du chapitre XII <\/b><span style=\"font-weight: 400;\">qui assurent l\u2019encadrement\u00a0 sectoriel sp\u00e9cifique de l\u2019ac\u00e9riculture, incluant les conditions relatives aux milieux sensibles et au pH.<\/span><\/p>\n<p><b>Retirer la construction d\u2019infrastructures lin\u00e9aires<\/b><span style=\"font-weight: 400;\"> \u00e0 la liste des activit\u00e9es exempt\u00e9es (paragraphe 4 de l\u2019article 52 du REAFIE).<\/span><\/p>\t\t\t\t\t\t\t\t<\/div>\n\t\t\t\t<\/div>\n\t\t\t\t\t<\/div>\n\t\t\t\t<\/div>\n\t\t<div class=\"elementor-element elementor-element-c21f3bd e-flex e-con-boxed e-con e-parent\" data-id=\"c21f3bd\" data-element_type=\"container\" data-e-type=\"container\" data-settings=\"{&quot;jet_parallax_layout_list&quot;:[]}\">\n\t\t\t\t\t<div class=\"e-con-inner\">\n\t\t\t\t<div class=\"elementor-element elementor-element-40d0266 elementor-align-center elementor-widget elementor-widget-button\" data-id=\"40d0266\" data-element_type=\"widget\" data-e-type=\"widget\" data-widget_type=\"button.default\">\n\t\t\t\t<div class=\"elementor-widget-container\">\n\t\t\t\t\t\t\t\t\t<div class=\"elementor-button-wrapper\">\n\t\t\t\t\t<a class=\"elementor-button elementor-button-link elementor-size-sm\" href=\"https:\/\/drive.google.com\/file\/d\/1BAd5XkaKoKc4hM71hXub5R3vuHJYFtZc\/view?usp=sharing\" target=\"_blank\" rel=\"noopener\">\n\t\t\t\t\t\t<span class=\"elementor-button-content-wrapper\">\n\t\t\t\t\t\t<span class=\"elementor-button-icon\">\n\t\t\t\t<i aria-hidden=\"true\" class=\"fas fa-arrow-right\"><\/i>\t\t\t<\/span>\n\t\t\t\t\t\t\t\t\t<span class=\"elementor-button-text\">Pour lire notre m\u00e9moire<\/span>\n\t\t\t\t\t<\/span>\n\t\t\t\t\t<\/a>\n\t\t\t\t<\/div>\n\t\t\t\t\t\t\t\t<\/div>\n\t\t\t\t<\/div>\n\t\t\t\t\t<\/div>\n\t\t\t\t<\/div>\n\t\t\t\t<\/div>","protected":false},"excerpt":{"rendered":"<p>Bien que certaines propositions pr\u00e9occupantes aient \u00e9t\u00e9 retir\u00e9es et que le projet comporte quelques am\u00e9liorations cibl\u00e9es, l\u2019orientation g\u00e9n\u00e9rale des propositions r\u00e9glementaires demeure pr\u00e9occupante pour la protection de l\u2019eau. Le r\u00e8glement retire plusieurs activit\u00e9s du r\u00e9gime d\u2019autorisation vers des d\u00e9clarations de conformit\u00e9 et des exemptions. <\/p>","protected":false},"author":35,"featured_media":76497,"comment_status":"closed","ping_status":"open","sticky":false,"template":"","format":"standard","meta":{"footnotes":""},"categories":[6,3],"tags":[40,83],"class_list":["post-76496","post","type-post","status-publish","format-standard","has-post-thumbnail","hentry","category-etudes-rapports","category-actualites","tag-eaux-usees","tag-qualite-de-leau"],"_links":{"self":[{"href":"https:\/\/fondationrivieres.org\/en\/wp-json\/wp\/v2\/posts\/76496","targetHints":{"allow":["GET"]}}],"collection":[{"href":"https:\/\/fondationrivieres.org\/en\/wp-json\/wp\/v2\/posts"}],"about":[{"href":"https:\/\/fondationrivieres.org\/en\/wp-json\/wp\/v2\/types\/post"}],"author":[{"embeddable":true,"href":"https:\/\/fondationrivieres.org\/en\/wp-json\/wp\/v2\/users\/35"}],"replies":[{"embeddable":true,"href":"https:\/\/fondationrivieres.org\/en\/wp-json\/wp\/v2\/comments?post=76496"}],"version-history":[{"count":11,"href":"https:\/\/fondationrivieres.org\/en\/wp-json\/wp\/v2\/posts\/76496\/revisions"}],"predecessor-version":[{"id":76508,"href":"https:\/\/fondationrivieres.org\/en\/wp-json\/wp\/v2\/posts\/76496\/revisions\/76508"}],"wp:featuredmedia":[{"embeddable":true,"href":"https:\/\/fondationrivieres.org\/en\/wp-json\/wp\/v2\/media\/76497"}],"wp:attachment":[{"href":"https:\/\/fondationrivieres.org\/en\/wp-json\/wp\/v2\/media?parent=76496"}],"wp:term":[{"taxonomy":"category","embeddable":true,"href":"https:\/\/fondationrivieres.org\/en\/wp-json\/wp\/v2\/categories?post=76496"},{"taxonomy":"post_tag","embeddable":true,"href":"https:\/\/fondationrivieres.org\/en\/wp-json\/wp\/v2\/tags?post=76496"}],"curies":[{"name":"wp","href":"https:\/\/api.w.org\/{rel}","templated":true}]}}