{"id":76059,"date":"2026-03-16T13:02:25","date_gmt":"2026-03-16T17:02:25","guid":{"rendered":"https:\/\/fondationrivieres.org\/?p=76059"},"modified":"2026-03-16T14:09:51","modified_gmt":"2026-03-16T18:09:51","slug":"assemblee-generale-annuelle-2026","status":"publish","type":"post","link":"https:\/\/fondationrivieres.org\/en\/assemblee-generale-annuelle-2026\/","title":{"rendered":"Participez \u00e0 notre assembl\u00e9e g\u00e9n\u00e9rale annuelle 2026"},"content":{"rendered":"<div data-elementor-type=\"wp-post\" data-elementor-id=\"76059\" class=\"elementor elementor-76059\" data-elementor-post-type=\"post\">\n\t\t\t\t<div class=\"elementor-element elementor-element-edba66a e-flex e-con-boxed e-con e-parent\" data-id=\"edba66a\" data-element_type=\"container\" data-e-type=\"container\" data-settings=\"{&quot;jet_parallax_layout_list&quot;:[]}\">\n\t\t\t\t\t<div class=\"e-con-inner\">\n\t\t\t\t<div class=\"elementor-element elementor-element-d922c87 elementor-widget elementor-widget-text-editor\" data-id=\"d922c87\" data-element_type=\"widget\" data-e-type=\"widget\" data-widget_type=\"text-editor.default\">\n\t\t\t\t<div class=\"elementor-widget-container\">\n\t\t\t\t\t\t\t\t\t<p>Le 24 mars prochain \u00e0 la Maison du d\u00e9veloppement durable se tiendra notre assembl\u00e9e g\u00e9n\u00e9rale annuelle!<\/p><p>Venez rencontrer l\u2019\u00e9quipe et le conseil d\u2019administration de la Fondation Rivi\u00e8res lors d\u2019une assembl\u00e9e g\u00e9n\u00e9rale stimulante. Nous avons h\u00e2te de faire le bilan avec vous de la derni\u00e8re ann\u00e9e, tout en \u00e9changeant sur les nombreux projets \u00e0 venir en 2026!<\/p>\t\t\t\t\t\t\t\t<\/div>\n\t\t\t\t<\/div>\n\t\t\t\t<div class=\"elementor-element elementor-element-be0e22a elementor-widget elementor-widget-heading\" data-id=\"be0e22a\" data-element_type=\"widget\" data-e-type=\"widget\" data-widget_type=\"heading.default\">\n\t\t\t\t<div class=\"elementor-widget-container\">\n\t\t\t\t\t<h3 class=\"elementor-heading-title elementor-size-default\">S\u00e9bastien Rioux et Rodolphe Gonzal\u00e8s comme invit\u00e9s d\u2019honneur <\/h3>\t\t\t\t<\/div>\n\t\t\t\t<\/div>\n\t\t\t\t<div class=\"elementor-element elementor-element-0d43efd elementor-widget elementor-widget-image\" data-id=\"0d43efd\" data-element_type=\"widget\" data-e-type=\"widget\" data-widget_type=\"image.default\">\n\t\t\t\t<div class=\"elementor-widget-container\">\n\t\t\t\t\t\t\t\t\t\t\t\t\t\t\t<img fetchpriority=\"high\" decoding=\"async\" width=\"800\" height=\"600\" src=\"https:\/\/fondationrivieres.org\/wp-content\/uploads\/2026\/03\/image-1024x768.jpg\" class=\"attachment-large size-large wp-image-76063\" alt=\"Gonzal\u00e8s et Rioux\" srcset=\"https:\/\/fondationrivieres.org\/wp-content\/uploads\/2026\/03\/image-1024x768.jpg 1024w, https:\/\/fondationrivieres.org\/wp-content\/uploads\/2026\/03\/image-300x225.jpg 300w, https:\/\/fondationrivieres.org\/wp-content\/uploads\/2026\/03\/image-768x576.jpg 768w, https:\/\/fondationrivieres.org\/wp-content\/uploads\/2026\/03\/image-1536x1152.jpg 1536w, https:\/\/fondationrivieres.org\/wp-content\/uploads\/2026\/03\/image-16x12.jpg 16w, https:\/\/fondationrivieres.org\/wp-content\/uploads\/2026\/03\/image.jpg 1600w\" sizes=\"(max-width: 800px) 100vw, 800px\" \/>\t\t\t\t\t\t\t\t\t\t\t\t\t\t\t<\/div>\n\t\t\t\t<\/div>\n\t\t\t\t<div class=\"elementor-element elementor-element-2d32f9c elementor-widget elementor-widget-text-editor\" data-id=\"2d32f9c\" data-element_type=\"widget\" data-e-type=\"widget\" data-widget_type=\"text-editor.default\">\n\t\t\t\t<div class=\"elementor-widget-container\">\n\t\t\t\t\t\t\t\t\t<p>G\u00e9ographes et enseignants dans le milieu universitaire, ils ont r\u00e9alis\u00e9 l\u2019an dernier une \u00e9tude in\u00e9dite au Qu\u00e9bec r\u00e9v\u00e9lant que <a href=\"https:\/\/fondationrivieres.org\/en\/acces-aux-berges-publiques\/\">98% des rivages des lacs et rivi\u00e8res dans le sud du Qu\u00e9bec sont inaccessibles au public<\/a>, puisqu\u2019ils sont priv\u00e9s ou enclav\u00e9s.<\/p><p>Ce sera l&rsquo;occasion de r\u00eaver par des discussions engageantes et stimulantes sur l&rsquo;avenir de notre territoire et comment mieux l&rsquo;habiter!<\/p><p>Des sandwichs de chez Bossa seront offerts sur place!<\/p>\t\t\t\t\t\t\t\t<\/div>\n\t\t\t\t<\/div>\n\t\t\t\t<div class=\"elementor-element elementor-element-66edb7d elementor-align-center elementor-widget elementor-widget-button\" data-id=\"66edb7d\" data-element_type=\"widget\" data-e-type=\"widget\" data-widget_type=\"button.default\">\n\t\t\t\t<div class=\"elementor-widget-container\">\n\t\t\t\t\t\t\t\t\t<div class=\"elementor-button-wrapper\">\n\t\t\t\t\t<a class=\"elementor-button elementor-button-link elementor-size-sm\" href=\"https:\/\/form-can.keela.co\/aga-2026?fbclid=IwZXh0bgNhZW0CMTAAYnJpZBExSWpVMDBRaUs0MTViQkUxZnNydGMGYXBwX2lkEDIyMjAzOTE3ODgyMDA4OTIAAR6ovKV9RafxNCgqWYbCN7K75nrSqObxjAQEoqPM9OcNHqUbh_dWYRMH-db2Tw_aem_wFRkuyiJ02utgu9psiVGYQ\" target=\"_blank\" rel=\"noopener\">\n\t\t\t\t\t\t<span class=\"elementor-button-content-wrapper\">\n\t\t\t\t\t\t<span class=\"elementor-button-icon\">\n\t\t\t\t<i aria-hidden=\"true\" class=\"fas fa-arrow-right\"><\/i>\t\t\t<\/span>\n\t\t\t\t\t\t\t\t\t<span class=\"elementor-button-text\">Inscrivez-vous ici<\/span>\n\t\t\t\t\t<\/span>\n\t\t\t\t\t<\/a>\n\t\t\t\t<\/div>\n\t\t\t\t\t\t\t\t<\/div>\n\t\t\t\t<\/div>\n\t\t\t\t<div class=\"elementor-element elementor-element-b5be99e elementor-widget elementor-widget-text-editor\" data-id=\"b5be99e\" data-element_type=\"widget\" data-e-type=\"widget\" data-widget_type=\"text-editor.default\">\n\t\t\t\t<div class=\"elementor-widget-container\">\n\t\t\t\t\t\t\t\t\t<p>ATTENTION : seuls les membres de la Fondation Rivi\u00e8res pourront exercer leur droit de vote, mais tout le monde est invit\u00e9 \u00e0 participer \u00e0 la discussion!<\/p>\t\t\t\t\t\t\t\t<\/div>\n\t\t\t\t<\/div>\n\t\t\t\t<div class=\"elementor-element elementor-element-3eb59aa elementor-align-center elementor-widget elementor-widget-button\" data-id=\"3eb59aa\" data-element_type=\"widget\" data-e-type=\"widget\" data-widget_type=\"button.default\">\n\t\t\t\t<div class=\"elementor-widget-container\">\n\t\t\t\t\t\t\t\t\t<div class=\"elementor-button-wrapper\">\n\t\t\t\t\t<a class=\"elementor-button elementor-button-link elementor-size-sm\" href=\"https:\/\/www.facebook.com\/share\/1EEDVkGQTC\/\" target=\"_blank\" rel=\"noopener\">\n\t\t\t\t\t\t<span class=\"elementor-button-content-wrapper\">\n\t\t\t\t\t\t<span class=\"elementor-button-icon\">\n\t\t\t\t<i aria-hidden=\"true\" class=\"fas fa-arrow-right\"><\/i>\t\t\t<\/span>\n\t\t\t\t\t\t\t\t\t<span class=\"elementor-button-text\">Rejoignez l'\u00e9v\u00e9nement Facebook<\/span>\n\t\t\t\t\t<\/span>\n\t\t\t\t\t<\/a>\n\t\t\t\t<\/div>\n\t\t\t\t\t\t\t\t<\/div>\n\t\t\t\t<\/div>\n\t\t\t\t<div class=\"elementor-element elementor-element-42acb31 elementor-cta--skin-classic elementor-animated-content elementor-widget elementor-widget-call-to-action\" data-id=\"42acb31\" data-element_type=\"widget\" data-e-type=\"widget\" data-widget_type=\"call-to-action.default\">\n\t\t\t\t<div class=\"elementor-widget-container\">\n\t\t\t\t\t\t\t<div class=\"elementor-cta\">\n\t\t\t\t\t\t\t<div class=\"elementor-cta__content\">\n\t\t\t\t\t\t\t\t\t<div class=\"elementor-content-item elementor-cta__content-item elementor-icon-wrapper elementor-cta__icon elementor-view-default\">\n\t\t\t\t\t\t<div class=\"elementor-icon\">\n\t\t\t\t\t\t\t<i aria-hidden=\"true\" class=\"fas fa-hand-holding-heart\"><\/i>\t\t\t\t\t\t<\/div>\n\t\t\t\t\t<\/div>\n\t\t\t\t\n\t\t\t\t\t\t\t\t\t<h4 class=\"elementor-cta__title elementor-cta__content-item elementor-content-item\">\n\t\t\t\t\t\tHelp us increase the impact of Fondation Rivi\u00e8res.\t\t\t\t\t<\/h4>\n\t\t\t\t\n\t\t\t\t\n\t\t\t\t\t\t\t\t\t<div class=\"elementor-cta__button-wrapper elementor-cta__content-item elementor-content-item\">\n\t\t\t\t\t<a class=\"elementor-cta__button elementor-button elementor-size-\" href=\"https:\/\/fondationrivieres.org\/en\/impacts-2025\/\" target=\"_blank\">\n\t\t\t\t\t\tI make a donation \t\t\t\t\t<\/a>\n\t\t\t\t\t<\/div>\n\t\t\t\t\t\t\t<\/div>\n\t\t\t\t\t\t<\/div>\n\t\t\t\t\t\t<\/div>\n\t\t\t\t<\/div>\n\t\t\t\t\t<\/div>\n\t\t\t\t<\/div>\n\t\t\t\t<\/div>","protected":false},"excerpt":{"rendered":"<p>Le 24 mars prochain \u00e0 la maison du d\u00e9veloppement durable se tiendra notre assembl\u00e9e g\u00e9n\u00e9rale annuelle! <\/p>","protected":false},"author":39,"featured_media":76060,"comment_status":"closed","ping_status":"open","sticky":false,"template":"","format":"standard","meta":{"footnotes":""},"categories":[3],"tags":[460,461],"class_list":["post-76059","post","type-post","status-publish","format-standard","has-post-thumbnail","hentry","category-actualites","tag-aga-2026","tag-assemblee-generale-annuelle"],"_links":{"self":[{"href":"https:\/\/fondationrivieres.org\/en\/wp-json\/wp\/v2\/posts\/76059","targetHints":{"allow":["GET"]}}],"collection":[{"href":"https:\/\/fondationrivieres.org\/en\/wp-json\/wp\/v2\/posts"}],"about":[{"href":"https:\/\/fondationrivieres.org\/en\/wp-json\/wp\/v2\/types\/post"}],"author":[{"embeddable":true,"href":"https:\/\/fondationrivieres.org\/en\/wp-json\/wp\/v2\/users\/39"}],"replies":[{"embeddable":true,"href":"https:\/\/fondationrivieres.org\/en\/wp-json\/wp\/v2\/comments?post=76059"}],"version-history":[{"count":15,"href":"https:\/\/fondationrivieres.org\/en\/wp-json\/wp\/v2\/posts\/76059\/revisions"}],"predecessor-version":[{"id":76078,"href":"https:\/\/fondationrivieres.org\/en\/wp-json\/wp\/v2\/posts\/76059\/revisions\/76078"}],"wp:featuredmedia":[{"embeddable":true,"href":"https:\/\/fondationrivieres.org\/en\/wp-json\/wp\/v2\/media\/76060"}],"wp:attachment":[{"href":"https:\/\/fondationrivieres.org\/en\/wp-json\/wp\/v2\/media?parent=76059"}],"wp:term":[{"taxonomy":"category","embeddable":true,"href":"https:\/\/fondationrivieres.org\/en\/wp-json\/wp\/v2\/categories?post=76059"},{"taxonomy":"post_tag","embeddable":true,"href":"https:\/\/fondationrivieres.org\/en\/wp-json\/wp\/v2\/tags?post=76059"}],"curies":[{"name":"wp","href":"https:\/\/api.w.org\/{rel}","templated":true}]}}