{"id":75600,"date":"2026-01-29T12:24:35","date_gmt":"2026-01-29T17:24:35","guid":{"rendered":"https:\/\/fondationrivieres.org\/?p=75600"},"modified":"2026-01-29T12:24:39","modified_gmt":"2026-01-29T17:24:39","slug":"commission-parlementaire-groupes-q-5","status":"publish","type":"post","link":"https:\/\/fondationrivieres.org\/en\/commission-parlementaire-groupes-q-5\/","title":{"rendered":"Les groupes environnementaux d\u00e9noncent leur mise \u00e0 l\u2019\u00e9cart de la commission parlementaire sur la loi \u00ab Q-5 \u00bb"},"content":{"rendered":"<div data-elementor-type=\"wp-post\" data-elementor-id=\"75600\" class=\"elementor elementor-75600\" data-elementor-post-type=\"post\">\n\t\t\t\t<div class=\"elementor-element elementor-element-6906db5 e-flex e-con-boxed e-con e-parent\" data-id=\"6906db5\" data-element_type=\"container\" data-e-type=\"container\" data-settings=\"{&quot;jet_parallax_layout_list&quot;:[]}\">\n\t\t\t\t\t<div class=\"e-con-inner\">\n\t\t\t\t<div class=\"elementor-element elementor-element-dff155c elementor-widget elementor-widget-text-editor\" data-id=\"dff155c\" data-element_type=\"widget\" data-e-type=\"widget\" data-widget_type=\"text-editor.default\">\n\t\t\t\t<div class=\"elementor-widget-container\">\n\t\t\t\t\t\t\t\t\t<p style=\"text-align: right;\"><strong>PRESS RELEASE<\/strong><br \/><strong>FOR IMMEDIATE RELEASE<\/strong><\/p><p><strong>Qu\u00e9bec, le 29 janvier 2026<\/strong> &#8211; Alors que <a href=\"https:\/\/www.assnat.qc.ca\/fr\/travaux-parlementaires\/projets-loi\/projet-loi-5-43-2.html\" target=\"_blank\" rel=\"noopener\">le projet de loi n\u00b05<\/a>, Loi visant \u00e0 acc\u00e9l\u00e9rer l\u2019octroi des autorisations requises pour la r\u00e9alisation des projets prioritaires et d\u2019envergure nationale, vise principalement \u00e0 contourner les lois environnementales pour des projets dits \u00ab d\u2019envergure nationale \u00bb, plusieurs<br \/>organisations environnementales d\u00e9noncent vigoureusement leur mise \u00e0 l\u2019\u00e9cart par le gouvernement de la commission parlementaire et demandent \u00e0 \u00eatre entendues.<\/p><p>Les groupes avaient d\u00e9j\u00e0 <a href=\"https:\/\/fondationrivieres.org\/en\/bilan-2025-derive-autoritaire\/\">tir\u00e9 la sonnette d\u2019alarme le 8 d\u00e9cembre dernier<\/a> en<br \/>d\u00e9non\u00e7ant la multiplication des mesures l\u00e9gislatives du gouvernement du Qu\u00e9bec qui affaiblissent les lois et les contre-pouvoirs, marginalisent la science et r\u00e9duisent la participation citoyenne sous pr\u00e9texte \u00ab d\u2019acc\u00e9l\u00e9ration \u00e9conomique \u00bb. \u00ab En \u00e9cartant des voix pertinentes et essentielles durant ces consultations, le gouvernement persiste et signe dans son m\u00e9pris r\u00e9p\u00e9t\u00e9 des processus d\u00e9mocratiques \u00bb, d\u00e9plorent les groupes.<\/p><p>Pour les organisations, le manque de repr\u00e9sentativit\u00e9 des groupes invit\u00e9s en<br \/>commission parlementaire saute aux yeux et emp\u00eache une prise de d\u00e9cision<br \/>\u00e9clair\u00e9e. \u00ab Il est particuli\u00e8rement pr\u00e9occupant de constater la surrepr\u00e9sentation des secteurs industriel et patronal qui, on le sait, sont les principaux demandeurs de la vague de d\u00e9r\u00e9glementation actuelle. D\u2019ailleurs, c\u2019est la deuxi\u00e8me fois en quelques semaines que la Commission des finances publiques fait l&rsquo;impasse sur les groupes environnementaux alors que les projets de loi 5 et 7 touchent directement leurs secteurs d&rsquo;activit\u00e9s \u00bb, expliquent les organisations.<\/p><p>Les groupes sont d\u2019avis que le projet de loi n\u00b05 est probl\u00e9matique \u00e0 de nombreux niveaux et qu\u2019il enferme le Qu\u00e9bec dans des voies risqu\u00e9es difficiles \u00e0 inverser. Ils d\u00e9plorent notamment les pouvoirs d\u00e9mesur\u00e9s accord\u00e9s au ministre des Finances au d\u00e9triment de nos institutions d\u00e9mocratiques essentielles et le fait que les promoteurs pourront r\u00e9aliser des travaux pr\u00e9paratoires risquant de d\u00e9truire des milieux naturels avant m\u00eame de recevoir les autorisations n\u00e9cessaires. Les organismes s\u2019inqui\u00e8tent aussi de voir le BAPE musel\u00e9, alors qu\u2019il ne pourra pas recommander la non-r\u00e9alisation du projet m\u00eame si les impacts sociaux et environnementaux sont majeurs pour le milieu d\u2019accueil.<\/p><p style=\"text-align: left;\">\u00ab Avec sa loi \u00ab Q-5 \u00bb, le gouvernement ne coupe pas dans la paperasse, il coupe dans la protection l\u00e9gale de la population et du territoire qu\u00e9b\u00e9cois. Cette tentative d\u2019acc\u00e9l\u00e9rer le d\u00e9veloppement industriel et d\u2019infrastructures risque d\u2019aboutir, \u00e0 la mani\u00e8re de Northvolt, \u00e0 des projets mal ficel\u00e9s, sans acceptabilit\u00e9 sociale, et dont les impacts sur la sant\u00e9 de la population et des \u00e9cosyst\u00e8mes ne seront connus que trop tard. Personne n\u2019en sortira gagnant et c\u2019est pour cela qu\u2019on exige d\u2019\u00eatre entendus \u00bb, concluent les organismes.<\/p><p style=\"text-align: left;\"><strong>Signatory organizations<\/strong> :<br \/>Nature Qu\u00e9bec, Fondation David Suzuki, Front commun qu\u00e9b\u00e9cois pour une<br \/>gestion \u00e9cologique des d\u00e9chets, SNAP Qu\u00e9bec, \u00c9quiterre, Regroupement national des conseil r\u00e9gionaux de l\u2019environnement du Qu\u00e9bec (RNCREQ), Vivre en Ville, Eau Secours, Fondation Rivi\u00e8res<\/p><p style=\"text-align: center;\">- 30 -<\/p><h3>Pour de plus amples informations ou une entrevue avec les m\u00e9dias, veuillez contacter :<\/h3><p>Lucie B\u00e9det, charg\u00e9e des communications<br \/>Nature Quebec<br \/>581 980-8198 | lucie.bedet@naturequebec.org<\/p><p>Cyrielle Maison, responsable principale des communications<br \/>David Suzuki Foundation<br \/>514 871-4932 | cmaison@davidsuzuki.org<\/p><p>Nicolas Valente, conseiller en communications<br \/>Regroupement national des conseils r\u00e9gionaux de l\u2019environnement du Qu\u00e9bec<br \/>514 861-7022 #3524 | nicolas.valente@rncreq.org<\/p><p>Mathieu Langlois, responsable des communications<br \/>Emergency Water<br \/>514 588-5608 | communications@eausecours.org<\/p><p>David Beauchamp, responsable des communications<br \/>Fondation Rivi\u00e8res<br \/>514 272-2666 #307 | communications@fondationrivieres.org<\/p><p>Marion Depoisier, coordonnatrice des communications<br \/>SNAP Quebec<br \/>819 968-4321 | communications@snapquebec.org<\/p>\t\t\t\t\t\t\t\t<\/div>\n\t\t\t\t<\/div>\n\t\t\t\t\t<\/div>\n\t\t\t\t<\/div>\n\t\t\t\t<\/div>","protected":false},"excerpt":{"rendered":"<p>Alors que le projet de loi n\u00b05, Loi visant \u00e0 acc\u00e9l\u00e9rer l\u2019octroi des autorisations requises pour la r\u00e9alisation des projets prioritaires et d\u2019envergure nationale, vise principalement \u00e0 contourner les lois<br \/>\nenvironnementales pour des projets dits \u00ab d\u2019envergure nationale \u00bb, plusieurs<br \/>\norganisations environnementales d\u00e9noncent vigoureusement leur mise \u00e0 l\u2019\u00e9cart par le gouvernement de la commission parlementaire et demandent \u00e0 \u00eatre entendues. <\/p>","protected":false},"author":35,"featured_media":33209,"comment_status":"closed","ping_status":"open","sticky":false,"template":"","format":"standard","meta":{"footnotes":""},"categories":[5,3],"tags":[48,79,436],"class_list":["post-75600","post","type-post","status-publish","format-standard","has-post-thumbnail","hentry","category-communiques","category-actualites","tag-environnement","tag-pollution","tag-quebec"],"_links":{"self":[{"href":"https:\/\/fondationrivieres.org\/en\/wp-json\/wp\/v2\/posts\/75600","targetHints":{"allow":["GET"]}}],"collection":[{"href":"https:\/\/fondationrivieres.org\/en\/wp-json\/wp\/v2\/posts"}],"about":[{"href":"https:\/\/fondationrivieres.org\/en\/wp-json\/wp\/v2\/types\/post"}],"author":[{"embeddable":true,"href":"https:\/\/fondationrivieres.org\/en\/wp-json\/wp\/v2\/users\/35"}],"replies":[{"embeddable":true,"href":"https:\/\/fondationrivieres.org\/en\/wp-json\/wp\/v2\/comments?post=75600"}],"version-history":[{"count":19,"href":"https:\/\/fondationrivieres.org\/en\/wp-json\/wp\/v2\/posts\/75600\/revisions"}],"predecessor-version":[{"id":75619,"href":"https:\/\/fondationrivieres.org\/en\/wp-json\/wp\/v2\/posts\/75600\/revisions\/75619"}],"wp:featuredmedia":[{"embeddable":true,"href":"https:\/\/fondationrivieres.org\/en\/wp-json\/wp\/v2\/media\/33209"}],"wp:attachment":[{"href":"https:\/\/fondationrivieres.org\/en\/wp-json\/wp\/v2\/media?parent=75600"}],"wp:term":[{"taxonomy":"category","embeddable":true,"href":"https:\/\/fondationrivieres.org\/en\/wp-json\/wp\/v2\/categories?post=75600"},{"taxonomy":"post_tag","embeddable":true,"href":"https:\/\/fondationrivieres.org\/en\/wp-json\/wp\/v2\/tags?post=75600"}],"curies":[{"name":"wp","href":"https:\/\/api.w.org\/{rel}","templated":true}]}}