{"id":75492,"date":"2026-01-22T13:43:26","date_gmt":"2026-01-22T18:43:26","guid":{"rendered":"https:\/\/fondationrivieres.org\/?p=75492"},"modified":"2026-01-22T13:50:32","modified_gmt":"2026-01-22T18:50:32","slug":"bilan-climatique-gouvernement","status":"publish","type":"post","link":"https:\/\/fondationrivieres.org\/en\/bilan-climatique-gouvernement\/","title":{"rendered":"Le bilan climatique du gouvernement s\u2019\u00e9croule, d\u00e9plorent des organisations environnementales"},"content":{"rendered":"<div data-elementor-type=\"wp-post\" data-elementor-id=\"75492\" class=\"elementor elementor-75492\" data-elementor-post-type=\"post\">\n\t\t\t\t<div class=\"elementor-element elementor-element-67bc73e e-flex e-con-boxed e-con e-parent\" data-id=\"67bc73e\" data-element_type=\"container\" data-e-type=\"container\" data-settings=\"{&quot;jet_parallax_layout_list&quot;:[]}\">\n\t\t\t\t\t<div class=\"e-con-inner\">\n\t\t\t\t<div class=\"elementor-element elementor-element-51fb9eb elementor-widget elementor-widget-text-editor\" data-id=\"51fb9eb\" data-element_type=\"widget\" data-e-type=\"widget\" data-widget_type=\"text-editor.default\">\n\t\t\t\t<div class=\"elementor-widget-container\">\n\t\t\t\t\t\t\t\t\t<p style=\"text-align: right;\"><strong>Press release<\/strong><br \/><strong>\u00a0 Pour diffusion imm\u00e9diate<\/strong><\/p><p><strong>Montr\u00e9al, le 22 janvier 2026<\/strong> &#8211; Plusieurs organisations environnementales d\u00e9noncent le recul du gouvernement sur la cible climatique, qui va \u00e0 l\u2019encontre autant du consensus exprim\u00e9 lors des consultations de l\u2019Assembl\u00e9e nationale que des recommandations scientifiques. Le milieu environnemental appelle toutes les formations politiques \u00e0 renouer avec la responsabilit\u00e9 climatique et estime qu\u2019un changement de cap est n\u00e9cessaire afin de maintenir le leadership qu\u00e9b\u00e9cois en environnement.<\/p><p>\u00ab La cr\u00e9dibilit\u00e9 du gouvernement actuel en environnement s\u2019\u00e9croule. Au printemps dernier, nous avons salu\u00e9 sa d\u00e9fense du march\u00e9 du carbone qui constitue un pilier de notre politique de lutte aux changements climatiques. Or le recul sur la cible climatique fragilise la base m\u00eame du march\u00e9 du carbone et compromet la confiance des acteurs \u00e9conomiques envers<br \/>la gouvernance climatique du Qu\u00e9bec. Il faut corriger d\u2019extr\u00eame urgence ce signal incoh\u00e9rent et d\u00e9mobilisant \u00bb, d\u00e9clarent les organisations environnementales rassembl\u00e9es.<\/p><h2>Une d\u00e9cision irresponsable<\/h2><p>Les groupes tiennent \u00e0 rappeler qu\u2019une r\u00e9vision \u00e0 la baisse de nos cibles dans un contexte de crise climatique n\u2019est pas pragmatique. C\u2019est une d\u00e9cision irresponsable qui amplifie le fardeau sur les prochaines g\u00e9n\u00e9rations. <a href=\"https:\/\/fondationrivieres.org\/en\/bilan-2025-derive-autoritaire\/\">Opposer l&rsquo;environnement et l&rsquo;\u00e9conomie est un r\u00e9flexe d\u2019un autre \u00e2ge<\/a>.<\/p><p>Les organisations rappellent que chaque fraction de degr\u00e9 suppl\u00e9mentaire entra\u00eenera des ph\u00e9nom\u00e8nes m\u00e9t\u00e9orologiques extr\u00eames de plus en plus fr\u00e9quents et dangereux, entra\u00eenant des risques graves sur la sant\u00e9 et la s\u00e9curit\u00e9 de la population, et des co\u00fbts exorbitants pour les g\u00e9n\u00e9rations futures. \u00c0 l\u2019instar du <a href=\"https:\/\/www.quebec.ca\/nouvelles\/actualites\/details\/adaptation-aux-changements-climatiques-le-groupe-dexperts-a-remis-ses-recommandations-pour-agir-des-aujourdhui-56347\" target=\"_blank\" rel=\"noopener\">Groupe d\u2019experts en adaptation aux changements<\/a><br \/>climatiques et du Comit\u00e9 conseil sur les changements climatiques, les organisations rappellent qu\u2019il n\u2019y aura pas d\u2019\u00e9conomie prosp\u00e8re dans un monde o\u00f9 la sant\u00e9 et la s\u00e9curit\u00e9 seront compromises par un climat impr\u00e9visible.<\/p><p>\u00ab Tous les voyants sont au rouge. Alors que tout indique qu\u2019il est urgent d\u2019augmenter l\u2019ambition climatique du Qu\u00e9bec et d\u2019adopter des changements structurels pour y arriver, le gouvernement choisit de reculer. C\u2019est ajouter de l\u2019huile sur le feu pendant que la maison br\u00fble \u00bb, d\u00e9plorent les groupes.<\/p><h2>Un recul incompatible avec le respect de l\u2019Accord de Paris<\/h2><p>Rappelons que le ministre de l\u2019Environnement et de la Lutte contre les changements climatiques a tenu des consultations sur la cible climatique \u00e0 la fin de l\u2019automne dernier, tel que pr\u00e9vu par la Loi qu\u00e9b\u00e9coise sur l\u2019environnement. Or la loi pr\u00e9voit que cette cible \u00ab ne peut \u00eatre inf\u00e9rieure \u00e0 37,5% \u00bb.<\/p><p>\u00ab Repousser cette cible de cinq ans, alors m\u00eame que nous vivons d\u00e9j\u00e0 et payons d\u00e9j\u00e0 pour les cons\u00e9quences des d\u00e9r\u00e8glements climatiques, cela constitue un recul majeur et un renoncement \u00e0 l\u2019Accord de Paris, auquel le Qu\u00e9bec s\u2019est d\u00e9clar\u00e9 li\u00e9. D\u2019ailleurs, il y a \u00e0 peine quelques semaines, l\u2019Assembl\u00e9e nationale adoptait une motion transpartisane pour r\u00e9affirmer l\u2019engagement du Qu\u00e9bec envers cet accord fondamental \u00bb, rappellent les<br \/>organisations.<\/p><h2>Appel aux partis politique et aspirants premier ministre<\/h2><p>Le milieu environnemental appelle chaque formation politique et chaque personne aspirant \u00e0 assumer le r\u00f4le de premier ministre \u00e0 r\u00e9affirmer le leadership qu\u00e9b\u00e9cois en environnement.<\/p><p>\u00ab Rappelons que les Qu\u00e9b\u00e9coises et les Qu\u00e9b\u00e9cois sont massivement favorables \u00e0 une action climatique responsable. Sondage apr\u00e8s sondage, plus de 80% de la population demande des actions climatiques plus ambitieuses. Au Qu\u00e9bec, ce n\u2019est pas en proposant des reculs environnementaux qu\u2019on gagne ses \u00e9lections \u00bb, concluent les organisations.<\/p><h3>Signatory organizations<\/h3><ul><li>To live in town<\/li><li>Nature Quebec<\/li><li>SNAP Quebec<\/li><li>Centre qu\u00e9b\u00e9cois du droit en environnement (CQDE)<\/li><li>Regroupement national des Conseils r\u00e9gionaux de l\u2019environnement du Qu\u00e9bec<br \/>(RNCREQ)<\/li><li>Equiterre<\/li><li>David Suzuki Foundation<\/li><li>R\u00e9seau action climat Canada<\/li><li>Quebec Association of Physicians for the Environment (AQME)<\/li><li>Fondation Rivi\u00e8res<\/li><\/ul><p style=\"text-align: center;\">-30-<\/p><p><strong>Renseignements<\/strong><br \/>Anne-C\u00e9line Guyon, Analyste \u00c9nergie et climat<br \/>Nature Quebec<br \/>581-989-0815 | anne-celine.guyon@naturequebec.org<\/p>\t\t\t\t\t\t\t\t<\/div>\n\t\t\t\t<\/div>\n\t\t\t\t\t<\/div>\n\t\t\t\t<\/div>\n\t\t\t\t<\/div>","protected":false},"excerpt":{"rendered":"<p>Plusieurs organisations environnementales d\u00e9noncent le recul du gouvernement sur la cible climatique.<\/p>","protected":false},"author":35,"featured_media":75519,"comment_status":"closed","ping_status":"open","sticky":false,"template":"","format":"standard","meta":{"footnotes":""},"categories":[5,3],"tags":[48,79,436],"class_list":["post-75492","post","type-post","status-publish","format-standard","has-post-thumbnail","hentry","category-communiques","category-actualites","tag-environnement","tag-pollution","tag-quebec"],"_links":{"self":[{"href":"https:\/\/fondationrivieres.org\/en\/wp-json\/wp\/v2\/posts\/75492","targetHints":{"allow":["GET"]}}],"collection":[{"href":"https:\/\/fondationrivieres.org\/en\/wp-json\/wp\/v2\/posts"}],"about":[{"href":"https:\/\/fondationrivieres.org\/en\/wp-json\/wp\/v2\/types\/post"}],"author":[{"embeddable":true,"href":"https:\/\/fondationrivieres.org\/en\/wp-json\/wp\/v2\/users\/35"}],"replies":[{"embeddable":true,"href":"https:\/\/fondationrivieres.org\/en\/wp-json\/wp\/v2\/comments?post=75492"}],"version-history":[{"count":15,"href":"https:\/\/fondationrivieres.org\/en\/wp-json\/wp\/v2\/posts\/75492\/revisions"}],"predecessor-version":[{"id":75510,"href":"https:\/\/fondationrivieres.org\/en\/wp-json\/wp\/v2\/posts\/75492\/revisions\/75510"}],"wp:featuredmedia":[{"embeddable":true,"href":"https:\/\/fondationrivieres.org\/en\/wp-json\/wp\/v2\/media\/75519"}],"wp:attachment":[{"href":"https:\/\/fondationrivieres.org\/en\/wp-json\/wp\/v2\/media?parent=75492"}],"wp:term":[{"taxonomy":"category","embeddable":true,"href":"https:\/\/fondationrivieres.org\/en\/wp-json\/wp\/v2\/categories?post=75492"},{"taxonomy":"post_tag","embeddable":true,"href":"https:\/\/fondationrivieres.org\/en\/wp-json\/wp\/v2\/tags?post=75492"}],"curies":[{"name":"wp","href":"https:\/\/api.w.org\/{rel}","templated":true}]}}