{"id":75447,"date":"2026-01-19T11:18:23","date_gmt":"2026-01-19T16:18:23","guid":{"rendered":"https:\/\/fondationrivieres.org\/?p=75447"},"modified":"2026-01-19T14:26:21","modified_gmt":"2026-01-19T19:26:21","slug":"recit-expedition-riviere-mouchalagane","status":"publish","type":"post","link":"https:\/\/fondationrivieres.org\/en\/recit-expedition-riviere-mouchalagane\/","title":{"rendered":"R\u00e9cit d\u2019exp\u00e9dition sur la rivi\u00e8re Mouchalagane"},"content":{"rendered":"\t\t<div data-elementor-type=\"wp-post\" data-elementor-id=\"75447\" class=\"elementor elementor-75447\" data-elementor-post-type=\"post\">\n\t\t\t\t<div class=\"elementor-element elementor-element-07add30 e-flex e-con-boxed e-con e-parent\" data-id=\"07add30\" data-element_type=\"container\" data-e-type=\"container\" data-settings=\"{&quot;jet_parallax_layout_list&quot;:[]}\">\n\t\t\t\t\t<div class=\"e-con-inner\">\n\t\t\t\t<div class=\"elementor-element elementor-element-9c2202b elementor-widget elementor-widget-text-editor\" data-id=\"9c2202b\" data-element_type=\"widget\" data-e-type=\"widget\" data-widget_type=\"text-editor.default\">\n\t\t\t\t<div class=\"elementor-widget-container\">\n\t\t\t\t\t\t\t\t\t<p><em>En septembre 2025, un groupe d&rsquo;\u00e9tudiant.e.s du baccalaur\u00e9at en intervention plein air de l&rsquo;Universit\u00e9 du Qu\u00e9bec \u00e0 Chicoutimi sont partis en exp\u00e9dition sur plus d&rsquo;une centaine de kilom\u00e8tre sur la rivi\u00e8re Mouchalagane, situ\u00e9e sur la C\u00f4te-Nord, apr\u00e8s plus d&rsquo;un an de pr\u00e9paratifs. <\/em><em>Nous vous invitons \u00e0 lire le r\u00e9cit de cette exp\u00e9dition racont\u00e9e par <a href=\"https:\/\/www.facebook.com\/janiehele?__cft__[0]=AZZ6rfF9wmgGLfkh9D-1hAuScI-E-hNDDspDFww98MuN-wPY7mStJ6uiu4jVCNxkWky7pkZRXmtBNTPKiq9L2ikbtSj-tMyfcRj7-lqp2ThCbm3lxtuGdfPhOx5ii_5ttpuugUpwa9qL_rWEYF0TrkIS&amp;__tn__=-]K-R\" target=\"_blank\" rel=\"noopener nofollow noreferrer\">Janie Helen<\/a>, que nous remercions chaleureusement de nous avoir partag\u00e9 ainsi que ses clich\u00e9s.<\/em><\/p>\t\t\t\t\t\t\t\t<\/div>\n\t\t\t\t<\/div>\n\t\t\t\t\t<\/div>\n\t\t\t\t<\/div>\n\t\t<div class=\"elementor-element elementor-element-7f0d2f7 e-flex e-con-boxed e-con e-parent\" data-id=\"7f0d2f7\" data-element_type=\"container\" data-e-type=\"container\" data-settings=\"{&quot;jet_parallax_layout_list&quot;:[]}\">\n\t\t\t\t\t<div class=\"e-con-inner\">\n\t\t\t\t<div class=\"elementor-element elementor-element-699f84c elementor-widget elementor-widget-text-editor\" data-id=\"699f84c\" data-element_type=\"widget\" data-e-type=\"widget\" data-widget_type=\"text-editor.default\">\n\t\t\t\t<div class=\"elementor-widget-container\">\n\t\t\t\t\t\t\t\t\t<p dir=\"ltr\"><strong><em>Septembre 2025<\/em><\/strong><\/p><p dir=\"ltr\">C\u2019est une exp\u00e9dition qui repr\u00e9sente beaucoup pour les \u00e9tudiant.e.s du baccalaur\u00e9at en intervention plein air. Elle commence souvent comme un r\u00eave, parfois m\u00eame avant l\u2019inscription au programme. Pour plusieurs, c\u2019est l\u2019image qui donne envie de se lancer\u2026 une grande rivi\u00e8re nordique, un groupe soud\u00e9, une aventure qui marque la fin d\u2019un parcours universitaire. Pendant pr\u00e8s d\u2019un an, nous avons \u00e9t\u00e9 14 \u00e0 pr\u00e9parer cette exp\u00e9dition. Logistique, itin\u00e9raire, nourriture, financement, mais surtout pr\u00e9paration humaine et technique. On lui a donn\u00e9 \u00e9norm\u00e9ment de sens. Elle repr\u00e9sentait un aboutissement.<\/p><p dir=\"ltr\">Nous sommes partis un matin de septembre de l\u2019Universit\u00e9 de Chicoutimi, direction la C\u00f4te-Nord. Rapidement, le territoire impose l\u2019humilit\u00e9. Avant m\u00eame d\u2019atteindre la rivi\u00e8re, un ciel travers\u00e9 d\u2019aurores bor\u00e9ales nous faisait d\u00e9j\u00e0 sentir que nous quittions le monde organis\u00e9 de la ville pour entrer ailleurs.<\/p>\t\t\t\t\t\t\t\t<\/div>\n\t\t\t\t<\/div>\n\t\t\t\t<div class=\"elementor-element elementor-element-0d426d2 elementor-widget elementor-widget-image\" data-id=\"0d426d2\" data-element_type=\"widget\" data-e-type=\"widget\" data-widget_type=\"image.default\">\n\t\t\t\t<div class=\"elementor-widget-container\">\n\t\t\t\t\t\t\t\t\t\t\t\t<figure class=\"wp-caption\">\n\t\t\t\t\t\t\t\t\t\t<img fetchpriority=\"high\" decoding=\"async\" width=\"800\" height=\"600\" src=\"https:\/\/fondationrivieres.org\/wp-content\/uploads\/2026\/01\/IMG_82462-1024x768.jpg\" class=\"attachment-large size-large wp-image-75451\" alt=\"rivi\u00e8reMouchalagane\" srcset=\"https:\/\/fondationrivieres.org\/wp-content\/uploads\/2026\/01\/IMG_82462-1024x768.jpg 1024w, https:\/\/fondationrivieres.org\/wp-content\/uploads\/2026\/01\/IMG_82462-300x225.jpg 300w, https:\/\/fondationrivieres.org\/wp-content\/uploads\/2026\/01\/IMG_82462-768x576.jpg 768w, https:\/\/fondationrivieres.org\/wp-content\/uploads\/2026\/01\/IMG_82462-1536x1152.jpg 1536w, https:\/\/fondationrivieres.org\/wp-content\/uploads\/2026\/01\/IMG_82462-2048x1536.jpg 2048w, https:\/\/fondationrivieres.org\/wp-content\/uploads\/2026\/01\/IMG_82462-16x12.jpg 16w\" sizes=\"(max-width: 800px) 100vw, 800px\" \/>\t\t\t\t\t\t\t\t\t\t\t<figcaption class=\"widget-image-caption wp-caption-text\">Cr\u00e9dit photo Janie Helen<\/figcaption>\n\t\t\t\t\t\t\t\t\t\t<\/figure>\n\t\t\t\t\t\t\t\t\t<\/div>\n\t\t\t\t<\/div>\n\t\t\t\t<div class=\"elementor-element elementor-element-6fd959d elementor-widget elementor-widget-text-editor\" data-id=\"6fd959d\" data-element_type=\"widget\" data-e-type=\"widget\" data-widget_type=\"text-editor.default\">\n\t\t\t\t<div class=\"elementor-widget-container\">\n\t\t\t\t\t\t\t\t\t<p>Le lendemain, un hydravion nous a d\u00e9pos\u00e9s au lac du Sommet, point de d\u00e9part de plusieurs grandes rivi\u00e8res nordiques. En quarante minutes de vol, on comprend vite \u00e0 quel point nous sommes petits face \u00e0 ce territoire immense qu\u2019on survol. Quand les flotteurs ont touch\u00e9 l\u2019eau, l\u2019exp\u00e9dition commen\u00e7ait vraiment.<\/p>\t\t\t\t\t\t\t\t<\/div>\n\t\t\t\t<\/div>\n\t\t\t\t<div class=\"elementor-element elementor-element-939114d elementor-widget elementor-widget-image\" data-id=\"939114d\" data-element_type=\"widget\" data-e-type=\"widget\" data-widget_type=\"image.default\">\n\t\t\t\t<div class=\"elementor-widget-container\">\n\t\t\t\t\t\t\t\t\t\t\t\t<figure class=\"wp-caption\">\n\t\t\t\t\t\t\t\t\t\t<img decoding=\"async\" width=\"683\" height=\"1024\" src=\"https:\/\/fondationrivieres.org\/wp-content\/uploads\/2026\/01\/JAN04745-683x1024.jpg\" class=\"attachment-large size-large wp-image-75452\" alt=\"hydravion rivi\u00e8re Mouchalagane\" srcset=\"https:\/\/fondationrivieres.org\/wp-content\/uploads\/2026\/01\/JAN04745-683x1024.jpg 683w, https:\/\/fondationrivieres.org\/wp-content\/uploads\/2026\/01\/JAN04745-200x300.jpg 200w, https:\/\/fondationrivieres.org\/wp-content\/uploads\/2026\/01\/JAN04745-768x1152.jpg 768w, https:\/\/fondationrivieres.org\/wp-content\/uploads\/2026\/01\/JAN04745-1024x1536.jpg 1024w, https:\/\/fondationrivieres.org\/wp-content\/uploads\/2026\/01\/JAN04745-1365x2048.jpg 1365w, https:\/\/fondationrivieres.org\/wp-content\/uploads\/2026\/01\/JAN04745-8x12.jpg 8w, https:\/\/fondationrivieres.org\/wp-content\/uploads\/2026\/01\/JAN04745-scaled.jpg 1707w\" sizes=\"(max-width: 683px) 100vw, 683px\" \/>\t\t\t\t\t\t\t\t\t\t\t<figcaption class=\"widget-image-caption wp-caption-text\">Cr\u00e9dit photo Janie Helen<\/figcaption>\n\t\t\t\t\t\t\t\t\t\t<\/figure>\n\t\t\t\t\t\t\t\t\t<\/div>\n\t\t\t\t<\/div>\n\t\t\t\t<div class=\"elementor-element elementor-element-44683d4 elementor-widget elementor-widget-text-editor\" data-id=\"44683d4\" data-element_type=\"widget\" data-e-type=\"widget\" data-widget_type=\"text-editor.default\">\n\t\t\t\t<div class=\"elementor-widget-container\">\n\t\t\t\t\t\t\t\t\t<p dir=\"ltr\">Tr\u00e8s vite, la rivi\u00e8re a commenc\u00e9 \u00e0 nous tester. Le vent de face, d\u2019abord. Des heures \u00e0 pagayer sans avancer, \u00e0 se faire repousser contre les roches, \u00e0 accepter qu\u2019il fallait parfois d\u00e9barquer et haler plut\u00f4t que forcer. \u00c0 cela s\u2019est ajout\u00e9e une m\u00e9t\u00e9o peu cl\u00e9mente. Sept jours cons\u00e9cutifs de pluie. Heureusement, les soupers que l\u2019on r\u00e9hydrataient les soirs \u00e9taient chauds et r\u00e9confortants. Tant\u00f4t mac and cheese trois fromages et saucisson grill\u00e9, en g\u00e9n\u00e9reuses quantit\u00e9s, tant\u00f4t un bon pad tha\u00ef au beurre de peanut et tofu.<\/p><p dir=\"ltr\">La faune ne tarderait pas \u00e0 s\u2019imposer elle aussi. Une m\u00e8re ourse et ses deux petits nous ont bloqu\u00e9 le passage au d\u00e9tour d\u2019un rapide. Deux heures d\u2019attente, de strat\u00e9gies improvis\u00e9es, de c\u0153urs qui battent trop vite. Finalement, nous avons descendu le rapide, nerveux, concentr\u00e9s. Cette nuit-l\u00e0, le sommeil a \u00e9t\u00e9 plus l\u00e9ger. Chacun esp\u00e9rait secr\u00e8tement que l\u2019ours resterait loin.<\/p>\t\t\t\t\t\t\t\t<\/div>\n\t\t\t\t<\/div>\n\t\t\t\t<div class=\"elementor-element elementor-element-3666ff6 elementor-widget elementor-widget-image\" data-id=\"3666ff6\" data-element_type=\"widget\" data-e-type=\"widget\" data-widget_type=\"image.default\">\n\t\t\t\t<div class=\"elementor-widget-container\">\n\t\t\t\t\t\t\t\t\t\t\t\t<figure class=\"wp-caption\">\n\t\t\t\t\t\t\t\t\t\t<img decoding=\"async\" width=\"800\" height=\"1000\" src=\"https:\/\/fondationrivieres.org\/wp-content\/uploads\/2026\/01\/JAN05031-819x1024.jpg\" class=\"attachment-large size-large wp-image-75453\" alt=\"ours rivi\u00e8re Mouchalagane\" srcset=\"https:\/\/fondationrivieres.org\/wp-content\/uploads\/2026\/01\/JAN05031-819x1024.jpg 819w, https:\/\/fondationrivieres.org\/wp-content\/uploads\/2026\/01\/JAN05031-240x300.jpg 240w, https:\/\/fondationrivieres.org\/wp-content\/uploads\/2026\/01\/JAN05031-768x960.jpg 768w, https:\/\/fondationrivieres.org\/wp-content\/uploads\/2026\/01\/JAN05031-1229x1536.jpg 1229w, https:\/\/fondationrivieres.org\/wp-content\/uploads\/2026\/01\/JAN05031-1638x2048.jpg 1638w, https:\/\/fondationrivieres.org\/wp-content\/uploads\/2026\/01\/JAN05031-10x12.jpg 10w, https:\/\/fondationrivieres.org\/wp-content\/uploads\/2026\/01\/JAN05031.jpg 1728w\" sizes=\"(max-width: 800px) 100vw, 800px\" \/>\t\t\t\t\t\t\t\t\t\t\t<figcaption class=\"widget-image-caption wp-caption-text\">Cr\u00e9dit photo Janie Helen<\/figcaption>\n\t\t\t\t\t\t\t\t\t\t<\/figure>\n\t\t\t\t\t\t\t\t\t<\/div>\n\t\t\t\t<\/div>\n\t\t\t\t<div class=\"elementor-element elementor-element-545bf84 elementor-widget elementor-widget-text-editor\" data-id=\"545bf84\" data-element_type=\"widget\" data-e-type=\"widget\" data-widget_type=\"text-editor.default\">\n\t\t\t\t<div class=\"elementor-widget-container\">\n\t\t\t\t\t\t\t\t\t<p>Les jours suivants ont \u00e9t\u00e9 plus froids, plus humides. Tout \u00e9tait mouill\u00e9, les v\u00eatements, les sleeping (cens\u00e9s \u00eatre notre refuge sec et confortable) et parfois aussi le moral, un peu froiss\u00e9. La rivi\u00e8re devenait plus technique. Cordelles, halages, presque-accidents. Un matin, apr\u00e8s une s\u00e9rie de frayeurs, on s\u2019est arr\u00eat\u00e9s pour parler. Dire qu\u2019on avait froid. Qu\u2019on \u00e9tait fatigu\u00e9s. Que continuer sans s\u2019\u00e9couter, c\u2019\u00e9tait risquer l\u2019erreur de trop. Ce moment-l\u00e0 a tout chang\u00e9. On a ralenti, on s\u2019est ajust\u00e9s et on est repartis ensemble.<\/p>\t\t\t\t\t\t\t\t<\/div>\n\t\t\t\t<\/div>\n\t\t\t\t<div class=\"elementor-element elementor-element-1ece954 elementor-widget elementor-widget-image\" data-id=\"1ece954\" data-element_type=\"widget\" data-e-type=\"widget\" data-widget_type=\"image.default\">\n\t\t\t\t<div class=\"elementor-widget-container\">\n\t\t\t\t\t\t\t\t\t\t\t\t<figure class=\"wp-caption\">\n\t\t\t\t\t\t\t\t\t\t<img loading=\"lazy\" decoding=\"async\" width=\"800\" height=\"534\" src=\"https:\/\/fondationrivieres.org\/wp-content\/uploads\/2026\/01\/JAN05050-1024x683.jpg\" class=\"attachment-large size-large wp-image-75455\" alt=\"cordelle rivi\u00e8re Mouchalagane\" srcset=\"https:\/\/fondationrivieres.org\/wp-content\/uploads\/2026\/01\/JAN05050-1024x683.jpg 1024w, https:\/\/fondationrivieres.org\/wp-content\/uploads\/2026\/01\/JAN05050-300x200.jpg 300w, https:\/\/fondationrivieres.org\/wp-content\/uploads\/2026\/01\/JAN05050-768x512.jpg 768w, https:\/\/fondationrivieres.org\/wp-content\/uploads\/2026\/01\/JAN05050-1536x1024.jpg 1536w, https:\/\/fondationrivieres.org\/wp-content\/uploads\/2026\/01\/JAN05050-2048x1365.jpg 2048w, https:\/\/fondationrivieres.org\/wp-content\/uploads\/2026\/01\/JAN05050-18x12.jpg 18w\" sizes=\"(max-width: 800px) 100vw, 800px\" \/>\t\t\t\t\t\t\t\t\t\t\t<figcaption class=\"widget-image-caption wp-caption-text\">Cr\u00e9dit photo Janie Helen<\/figcaption>\n\t\t\t\t\t\t\t\t\t\t<\/figure>\n\t\t\t\t\t\t\t\t\t<\/div>\n\t\t\t\t<\/div>\n\t\t\t\t<div class=\"elementor-element elementor-element-d0723e3 elementor-widget elementor-widget-text-editor\" data-id=\"d0723e3\" data-element_type=\"widget\" data-e-type=\"widget\" data-widget_type=\"text-editor.default\">\n\t\t\t\t<div class=\"elementor-widget-container\">\n\t\t\t\t\t\t\t\t\t<p dir=\"ltr\">Peu \u00e0 peu, notre relation avec la Mouchalagane s\u2019est transform\u00e9e. Elle n\u2019\u00e9tait plus un obstacle \u00e0 franchir, mais une partenaire exigeante. Une rivi\u00e8re souvent d\u00e9crite comme dangereuse, inaccessible. Et pourtant, en l\u2019abordant avec respect, patience et humilit\u00e9, elle nous a offert une navigation fluide, parfois m\u00eame douce.<\/p><p dir=\"ltr\">Il y a eu des moments de r\u00e9pit et d\u2019\u00e9merveillement. Une journ\u00e9e enti\u00e8re de soleil pour faire s\u00e9cher l\u2019\u00e9quipement. Une voile mont\u00e9e \u00e0 partir d\u2019une b\u00e2che, port\u00e9e par le vent. Quelqu\u2019un jouait de l\u2019harmonica, un autre lisait de la po\u00e9sie sur le territoire. Un moment magique. Des rapides franchis proprement. Un matin givr\u00e9, o\u00f9 la lumi\u00e8re faisait scintiller les tentes comme du cristal, au point o\u00f9 il fallait verser de l\u2019eau bouillante dans les bas de n\u00e9opr\u00e8ne pour pouvoir les enfiler. Des rires autour d\u2019un pain bannique encore chaud. Et des silences pleins, habit\u00e9s.<\/p>\t\t\t\t\t\t\t\t<\/div>\n\t\t\t\t<\/div>\n\t\t\t\t<div class=\"elementor-element elementor-element-ff37724 elementor-widget elementor-widget-image\" data-id=\"ff37724\" data-element_type=\"widget\" data-e-type=\"widget\" data-widget_type=\"image.default\">\n\t\t\t\t<div class=\"elementor-widget-container\">\n\t\t\t\t\t\t\t\t\t\t\t\t<figure class=\"wp-caption\">\n\t\t\t\t\t\t\t\t\t\t<img loading=\"lazy\" decoding=\"async\" width=\"683\" height=\"1024\" src=\"https:\/\/fondationrivieres.org\/wp-content\/uploads\/2026\/01\/JAN05069-683x1024.jpg\" class=\"attachment-large size-large wp-image-75454\" alt=\"rivi\u00e8re Mouchalagane\" srcset=\"https:\/\/fondationrivieres.org\/wp-content\/uploads\/2026\/01\/JAN05069-683x1024.jpg 683w, https:\/\/fondationrivieres.org\/wp-content\/uploads\/2026\/01\/JAN05069-200x300.jpg 200w, https:\/\/fondationrivieres.org\/wp-content\/uploads\/2026\/01\/JAN05069-768x1152.jpg 768w, https:\/\/fondationrivieres.org\/wp-content\/uploads\/2026\/01\/JAN05069-1024x1536.jpg 1024w, https:\/\/fondationrivieres.org\/wp-content\/uploads\/2026\/01\/JAN05069-1365x2048.jpg 1365w, https:\/\/fondationrivieres.org\/wp-content\/uploads\/2026\/01\/JAN05069-8x12.jpg 8w, https:\/\/fondationrivieres.org\/wp-content\/uploads\/2026\/01\/JAN05069-scaled.jpg 1707w\" sizes=\"(max-width: 683px) 100vw, 683px\" \/>\t\t\t\t\t\t\t\t\t\t\t<figcaption class=\"widget-image-caption wp-caption-text\">Cr\u00e9dit photo Janie Helen<\/figcaption>\n\t\t\t\t\t\t\t\t\t\t<\/figure>\n\t\t\t\t\t\t\t\t\t<\/div>\n\t\t\t\t<\/div>\n\t\t\t\t<div class=\"elementor-element elementor-element-7625ab6 elementor-widget elementor-widget-text-editor\" data-id=\"7625ab6\" data-element_type=\"widget\" data-e-type=\"widget\" data-widget_type=\"text-editor.default\">\n\t\t\t\t<div class=\"elementor-widget-container\">\n\t\t\t\t\t\t\t\t\t<p dir=\"ltr\">Puis la rivi\u00e8re s\u2019est \u00e9largie, le courant s\u2019est calm\u00e9. Nous sommes entr\u00e9s sur le R\u00e9servoir Manicouagan avec un pincement au c\u0153ur, comme si nous laissions derri\u00e8re nous quelqu\u2019un qui nous avait profond\u00e9ment marqu\u00e9s. La Mouchalagane nous avait bouscul\u00e9s, rassembl\u00e9s, transform\u00e9s.<\/p><p dir=\"ltr\">Sur papier, nous avons parcouru environ 130 kilom\u00e8tres. Mais ce chiffre ne dit rien de l\u2019essentiel. Ce que nous avons travers\u00e9 d\u00e9passe largement la distance. Cette rivi\u00e8re nous a appris \u00e0 \u00e9couter, \u00e0 ralentir, \u00e0 faire confiance au groupe, au territoire, au vivant.<\/p>\t\t\t\t\t\t\t\t<\/div>\n\t\t\t\t<\/div>\n\t\t\t\t<div class=\"elementor-element elementor-element-4ac20c3 elementor-widget elementor-widget-image\" data-id=\"4ac20c3\" data-element_type=\"widget\" data-e-type=\"widget\" data-widget_type=\"image.default\">\n\t\t\t\t<div class=\"elementor-widget-container\">\n\t\t\t\t\t\t\t\t\t\t\t\t<figure class=\"wp-caption\">\n\t\t\t\t\t\t\t\t\t\t<img loading=\"lazy\" decoding=\"async\" width=\"800\" height=\"534\" src=\"https:\/\/fondationrivieres.org\/wp-content\/uploads\/2026\/01\/JAN05867-1024x683.jpg\" class=\"attachment-large size-large wp-image-75456\" alt=\"paysage Mouchalagane\" srcset=\"https:\/\/fondationrivieres.org\/wp-content\/uploads\/2026\/01\/JAN05867-1024x683.jpg 1024w, https:\/\/fondationrivieres.org\/wp-content\/uploads\/2026\/01\/JAN05867-300x200.jpg 300w, https:\/\/fondationrivieres.org\/wp-content\/uploads\/2026\/01\/JAN05867-768x512.jpg 768w, https:\/\/fondationrivieres.org\/wp-content\/uploads\/2026\/01\/JAN05867-1536x1024.jpg 1536w, https:\/\/fondationrivieres.org\/wp-content\/uploads\/2026\/01\/JAN05867-2048x1365.jpg 2048w, https:\/\/fondationrivieres.org\/wp-content\/uploads\/2026\/01\/JAN05867-18x12.jpg 18w\" sizes=\"(max-width: 800px) 100vw, 800px\" \/>\t\t\t\t\t\t\t\t\t\t\t<figcaption class=\"widget-image-caption wp-caption-text\">Cr\u00e9dit photo Janie Helen<\/figcaption>\n\t\t\t\t\t\t\t\t\t\t<\/figure>\n\t\t\t\t\t\t\t\t\t<\/div>\n\t\t\t\t<\/div>\n\t\t\t\t<div class=\"elementor-element elementor-element-2a94bc7 elementor-widget elementor-widget-text-editor\" data-id=\"2a94bc7\" data-element_type=\"widget\" data-e-type=\"widget\" data-widget_type=\"text-editor.default\">\n\t\t\t\t<div class=\"elementor-widget-container\">\n\t\t\t\t\t\t\t\t\t<p dir=\"ltr\">Des rivi\u00e8res comme la Mouchalagane ne sont pas que des voies d\u2019eau. Ce sont des milieux d\u2019apprentissage, de transformation, de transmission. Les prot\u00e9ger, au-del\u00e0 du paysage, c\u2019est maintenir vivante la possibilit\u00e9 de former des personnes conscientes, humbles et profond\u00e9ment li\u00e9es au territoire. Tant que ces rivi\u00e8res restent libres, elles continueront d\u2019enseigner.<\/p><p dir=\"ltr\">Merci, Mouchalagane.<\/p>\t\t\t\t\t\t\t\t<\/div>\n\t\t\t\t<\/div>\n\t\t\t\t<div class=\"elementor-element elementor-element-3506549 elementor-widget elementor-widget-text-editor\" data-id=\"3506549\" data-element_type=\"widget\" data-e-type=\"widget\" data-widget_type=\"text-editor.default\">\n\t\t\t\t<div class=\"elementor-widget-container\">\n\t\t\t\t\t\t\t\t\t<p><em>La Fondation Rivi\u00e8res souhaite remercier <a href=\"https:\/\/www.janiehelen.com\/\" target=\"_blank\" rel=\"noopener\">Janie Helen<\/a> pour nous avoir partag\u00e9 le texte et les photos de l&rsquo;exp\u00e9dition de son groupe sur la rivi\u00e8re Mouchalagane.<\/em><\/p><p><em>Envie de lire d&rsquo;autres r\u00e9cits de voyage ? <a href=\"https:\/\/fondationrivieres.org\/category\/chroniques\/\">Consultez nos chroniques ici<\/a>.<\/em><\/p>\t\t\t\t\t\t\t\t<\/div>\n\t\t\t\t<\/div>\n\t\t\t\t\t<\/div>\n\t\t\t\t<\/div>\n\t\t\t\t<\/div>\n\t\t","protected":false},"excerpt":{"rendered":"<p>C\u2019est une exp\u00e9dition qui repr\u00e9sente beaucoup pour les \u00e9tudiant.e.s du baccalaur\u00e9at en intervention plein air. Elle commence souvent comme un r\u00eave, parfois m\u00eame avant l\u2019inscription au programme. Pour plusieurs, c\u2019est l\u2019image qui donne envie de se lancer\u2026 une grande rivi\u00e8re nordique, un groupe soud\u00e9, une aventure qui marque la fin d\u2019un parcours universitaire.<\/p>","protected":false},"author":35,"featured_media":75448,"comment_status":"closed","ping_status":"open","sticky":false,"template":"","format":"standard","meta":{"footnotes":""},"categories":[4],"tags":[19],"class_list":["post-75447","post","type-post","status-publish","format-standard","has-post-thumbnail","hentry","category-chroniques","tag-baignade"],"_links":{"self":[{"href":"https:\/\/fondationrivieres.org\/en\/wp-json\/wp\/v2\/posts\/75447","targetHints":{"allow":["GET"]}}],"collection":[{"href":"https:\/\/fondationrivieres.org\/en\/wp-json\/wp\/v2\/posts"}],"about":[{"href":"https:\/\/fondationrivieres.org\/en\/wp-json\/wp\/v2\/types\/post"}],"author":[{"embeddable":true,"href":"https:\/\/fondationrivieres.org\/en\/wp-json\/wp\/v2\/users\/35"}],"replies":[{"embeddable":true,"href":"https:\/\/fondationrivieres.org\/en\/wp-json\/wp\/v2\/comments?post=75447"}],"version-history":[{"count":23,"href":"https:\/\/fondationrivieres.org\/en\/wp-json\/wp\/v2\/posts\/75447\/revisions"}],"predecessor-version":[{"id":75483,"href":"https:\/\/fondationrivieres.org\/en\/wp-json\/wp\/v2\/posts\/75447\/revisions\/75483"}],"wp:featuredmedia":[{"embeddable":true,"href":"https:\/\/fondationrivieres.org\/en\/wp-json\/wp\/v2\/media\/75448"}],"wp:attachment":[{"href":"https:\/\/fondationrivieres.org\/en\/wp-json\/wp\/v2\/media?parent=75447"}],"wp:term":[{"taxonomy":"category","embeddable":true,"href":"https:\/\/fondationrivieres.org\/en\/wp-json\/wp\/v2\/categories?post=75447"},{"taxonomy":"post_tag","embeddable":true,"href":"https:\/\/fondationrivieres.org\/en\/wp-json\/wp\/v2\/tags?post=75447"}],"curies":[{"name":"wp","href":"https:\/\/api.w.org\/{rel}","templated":true}]}}