{"id":75334,"date":"2026-01-13T13:16:54","date_gmt":"2026-01-13T18:16:54","guid":{"rendered":"https:\/\/fondationrivieres.org\/?p=75334"},"modified":"2026-01-15T17:42:10","modified_gmt":"2026-01-15T22:42:10","slug":"fondation-rivieres-inondations-solutions","status":"publish","type":"post","link":"https:\/\/fondationrivieres.org\/en\/fondation-rivieres-inondations-solutions\/","title":{"rendered":"Sept municipalit\u00e9s se mobilisent avec la Fondation Rivi\u00e8res pour r\u00e9duire les impacts des inondations"},"content":{"rendered":"<div data-elementor-type=\"wp-post\" data-elementor-id=\"75334\" class=\"elementor elementor-75334\" data-elementor-post-type=\"post\">\n\t\t\t\t<div class=\"elementor-element elementor-element-c158b83 e-flex e-con-boxed e-con e-parent\" data-id=\"c158b83\" data-element_type=\"container\" data-e-type=\"container\" data-settings=\"{&quot;jet_parallax_layout_list&quot;:[]}\">\n\t\t\t\t\t<div class=\"e-con-inner\">\n\t\t\t\t<div class=\"elementor-element elementor-element-28f3280 elementor-widget elementor-widget-text-editor\" data-id=\"28f3280\" data-element_type=\"widget\" data-e-type=\"widget\" data-widget_type=\"text-editor.default\">\n\t\t\t\t<div class=\"elementor-widget-container\">\n\t\t\t\t\t\t\t\t\t<p class=\"has-text-align-right\" style=\"text-align: right;\"><strong>PRESS RELEASE<\/strong><\/p><p class=\"has-text-align-right\" style=\"text-align: right;\"><strong>FOR IMMEDIATE RELEASE<\/strong><\/p>\t\t\t\t\t\t\t\t<\/div>\n\t\t\t\t<\/div>\n\t\t\t\t<div class=\"elementor-element elementor-element-d0ff460 elementor-widget elementor-widget-text-editor\" data-id=\"d0ff460\" data-element_type=\"widget\" data-e-type=\"widget\" data-widget_type=\"text-editor.default\">\n\t\t\t\t<div class=\"elementor-widget-container\">\n\t\t\t\t\t\t\t\t\t<p><b>Montr\u00e9al, le 13 janvier 2026<\/b><span style=\"font-weight: 400;\"> &#8211; Sept MRC et municipalit\u00e9s s\u2019associent avec la Fondation Rivi\u00e8res pour d\u00e9ployer <\/span><i><span style=\"font-weight: 400;\">Solutions Rivi\u00e8res<\/span><\/i><span style=\"font-weight: 400;\">, une d\u00e9marche sur trois ans qui consiste \u00e0 \u00e9laborer avec les citoyens et les \u00e9lus des solutions p\u00e9rennes d\u2019adaptation des territoires riverains aux inondations et \u00e0 l\u2019\u00e9rosion.<\/span><\/p><p><i><span style=\"font-weight: 400;\">Solutions Rivi\u00e8res<\/span><\/i><span style=\"font-weight: 400;\"> repose sur l\u2019id\u00e9e qu\u2019il faut apprendre \u00e0 vivre avec nos rivi\u00e8res et leurs fluctuations naturelles pour mieux habiter le territoire. Les citoyens qui subissent les cons\u00e9quences des inondations et de l\u2019\u00e9rosion seront invit\u00e9s \u00e0 participer \u00e0 des ateliers pour conjuguer contraintes, espoirs et solutions concr\u00e8tes afin de b\u00e2tir des strat\u00e9gies adapt\u00e9es aux r\u00e9alit\u00e9s des MRC et municipalit\u00e9s participantes : Victoriaville, Val-David, MRC de Nicolet-Yamaska, MRC de Maskinong\u00e9, MRC de Beauce-Centre, MRC de Bonaventure et MRC de Matawinie.<\/span><\/p><p><span style=\"font-weight: 400;\">\u201c<\/span><i><span style=\"font-weight: 400;\"> Les municipalit\u00e9s partenaires s\u2019engagent dans cette d\u00e9marche novatrice en misant sur la participation citoyenne comme moteur du changement. Nous croyons, \u00e0 la Fondation Rivi\u00e8res, que les premiers affect\u00e9s doivent faire partie de la solution<\/span><\/i><span style=\"font-weight: 400;\"> \u00bb, souligne Andr\u00e9 B\u00e9langer, directeur g\u00e9n\u00e9ral de la Fondation Rivi\u00e8res.<\/span><\/p><p><span style=\"font-weight: 400;\">\u00ab\u2009 <\/span><i><span style=\"font-weight: 400;\">Face aux changements climatiques, nous n\u2019avons pas le choix d\u2019agir. Nous refusons la passivit\u00e9, mais nous savons qu\u2019aucune solution ne sera durable si elle n\u2019int\u00e8gre pas la r\u00e9alit\u00e9 v\u00e9cue par les citoyens. C\u2019est pourquoi leur implication est absolument essentielle \u2009<\/span><\/i><span style=\"font-weight: 400;\">\u00bb, exprime la pr\u00e9f\u00e8te et mairesse de Nicolet, Mme Genevi\u00e8ve Dubois.<\/span><\/p><p><i><span style=\"font-weight: 400;\">\u00ab Face aux changements climatiques, il y a urgence d&rsquo;agir. C&rsquo;est dans nos grandes priorit\u00e9s d&rsquo;\u00e9tablir un plan d&rsquo;action climatique, d&rsquo;associer Val-David \u00e0 un conseiller scientifique et de cr\u00e9er un comit\u00e9 citoyen en environnement. Nous pensons que l\u2019implication citoyenne est imp\u00e9rative pour trouver des solutions durables, en phase avec la r\u00e9alit\u00e9 des citoyens \u00bb, <\/span><\/i><span style=\"font-weight: 400;\">d\u00e9clare Jean-Claude Rocheleau, maire de Val-David.<\/span><\/p><p><span style=\"font-weight: 400;\">\u201c<\/span><i><span style=\"font-weight: 400;\"> Les changements climatiques nous obligent \u00e0 agir diff\u00e9remment. La collaboration entre la MRC de Maskinong\u00e9 et la Fondation Rivi\u00e8res marque une \u00e9tape importante vers une meilleure adaptation de nos milieux. Les \u00e9v\u00e9nements des derni\u00e8res ann\u00e9es nous rappellent l\u2019importance de repenser notre relation avec nos cours d\u2019eau. En misant sur la science et la participation citoyenne, nous faisons le choix d\u2019un avenir plus r\u00e9silient pour notre territoire et nos communaut\u00e9s <\/span><\/i><span style=\"font-weight: 400;\">\u00bb, mentionne M. R\u00e9jean Carle, pr\u00e9fet de la MRC de Maskinong\u00e9 et maire de Sainte-Ursule.<\/span><\/p><p><i><span style=\"font-weight: 400;\">\u00ab Devant les changements climatiques, l\u2019action s\u2019impose et devient source de possibilit\u00e9s. Rester passif serait une erreur dans les circonstances actuelles et la prise en compte de l\u2019exp\u00e9rience citoyenne, par leur r\u00e9alit\u00e9 v\u00e9cue, sera assur\u00e9ment b\u00e9n\u00e9fique au projet \u00bb, <\/span><\/i><span style=\"font-weight: 400;\">d\u00e9clare M. \u00c9ric Dub\u00e9, pr\u00e9fet de la MRC de Bonaventure et maire de la ville de New Richmond.<\/span><\/p><p><span style=\"font-weight: 400;\">\u201c <\/span><i><span style=\"font-weight: 400;\">Cette d\u00e9marche s\u2019inscrit pleinement dans les orientations de notre plan d\u2019adaptation aux changements climatiques. Nous souhaitons mettre en place des solutions concr\u00e8tes, fond\u00e9es sur l\u2019\u00e9coute et la prise en compte des r\u00e9alit\u00e9s v\u00e9cues par la population<\/span><\/i><span style=\"font-weight: 400;\"> \u00bb, explique Vincent Bourassa, maire de Victoriaville.<\/span><\/p><p><span style=\"font-weight: 400;\">\u201c <\/span><i><span style=\"font-weight: 400;\">Nos cours d\u2019eau sont reconnus pour leur impr\u00e9visibilit\u00e9 et cette r\u00e9alit\u00e9 s\u2019accentue avec les changements climatiques. Pour relever ce d\u00e9fi, il est essentiel de bien conna\u00eetre notre territoire afin de d\u00e9velopper des solutions porteuses. Ce projet repose sur la concertation et la mobilisation des diff\u00e9rents acteurs, car c\u2019est ensemble que nous y arriverons <\/span><\/i><span style=\"font-weight: 400;\">\u00bb, affirme Marcelle Paradis, directrice g\u00e9n\u00e9rale int\u00e9rimaire de la MRC de Beauce-Centre.<\/span><\/p><p><i><span style=\"font-weight: 400;\">\u00ab Les rives des lacs et des cours d\u2019eau sont des milieux de vie importants en Matawinie. Il va sans dire que les nombreux al\u00e9as climatiques ont eu de grands impacts pour les municipalit\u00e9s locales et les citoyens au cours des derni\u00e8res ann\u00e9es. Toutes initiatives visant \u00e0 am\u00e9liorer la connaissance du territoire, la pr\u00e9visibilit\u00e9 des al\u00e9as et l\u2019adaptation aux changements climatiques doivent \u00eatre au c\u0153ur de nos priorit\u00e9s d\u2019actions. La MRC de Matawinie est heureuse de s\u2019associer \u00e0 la Fondation Rivi\u00e8res pour identifier des solutions p\u00e9rennes d\u2019adaptation aux inondations \u00bb, <\/span><\/i><span style=\"font-weight: 400;\">d\u00e9clare Isabelle Perrault, pr\u00e9fet de la MRC de Matawinie.<\/span><\/p>\t\t\t\t\t\t\t\t<\/div>\n\t\t\t\t<\/div>\n\t\t\t\t\t<\/div>\n\t\t\t\t<\/div>\n\t\t<div class=\"elementor-element elementor-element-8b5ad3d e-flex e-con-boxed e-con e-parent\" data-id=\"8b5ad3d\" data-element_type=\"container\" data-e-type=\"container\" data-settings=\"{&quot;jet_parallax_layout_list&quot;:[]}\">\n\t\t\t\t\t<div class=\"e-con-inner\">\n\t\t\t\t<div class=\"elementor-element elementor-element-82c79d8 elementor-widget elementor-widget-heading\" data-id=\"82c79d8\" data-element_type=\"widget\" data-e-type=\"widget\" data-widget_type=\"heading.default\">\n\t\t\t\t<div class=\"elementor-widget-container\">\n\t\t\t\t\t<h2 class=\"elementor-heading-title elementor-size-default\">Un projet qui s\u2019appuie sur la science et l\u2019exp\u00e9rience<\/h2>\t\t\t\t<\/div>\n\t\t\t\t<\/div>\n\t\t\t\t<div class=\"elementor-element elementor-element-2a57aab elementor-widget elementor-widget-text-editor\" data-id=\"2a57aab\" data-element_type=\"widget\" data-e-type=\"widget\" data-widget_type=\"text-editor.default\">\n\t\t\t\t<div class=\"elementor-widget-container\">\n\t\t\t\t\t\t\t\t\t<p>Le projet s&rsquo;appuie sur <a href=\"https:\/\/fondationrivieres.org\/en\/quest-ce-que-lespace-de-liberte\/\">les espaces de libert\u00e9<\/a>, un mode de gestion int\u00e9gr\u00e9 issu de la discipline de l&rsquo;hydrog\u00e9omorphologie. L&rsquo;espace de libert\u00e9 tient compte des zones d&rsquo;inondabilit\u00e9 et de mobilit\u00e9 des rivi\u00e8res pour assurer leur bon fonctionnement.\u00a0 Cela permet de r\u00e9duire l&rsquo;\u00e9rosion, les glissements de terrain et les inondations catastrophiques tout en pr\u00e9servant la biodiversit\u00e9.<\/p><p><span style=\"font-weight: 400;\">\u201c <\/span><i><span style=\"font-weight: 400;\">Cette approche est aussi une opportunit\u00e9 pour cr\u00e9er des espaces naturels, des acc\u00e8s aux berges, des parcs, tout en prot\u00e9geant les riverains<\/span><\/i><span style=\"font-weight: 400;\">, pr\u00e9cise \u00c9lia Auer, charg\u00e9e du projet. <\/span><i><span style=\"font-weight: 400;\">\u00c0 ce titre, les Pays-Bas sont une inspiration : ils ont cr\u00e9\u00e9 le programme <\/span><\/i><span style=\"font-weight: 400;\">Room for the River <\/span><i><span style=\"font-weight: 400;\">face \u00e0 l\u2019insuffisance des digues pour prot\u00e9ger la population et les biens. Ce programme vise \u00e0 redonner de l\u2019espace aux cours d\u2019eau \u00e0 travers le pays, en minimisant le r\u00e9am\u00e9nagement pour la population, tout en cr\u00e9ant de nouveaux espaces r\u00e9cr\u00e9atifs. <\/span><\/i><span style=\"font-weight: 400;\">\u00bb\u00a0<\/span><\/p><p><span style=\"font-weight: 400;\">Les inondations r\u00e9centes l\u2019ont rappel\u00e9 avec force : les co\u00fbts \u00e9conomiques et sociaux de l\u2019inaction sont immenses. Les 13 et 14 juillet derniers, en moins de deux jours, plus de 120 millions de dollars de pertes ont \u00e9t\u00e9 rapport\u00e9s aux assurances dans la seule r\u00e9gion de la m\u00e9tropole de Montr\u00e9al.<\/span><\/p>\t\t\t\t\t\t\t\t<\/div>\n\t\t\t\t<\/div>\n\t\t\t\t<div class=\"elementor-element elementor-element-8f36285 elementor-widget elementor-widget-heading\" data-id=\"8f36285\" data-element_type=\"widget\" data-e-type=\"widget\" data-widget_type=\"heading.default\">\n\t\t\t\t<div class=\"elementor-widget-container\">\n\t\t\t\t\t<h2 class=\"elementor-heading-title elementor-size-default\">Un vaste r\u00e9seau de partenaires engag\u00e9s dans l\u2019innovation<\/h2>\t\t\t\t<\/div>\n\t\t\t\t<\/div>\n\t\t\t\t<div class=\"elementor-element elementor-element-436e19d elementor-widget elementor-widget-text-editor\" data-id=\"436e19d\" data-element_type=\"widget\" data-e-type=\"widget\" data-widget_type=\"text-editor.default\">\n\t\t\t\t<div class=\"elementor-widget-container\">\n\t\t\t\t\t\t\t\t\t<p><span style=\"font-weight: 400;\">Avec <\/span><i><span style=\"font-weight: 400;\">Solutions Rivi\u00e8res<\/span><\/i><span style=\"font-weight: 400;\">, la Fondation Rivi\u00e8res met \u00e0 profit son expertise scientifique et son r\u00e9seau de partenaires pour accompagner les municipalit\u00e9s dans un processus innovant qui pourra \u00eatre reproduit ailleurs au Qu\u00e9bec. Le projet est financ\u00e9 par le gouvernement du Qu\u00e9bec dans le cadre d\u2019Action-Climat Qu\u00e9bec, un programme coordonn\u00e9 par le Fonds d\u2019action qu\u00e9b\u00e9cois pour le d\u00e9veloppement durable et qui d\u00e9coule du Plan pour une \u00e9conomie verte 2030.<\/span><\/p><p><span style=\"font-weight: 400;\">Plusieurs partenaires vont contribuer au projet, dont la Soci\u00e9t\u00e9 pour la nature et les parcs (SNAP Qu\u00e9bec), le Regroupement des organismes de bassins versants du Qu\u00e9bec (ROBVQ), l\u2019Association des gestionnaires r\u00e9gionaux des cours d\u2019eau du Qu\u00e9bec (AGRCQ), l\u2019Association des am\u00e9nagistes r\u00e9gionaux du Qu\u00e9bec (AARQ), des repr\u00e9sentants du Minist\u00e8re de l\u2019Environnement, de la Lutte contre les changements climatiques, de la Faune et des Parcs\u00a0 (MELCCFP) et des experts scientifiques.\u00a0\u00a0<\/span><\/p><p><span style=\"font-weight: 400;\">\u201c<\/span><i><span style=\"font-weight: 400;\"> Lorsque les personnes qui habitent le territoire partagent leur exp\u00e9rience, quelque chose de singulier ressort : une compr\u00e9hension fine des milieux et des \u00e9cosyst\u00e8mes, de leurs forces et de leurs fragilit\u00e9s. Cette contribution enrichit durablement nos analyses et nos projets<\/span><\/i><span style=\"font-weight: 400;\"> \u00bb, affirme Mathieu Madison, pr\u00e9sident du ROBVQ.<\/span><\/p><p><span style=\"font-weight: 400;\">Le financement des solutions d\u2019adaptation est un enjeu pour toutes les municipalit\u00e9s et la SNAP Qu\u00e9bec m\u00e8nera une r\u00e9flexion sur des mesures d\u2019\u00e9cofiscalit\u00e9.\u00a0<\/span><\/p><p><span style=\"font-weight: 400;\">\u201c <\/span><i><span style=\"font-weight: 400;\">Les municipalit\u00e9s qu\u00e9b\u00e9coises sont \u00e0 la recherche d&rsquo;outils pour leur permettre d&rsquo;agir plus efficacement en mati\u00e8re d&rsquo;adaptation aux changements climatiques et de protection de la biodiversit\u00e9. Des mesures d&rsquo;\u00e9cofiscalit\u00e9 appliqu\u00e9es aux espaces de libert\u00e9 des rivi\u00e8res ont le potentiel de r\u00e9pondre \u00e0 ce besoin d&rsquo;une mani\u00e8re innovante <\/span><\/i><span style=\"font-weight: 400;\">\u00bb, souligne Alain Branchaud, biologiste et directeur g\u00e9n\u00e9ral de la SNAP Qu\u00e9bec.\u00a0<\/span><\/p><p><span style=\"font-weight: 400;\">Les solutions d\u00e9velopp\u00e9es par le projet vont aussi permettre d\u2019am\u00e9liorer la biodiversit\u00e9 des berges.<\/span><\/p><p><span style=\"font-weight: 400;\">Pour en apprendre davantage sur la d\u00e9marche et le projet, veuillez consulter le <\/span><a href=\"http:\/\/www.solutionsrivieres.org\" target=\"_blank\" rel=\"noopener\"><span style=\"font-weight: 400;\">www.solutionsrivieres.org.<\/span><\/a><\/p><p style=\"text-align: center;\"><b>- 30 -<\/b><\/p>\t\t\t\t\t\t\t\t<\/div>\n\t\t\t\t<\/div>\n\t\t\t\t<div class=\"elementor-element elementor-element-cf9ac94 elementor-widget elementor-widget-heading\" data-id=\"cf9ac94\" data-element_type=\"widget\" data-e-type=\"widget\" data-widget_type=\"heading.default\">\n\t\t\t\t<div class=\"elementor-widget-container\">\n\t\t\t\t\t<h2 class=\"elementor-heading-title elementor-size-default\">About the Fondation Rivi\u00e8res<\/h2>\t\t\t\t<\/div>\n\t\t\t\t<\/div>\n\t\t\t\t<div class=\"elementor-element elementor-element-de7f38a elementor-widget elementor-widget-text-editor\" data-id=\"de7f38a\" data-element_type=\"widget\" data-e-type=\"widget\" data-widget_type=\"text-editor.default\">\n\t\t\t\t<div class=\"elementor-widget-container\">\n\t\t\t\t\t\t\t\t\t<p><span style=\"font-weight: 400;\">Depuis plus de 20 ans, la Fondation Rivi\u00e8res travaille \u00e0 prot\u00e9ger, restaurer et mettre en valeur les rivi\u00e8res du Qu\u00e9bec afin qu\u2019elles puissent continuer de couler librement, au b\u00e9n\u00e9fice des \u00e9cosyst\u00e8mes et des g\u00e9n\u00e9rations futures.<\/span><\/p><p><i><span style=\"font-weight: 400;\">Source :<\/span><\/i><i><span style=\"font-weight: 400;\"><br \/><\/span><\/i><span style=\"font-weight: 400;\">Andr\u00e9 B\u00e9langer<\/span><span style=\"font-weight: 400;\"><br \/><\/span><span style=\"font-weight: 400;\">General Manager<\/span><span style=\"font-weight: 400;\"><br \/><\/span><span style=\"font-weight: 400;\">Fondation Rivi\u00e8res<\/span><span style=\"font-weight: 400;\"><br \/><\/span><span style=\"font-weight: 400;\">514 272-2666, ext. 301<\/span><\/p>\t\t\t\t\t\t\t\t<\/div>\n\t\t\t\t<\/div>\n\t\t\t\t\t<\/div>\n\t\t\t\t<\/div>\n\t\t\t\t<\/div>","protected":false},"excerpt":{"rendered":"<p>COMMUNIQU\u00c9 DE PRESSE POUR DIFFUSION IMM\u00c9DIATE Montr\u00e9al, le 13 janvier 2026 &#8211; Sept MRC et municipalit\u00e9s s\u2019associent avec la Fondation Rivi\u00e8res pour d\u00e9ployer Solutions Rivi\u00e8res, une d\u00e9marche sur trois ans qui consiste \u00e0 \u00e9laborer avec les citoyens et les \u00e9lus des solutions p\u00e9rennes d\u2019adaptation des territoires riverains aux inondations et \u00e0 l\u2019\u00e9rosion. Solutions Rivi\u00e8res repose [&hellip;]<\/p>\n","protected":false},"author":35,"featured_media":75335,"comment_status":"closed","ping_status":"open","sticky":false,"template":"","format":"standard","meta":{"footnotes":""},"categories":[5,3],"tags":[418,71],"class_list":["post-75334","post","type-post","status-publish","format-standard","has-post-thumbnail","hentry","category-communiques","category-actualites","tag-inondation","tag-municipalites"],"_links":{"self":[{"href":"https:\/\/fondationrivieres.org\/en\/wp-json\/wp\/v2\/posts\/75334","targetHints":{"allow":["GET"]}}],"collection":[{"href":"https:\/\/fondationrivieres.org\/en\/wp-json\/wp\/v2\/posts"}],"about":[{"href":"https:\/\/fondationrivieres.org\/en\/wp-json\/wp\/v2\/types\/post"}],"author":[{"embeddable":true,"href":"https:\/\/fondationrivieres.org\/en\/wp-json\/wp\/v2\/users\/35"}],"replies":[{"embeddable":true,"href":"https:\/\/fondationrivieres.org\/en\/wp-json\/wp\/v2\/comments?post=75334"}],"version-history":[{"count":22,"href":"https:\/\/fondationrivieres.org\/en\/wp-json\/wp\/v2\/posts\/75334\/revisions"}],"predecessor-version":[{"id":75439,"href":"https:\/\/fondationrivieres.org\/en\/wp-json\/wp\/v2\/posts\/75334\/revisions\/75439"}],"wp:featuredmedia":[{"embeddable":true,"href":"https:\/\/fondationrivieres.org\/en\/wp-json\/wp\/v2\/media\/75335"}],"wp:attachment":[{"href":"https:\/\/fondationrivieres.org\/en\/wp-json\/wp\/v2\/media?parent=75334"}],"wp:term":[{"taxonomy":"category","embeddable":true,"href":"https:\/\/fondationrivieres.org\/en\/wp-json\/wp\/v2\/categories?post=75334"},{"taxonomy":"post_tag","embeddable":true,"href":"https:\/\/fondationrivieres.org\/en\/wp-json\/wp\/v2\/tags?post=75334"}],"curies":[{"name":"wp","href":"https:\/\/api.w.org\/{rel}","templated":true}]}}