{"id":74979,"date":"2025-12-02T17:09:32","date_gmt":"2025-12-02T22:09:32","guid":{"rendered":"https:\/\/fondationrivieres.org\/?p=74979"},"modified":"2025-12-03T09:22:24","modified_gmt":"2025-12-03T14:22:24","slug":"nos-impacts-en-2025","status":"publish","type":"post","link":"https:\/\/fondationrivieres.org\/en\/nos-impacts-en-2025\/","title":{"rendered":"Nos impacts en 2025"},"content":{"rendered":"<div data-elementor-type=\"wp-post\" data-elementor-id=\"74979\" class=\"elementor elementor-74979\" data-elementor-post-type=\"post\">\n\t\t\t\t<div class=\"elementor-element elementor-element-0976d75 e-flex e-con-boxed e-con e-parent\" data-id=\"0976d75\" data-element_type=\"container\" data-e-type=\"container\" data-settings=\"{&quot;jet_parallax_layout_list&quot;:[]}\">\n\t\t\t\t\t<div class=\"e-con-inner\">\n\t\t\t\t<div class=\"elementor-element elementor-element-34230d1 elementor-widget elementor-widget-heading\" data-id=\"34230d1\" data-element_type=\"widget\" data-e-type=\"widget\" data-widget_type=\"heading.default\">\n\t\t\t\t<div class=\"elementor-widget-container\">\n\t\t\t\t\t<h2 class=\"elementor-heading-title elementor-size-default\">Nos r\u00e9alisations en 2025<\/h2>\t\t\t\t<\/div>\n\t\t\t\t<\/div>\n\t\t\t\t<div class=\"elementor-element elementor-element-9bb427d elementor-widget elementor-widget-text-editor\" data-id=\"9bb427d\" data-element_type=\"widget\" data-e-type=\"widget\" data-widget_type=\"text-editor.default\">\n\t\t\t\t<div class=\"elementor-widget-container\">\n\t\t\t\t\t\t\t\t\t<p><span style=\"font-weight: 400;\">En quoi consiste 2025 pour nous: deux nouveaux projets structurants, plusieurs mobilisations citoyennes, 150 pr\u00e9sences m\u00e9diatiques, des repr\u00e9sentations politiques, nous n\u2019avons pas ch\u00f4m\u00e9!<\/span><\/p>\t\t\t\t\t\t\t\t<\/div>\n\t\t\t\t<\/div>\n\t\t\t\t<div class=\"elementor-element elementor-element-35b1c56 elementor-widget elementor-widget-video\" data-id=\"35b1c56\" data-element_type=\"widget\" data-e-type=\"widget\" data-settings=\"{&quot;youtube_url&quot;:&quot;https:\\\/\\\/www.youtube.com\\\/shorts\\\/dZ6wjc1mG5U&quot;,&quot;video_type&quot;:&quot;youtube&quot;,&quot;controls&quot;:&quot;yes&quot;}\" data-widget_type=\"video.default\">\n\t\t\t\t<div class=\"elementor-widget-container\">\n\t\t\t\t\t\t\t<div class=\"elementor-wrapper elementor-open-inline\">\n\t\t\t<div class=\"elementor-video\"><\/div>\t\t<\/div>\n\t\t\t\t\t\t<\/div>\n\t\t\t\t<\/div>\n\t\t\t\t<div class=\"elementor-element elementor-element-79684da elementor-widget elementor-widget-heading\" data-id=\"79684da\" data-element_type=\"widget\" data-e-type=\"widget\" data-widget_type=\"heading.default\">\n\t\t\t\t<div class=\"elementor-widget-container\">\n\t\t\t\t\t<h2 class=\"elementor-heading-title elementor-size-default\">Am\u00e9nagement du territoire et adaptation aux changements climatiques<\/h2>\t\t\t\t<\/div>\n\t\t\t\t<\/div>\n\t\t\t\t<div class=\"elementor-element elementor-element-578e6f2 elementor-widget elementor-widget-heading\" data-id=\"578e6f2\" data-element_type=\"widget\" data-e-type=\"widget\" data-widget_type=\"heading.default\">\n\t\t\t\t<div class=\"elementor-widget-container\">\n\t\t\t\t\t<h3 class=\"elementor-heading-title elementor-size-default\">Solutions Rivi\u00e8res<\/h3>\t\t\t\t<\/div>\n\t\t\t\t<\/div>\n\t\t\t\t<div class=\"elementor-element elementor-element-bf56007 elementor-widget elementor-widget-text-editor\" data-id=\"bf56007\" data-element_type=\"widget\" data-e-type=\"widget\" data-widget_type=\"text-editor.default\">\n\t\t\t\t<div class=\"elementor-widget-container\">\n\t\t\t\t\t\t\t\t\t<p><span style=\"font-weight: 400;\">Six MRC et municipalit\u00e9s s\u2019associent avec la Fondation Rivi\u00e8res pour d\u00e9ployer <a href=\"https:\/\/fondationrivieres.org\/en\/solutions-rivieres-inondations\/\">Solutions Rivi\u00e8res<\/a>, une d\u00e9marche sur trois ans qui consiste \u00e0 \u00e9laborer avec les citoyens et les \u00e9lus des solutions p\u00e9rennes d\u2019adaptation des territoires riverains aux inondations et \u00e0 l\u2019\u00e9rosion. Solutions Rivi\u00e8res s\u2019inspire des solutions offertes par la nature. Les citoyens qui subissent les cons\u00e9quences des inondations et de l\u2019\u00e9rosion seront invit\u00e9s \u00e0 participer \u00e0 des ateliers afin de b\u00e2tir des strat\u00e9gies adapt\u00e9es aux r\u00e9alit\u00e9s des MRC et municipalit\u00e9s participantes.<\/span><\/p>\t\t\t\t\t\t\t\t<\/div>\n\t\t\t\t<\/div>\n\t\t\t\t<div class=\"elementor-element elementor-element-f5aee6c elementor-widget elementor-widget-heading\" data-id=\"f5aee6c\" data-element_type=\"widget\" data-e-type=\"widget\" data-widget_type=\"heading.default\">\n\t\t\t\t<div class=\"elementor-widget-container\">\n\t\t\t\t\t<h3 class=\"elementor-heading-title elementor-size-default\">PL-81<\/h3>\t\t\t\t<\/div>\n\t\t\t\t<\/div>\n\t\t\t\t<div class=\"elementor-element elementor-element-5e0c5f3 elementor-widget elementor-widget-image\" data-id=\"5e0c5f3\" data-element_type=\"widget\" data-e-type=\"widget\" data-widget_type=\"image.default\">\n\t\t\t\t<div class=\"elementor-widget-container\">\n\t\t\t\t\t\t\t\t\t\t\t\t\t\t\t<img fetchpriority=\"high\" decoding=\"async\" width=\"800\" height=\"448\" src=\"https:\/\/fondationrivieres.org\/wp-content\/uploads\/2025\/12\/Capture-de\u0301cran-le-2025-11-12-a\u0300-17.16.37-1024x573.png\" class=\"attachment-large size-large wp-image-75090\" alt=\"Pl-81\" srcset=\"https:\/\/fondationrivieres.org\/wp-content\/uploads\/2025\/12\/Capture-de\u0301cran-le-2025-11-12-a\u0300-17.16.37-1024x573.png 1024w, https:\/\/fondationrivieres.org\/wp-content\/uploads\/2025\/12\/Capture-de\u0301cran-le-2025-11-12-a\u0300-17.16.37-300x168.png 300w, https:\/\/fondationrivieres.org\/wp-content\/uploads\/2025\/12\/Capture-de\u0301cran-le-2025-11-12-a\u0300-17.16.37-768x429.png 768w, https:\/\/fondationrivieres.org\/wp-content\/uploads\/2025\/12\/Capture-de\u0301cran-le-2025-11-12-a\u0300-17.16.37-1536x859.png 1536w, https:\/\/fondationrivieres.org\/wp-content\/uploads\/2025\/12\/Capture-de\u0301cran-le-2025-11-12-a\u0300-17.16.37-2048x1145.png 2048w, https:\/\/fondationrivieres.org\/wp-content\/uploads\/2025\/12\/Capture-de\u0301cran-le-2025-11-12-a\u0300-17.16.37-18x10.png 18w\" sizes=\"(max-width: 800px) 100vw, 800px\" \/>\t\t\t\t\t\t\t\t\t\t\t\t\t\t\t<\/div>\n\t\t\t\t<\/div>\n\t\t\t\t<div class=\"elementor-element elementor-element-70f1702 elementor-widget elementor-widget-text-editor\" data-id=\"70f1702\" data-element_type=\"widget\" data-e-type=\"widget\" data-widget_type=\"text-editor.default\">\n\t\t\t\t<div class=\"elementor-widget-container\">\n\t\t\t\t\t\t\t\t\t<p><span style=\"font-weight: 400;\">La Fondation Rivi\u00e8res a d\u00e9pos\u00e9 un<\/span><a href=\"https:\/\/fondationrivieres.org\/en\/memoire-pl81-milieux-humides\/\"> <span style=\"font-weight: 400;\">m\u00e9moire suite au projet de loi 81<\/span><\/a><span style=\"font-weight: 400;\"> qu\u2019elle a ensuite pr\u00e9sent\u00e9 en commission parlementaire le 29 janvier dernier. Ce m\u00e9moire propose une r\u00e9forme de nombreux champs de l\u2019encadrement environnemental du Minist\u00e8re de l\u2019environnement, de la lutte aux changements climatiques, de la faune et des parcs (MELCCFP). Malheureusement, le ministre de l\u2019Environnement n\u2019a pas retenu nos recommandations de\u00a0 modifications r\u00e9glementaires, mais nous avons soumis plusieurs id\u00e9es novatrices qui pourront \u00eatre reprises dans les programmes des partis politiques pour les prochaines \u00e9lections provinciales.<\/span><\/p>\t\t\t\t\t\t\t\t<\/div>\n\t\t\t\t<\/div>\n\t\t\t\t<div class=\"elementor-element elementor-element-f6c88b5 elementor-widget elementor-widget-heading\" data-id=\"f6c88b5\" data-element_type=\"widget\" data-e-type=\"widget\" data-widget_type=\"heading.default\">\n\t\t\t\t<div class=\"elementor-widget-container\">\n\t\t\t\t\t<h3 class=\"elementor-heading-title elementor-size-default\">Permis de construction en zones inondables \u00e0 La Tuque et Vaudreuil-Dorion <\/h3>\t\t\t\t<\/div>\n\t\t\t\t<\/div>\n\t\t\t\t<div class=\"elementor-element elementor-element-bebd665 elementor-widget elementor-widget-text-editor\" data-id=\"bebd665\" data-element_type=\"widget\" data-e-type=\"widget\" data-widget_type=\"text-editor.default\">\n\t\t\t\t<div class=\"elementor-widget-container\">\n\t\t\t\t\t\t\t\t\t<p><span style=\"font-weight: 400;\">Un promoteur immobilier de La Tuque entendait profiter des retards dans la diffusion des cartes des zones inondables pour obtenir des permis de construction sur des terrains qui seraient vraisemblablement situ\u00e9s en zone inondable. Nous avons <a href=\"https:\/\/www.change.org\/p\/demande-de-suspension-des-%C3%A9missions-de-permis-de-construction\" target=\"_blank\" rel=\"noopener\">accompagn\u00e9 des citoyens de la r\u00e9gion pour faire valoir le cas aux \u00e9lus<\/a> et il est d\u00e9sormais interdit d\u2019entamer toute nouvelle construction et de morceler des lots dans les zones priv\u00e9es limitrophes de la rivi\u00e8re Croche d\u2019ici la nouvelle cartographie des zones inondables.<\/span><\/p><p><span style=\"font-weight: 400;\">Du c\u00f4t\u00e9 de Vaudreuil-Dorion, le conseil municipal voulait proc\u00e9der \u00e0 la construction de logements abordables de mani\u00e8re acc\u00e9l\u00e9r\u00e9e sur un terrain situ\u00e9 dans une zone identifi\u00e9e comme inondable sur la cartographie pr\u00e9liminaire \u00e9tablie par la Communaut\u00e9 m\u00e9tropolitaine de Montr\u00e9al (CMM), profitant du fait que cette cartographie n\u2019\u00e9tait pas encore l\u00e9galement contraignante. Cette sortie publique a permis aux citoyens d\u2019\u00eatre entendus au conseil municipal et le projet de construction a \u00e9t\u00e9 abandonn\u00e9.<\/span><\/p>\t\t\t\t\t\t\t\t<\/div>\n\t\t\t\t<\/div>\n\t\t\t\t<div class=\"elementor-element elementor-element-ecadf40 elementor-cta--skin-classic elementor-animated-content elementor-widget elementor-widget-call-to-action\" data-id=\"ecadf40\" data-element_type=\"widget\" data-e-type=\"widget\" data-widget_type=\"call-to-action.default\">\n\t\t\t\t<div class=\"elementor-widget-container\">\n\t\t\t\t\t\t\t<div class=\"elementor-cta\">\n\t\t\t\t\t\t\t<div class=\"elementor-cta__content\">\n\t\t\t\t\t\t\t\t\t<div class=\"elementor-content-item elementor-cta__content-item elementor-icon-wrapper elementor-cta__icon elementor-view-default\">\n\t\t\t\t\t\t<div class=\"elementor-icon\">\n\t\t\t\t\t\t\t<i aria-hidden=\"true\" class=\"fas fa-hand-holding-heart\"><\/i>\t\t\t\t\t\t<\/div>\n\t\t\t\t\t<\/div>\n\t\t\t\t\n\t\t\t\t\t\t\t\t\t<h4 class=\"elementor-cta__title elementor-cta__content-item elementor-content-item\">\n\t\t\t\t\t\tHelp us increase the impact of Fondation Rivi\u00e8res.\t\t\t\t\t<\/h4>\n\t\t\t\t\n\t\t\t\t\n\t\t\t\t\t\t\t\t\t<div class=\"elementor-cta__button-wrapper elementor-cta__content-item elementor-content-item\">\n\t\t\t\t\t<a class=\"elementor-cta__button elementor-button elementor-size-\" href=\"https:\/\/fondationrivieres.org\/en\/impacts-2025\/\" target=\"_blank\">\n\t\t\t\t\t\tI make a donation \t\t\t\t\t<\/a>\n\t\t\t\t\t<\/div>\n\t\t\t\t\t\t\t<\/div>\n\t\t\t\t\t\t<\/div>\n\t\t\t\t\t\t<\/div>\n\t\t\t\t<\/div>\n\t\t\t\t\t<\/div>\n\t\t\t\t<\/div>\n\t\t<div class=\"elementor-element elementor-element-7a1cd65 e-flex e-con-boxed e-con e-parent\" data-id=\"7a1cd65\" data-element_type=\"container\" data-e-type=\"container\" data-settings=\"{&quot;jet_parallax_layout_list&quot;:[]}\">\n\t\t\t\t\t<div class=\"e-con-inner\">\n\t\t\t\t<div class=\"elementor-element elementor-element-e62e938 elementor-widget elementor-widget-heading\" data-id=\"e62e938\" data-element_type=\"widget\" data-e-type=\"widget\" data-widget_type=\"heading.default\">\n\t\t\t\t<div class=\"elementor-widget-container\">\n\t\t\t\t\t<h2 class=\"elementor-heading-title elementor-size-default\">Access to water<\/h2>\t\t\t\t<\/div>\n\t\t\t\t<\/div>\n\t\t\t\t<div class=\"elementor-element elementor-element-aa2bf65 elementor-widget elementor-widget-heading\" data-id=\"aa2bf65\" data-element_type=\"widget\" data-e-type=\"widget\" data-widget_type=\"heading.default\">\n\t\t\t\t<div class=\"elementor-widget-container\">\n\t\t\t\t\t<h3 class=\"elementor-heading-title elementor-size-default\">Cartographie des berges<\/h3>\t\t\t\t<\/div>\n\t\t\t\t<\/div>\n\t\t\t\t<div class=\"elementor-element elementor-element-31f7847 elementor-widget elementor-widget-image\" data-id=\"31f7847\" data-element_type=\"widget\" data-e-type=\"widget\" data-widget_type=\"image.default\">\n\t\t\t\t<div class=\"elementor-widget-container\">\n\t\t\t\t\t\t\t\t\t\t\t\t\t\t\t<img decoding=\"async\" width=\"800\" height=\"671\" src=\"https:\/\/fondationrivieres.org\/wp-content\/uploads\/2025\/12\/sdsff-1.jpg\" class=\"attachment-large size-large wp-image-75091\" alt=\"Cartographie acc\u00e8s aux berges\" srcset=\"https:\/\/fondationrivieres.org\/wp-content\/uploads\/2025\/12\/sdsff-1.jpg 940w, https:\/\/fondationrivieres.org\/wp-content\/uploads\/2025\/12\/sdsff-1-300x251.jpg 300w, https:\/\/fondationrivieres.org\/wp-content\/uploads\/2025\/12\/sdsff-1-768x644.jpg 768w, https:\/\/fondationrivieres.org\/wp-content\/uploads\/2025\/12\/sdsff-1-14x12.jpg 14w\" sizes=\"(max-width: 800px) 100vw, 800px\" \/>\t\t\t\t\t\t\t\t\t\t\t\t\t\t\t<\/div>\n\t\t\t\t<\/div>\n\t\t\t\t<div class=\"elementor-element elementor-element-7c2d554 elementor-widget elementor-widget-text-editor\" data-id=\"7c2d554\" data-element_type=\"widget\" data-e-type=\"widget\" data-widget_type=\"text-editor.default\">\n\t\t\t\t<div class=\"elementor-widget-container\">\n\t\t\t\t\t\t\t\t\t<p><span style=\"font-weight: 400;\">Nous avons rendu public le fait que <a href=\"https:\/\/fondationrivieres.org\/en\/98-des-lacs-sont-inaccessibles-la-fondation-rivieres-propose-des-solutions\/\">98% des lacs du sud du Qu\u00e9bec<\/a> sont inaccessibles au public gr\u00e2ce \u00e0 une nouvelle cartographie des acc\u00e8s aux berges. Nous avons aussi dress\u00e9 des pistes de solutions dans un rapport qui a men\u00e9 \u00e0 de larges appuis dans l\u2019opinion publique. Des rencontres ont eu lieu avec le cabinet de la ministre des Affaires municipales et plusieurs municipalit\u00e9s ont adopt\u00e9 des r\u00e9solutions en appui \u00e0 notre d\u00e9marche. Nous pouvons compter sur une vaste coalition et un financement ad\u00e9quat pour poursuivre le travail en faveur de changements l\u00e9gislatifs importants pour am\u00e9liorer l\u2019acc\u00e8s au territoire!<\/span><\/p>\t\t\t\t\t\t\t\t<\/div>\n\t\t\t\t<\/div>\n\t\t\t\t<div class=\"elementor-element elementor-element-05b50df elementor-widget elementor-widget-heading\" data-id=\"05b50df\" data-element_type=\"widget\" data-e-type=\"widget\" data-widget_type=\"heading.default\">\n\t\t\t\t<div class=\"elementor-widget-container\">\n\t\t\t\t\t<h3 class=\"elementor-heading-title elementor-size-default\">Great Descent<\/h3>\t\t\t\t<\/div>\n\t\t\t\t<\/div>\n\t\t\t\t<div class=\"elementor-element elementor-element-bf0dd3b elementor-widget elementor-widget-text-editor\" data-id=\"bf0dd3b\" data-element_type=\"widget\" data-e-type=\"widget\" data-widget_type=\"text-editor.default\">\n\t\t\t\t<div class=\"elementor-widget-container\">\n\t\t\t\t\t\t\t\t\t<p><span style=\"font-weight: 400;\">Nous avons tenu la deuxi\u00e8me \u00e9dition de la <a href=\"https:\/\/la-grande-descente.raiselysite.com\/fr\/the-challenge\" target=\"_blank\" rel=\"noopener\">Great Descent<\/a> de la rivi\u00e8re du Nord o\u00f9 nous avons descendu la rivi\u00e8re du Nord avec plus de 300 personnes et notre porte-parole Roy Dupuis. Gr\u00e2ce aux participants et \u00e0 la g\u00e9n\u00e9rosit\u00e9 de leurs proches, nous avons r\u00e9colt\u00e9 plus de 100 000$ pour les missions de Canot Kayak Qu\u00e9bec et la Fondation Rivi\u00e8res!<\/span><\/p>\t\t\t\t\t\t\t\t<\/div>\n\t\t\t\t<\/div>\n\t\t\t\t<div class=\"elementor-element elementor-element-2a0e4f0 elementor-widget elementor-widget-heading\" data-id=\"2a0e4f0\" data-element_type=\"widget\" data-e-type=\"widget\" data-widget_type=\"heading.default\">\n\t\t\t\t<div class=\"elementor-widget-container\">\n\t\t\t\t\t<h3 class=\"elementor-heading-title elementor-size-default\">Grand Splash<\/h3>\t\t\t\t<\/div>\n\t\t\t\t<\/div>\n\t\t\t\t<div class=\"elementor-element elementor-element-a663b6b elementor-widget elementor-widget-image\" data-id=\"a663b6b\" data-element_type=\"widget\" data-e-type=\"widget\" data-widget_type=\"image.default\">\n\t\t\t\t<div class=\"elementor-widget-container\">\n\t\t\t\t\t\t\t\t\t\t\t\t\t\t\t<img decoding=\"async\" width=\"800\" height=\"534\" src=\"https:\/\/fondationrivieres.org\/wp-content\/uploads\/2024\/07\/5DM45997-1024x683.webp\" class=\"attachment-large size-large wp-image-68407\" alt=\"Grand Splash Montr\u00e9al 2024 - cr\u00e9dit photo: Fran\u00e7ois Couture\" srcset=\"https:\/\/fondationrivieres.org\/wp-content\/uploads\/2024\/07\/5DM45997-1024x683.webp 1024w, https:\/\/fondationrivieres.org\/wp-content\/uploads\/2024\/07\/5DM45997-300x200.webp 300w, https:\/\/fondationrivieres.org\/wp-content\/uploads\/2024\/07\/5DM45997-768x512.webp 768w, https:\/\/fondationrivieres.org\/wp-content\/uploads\/2024\/07\/5DM45997-1536x1024.webp 1536w, https:\/\/fondationrivieres.org\/wp-content\/uploads\/2024\/07\/5DM45997-scaled.webp 1920w, https:\/\/fondationrivieres.org\/wp-content\/uploads\/2024\/07\/5DM45997-18x12.webp 18w\" sizes=\"(max-width: 800px) 100vw, 800px\" \/>\t\t\t\t\t\t\t\t\t\t\t\t\t\t\t<\/div>\n\t\t\t\t<\/div>\n\t\t\t\t<div class=\"elementor-element elementor-element-31bcabe elementor-widget elementor-widget-text-editor\" data-id=\"31bcabe\" data-element_type=\"widget\" data-e-type=\"widget\" data-widget_type=\"text-editor.default\">\n\t\t\t\t<div class=\"elementor-widget-container\">\n\t\t\t\t\t\t\t\t\t<p><span style=\"font-weight: 400;\">Nous avons r\u00e9alis\u00e9 cinq grands sauts \u00e0 l\u2019eau \u00e0 travers le Qu\u00e9bec lors de notre \u00e9v\u00e9nement <a href=\"https:\/\/fondationrivieres.org\/en\/our-actions\/grand-splash\/\">Grand Splash<\/a>, soit \u00e0 Chambly, Sainte-Martine, \u00e0 Saint-Denis-sur-Richelieu, Candiac et \u00e0 Batiscan. L\u2019\u00e9v\u00e9nement \u00e0 Montr\u00e9al a \u00e9t\u00e9 annul\u00e9 en raison de de d\u00e9versements d\u2019eaux us\u00e9es qui rendaient l\u2019eau impropre \u00e0 la baignade, rappelant le d\u00e9fi de la gestion des eaux us\u00e9es. Les autres Grand Splash ont attir\u00e9 au total plus d\u2019une centaine de personnes qui ont pu profiter de nos rivi\u00e8res le temps d\u2019une saucette.<\/span><\/p>\t\t\t\t\t\t\t\t<\/div>\n\t\t\t\t<\/div>\n\t\t\t\t\t<\/div>\n\t\t\t\t<\/div>\n\t\t<div class=\"elementor-element elementor-element-a12a8b6 e-flex e-con-boxed e-con e-parent\" data-id=\"a12a8b6\" data-element_type=\"container\" data-e-type=\"container\" data-settings=\"{&quot;jet_parallax_layout_list&quot;:[]}\">\n\t\t\t\t\t<div class=\"e-con-inner\">\n\t\t\t\t<div class=\"elementor-element elementor-element-3bdc714 elementor-widget elementor-widget-heading\" data-id=\"3bdc714\" data-element_type=\"widget\" data-e-type=\"widget\" data-widget_type=\"heading.default\">\n\t\t\t\t<div class=\"elementor-widget-container\">\n\t\t\t\t\t<h2 class=\"elementor-heading-title elementor-size-default\">Water quality <\/h2>\t\t\t\t<\/div>\n\t\t\t\t<\/div>\n\t\t\t\t<div class=\"elementor-element elementor-element-e27fc5f elementor-widget elementor-widget-heading\" data-id=\"e27fc5f\" data-element_type=\"widget\" data-e-type=\"widget\" data-widget_type=\"heading.default\">\n\t\t\t\t<div class=\"elementor-widget-container\">\n\t\t\t\t\t<h3 class=\"elementor-heading-title elementor-size-default\">Clean Water Challenge<\/h3>\t\t\t\t<\/div>\n\t\t\t\t<\/div>\n\t\t\t\t<div class=\"elementor-element elementor-element-a097088 elementor-widget elementor-widget-image\" data-id=\"a097088\" data-element_type=\"widget\" data-e-type=\"widget\" data-widget_type=\"image.default\">\n\t\t\t\t<div class=\"elementor-widget-container\">\n\t\t\t\t\t\t\t\t\t\t\t\t<figure class=\"wp-caption\">\n\t\t\t\t\t\t\t\t\t\t<img loading=\"lazy\" decoding=\"async\" width=\"800\" height=\"600\" src=\"https:\/\/fondationrivieres.org\/wp-content\/uploads\/2025\/04\/Communique-Defi-Eau-Propre_credit-photo-Chroma-Photo-Video-1024x768.jpg\" class=\"attachment-large size-large wp-image-72485\" alt=\"Onze engagements concrets sont sign\u00e9s par vingt-huit municipalit\u00e9s du bassin versant de la rivi\u00e8re du Nord.\" srcset=\"https:\/\/fondationrivieres.org\/wp-content\/uploads\/2025\/04\/Communique-Defi-Eau-Propre_credit-photo-Chroma-Photo-Video-1024x768.jpg 1024w, https:\/\/fondationrivieres.org\/wp-content\/uploads\/2025\/04\/Communique-Defi-Eau-Propre_credit-photo-Chroma-Photo-Video-300x225.jpg 300w, https:\/\/fondationrivieres.org\/wp-content\/uploads\/2025\/04\/Communique-Defi-Eau-Propre_credit-photo-Chroma-Photo-Video-768x576.jpg 768w, https:\/\/fondationrivieres.org\/wp-content\/uploads\/2025\/04\/Communique-Defi-Eau-Propre_credit-photo-Chroma-Photo-Video-1536x1152.jpg 1536w, https:\/\/fondationrivieres.org\/wp-content\/uploads\/2025\/04\/Communique-Defi-Eau-Propre_credit-photo-Chroma-Photo-Video-16x12.jpg 16w, https:\/\/fondationrivieres.org\/wp-content\/uploads\/2025\/04\/Communique-Defi-Eau-Propre_credit-photo-Chroma-Photo-Video.jpg 2048w\" sizes=\"(max-width: 800px) 100vw, 800px\" \/>\t\t\t\t\t\t\t\t\t\t\t<figcaption class=\"widget-image-caption wp-caption-text\">Onze engagements concrets sont sign\u00e9s par vingt-huit municipalit\u00e9s du bassin versant de la rivi\u00e8re du Nord. <\/figcaption>\n\t\t\t\t\t\t\t\t\t\t<\/figure>\n\t\t\t\t\t\t\t\t\t<\/div>\n\t\t\t\t<\/div>\n\t\t\t\t<div class=\"elementor-element elementor-element-aa14042 elementor-widget elementor-widget-text-editor\" data-id=\"aa14042\" data-element_type=\"widget\" data-e-type=\"widget\" data-widget_type=\"text-editor.default\">\n\t\t\t\t<div class=\"elementor-widget-container\">\n\t\t\t\t\t\t\t\t\t<p><span style=\"font-weight: 400;\">En collaboration avec l\u2019Organisme de bassin versant de la rivi\u00e8re du Nord, la Fondation Rivi\u00e8res m\u00e8ne une d\u00e9marche unique au Qu\u00e9bec d\u2019accompagnement aupr\u00e8s de 28 municipalit\u00e9s riveraines de la rivi\u00e8re du Nord. Ces municipalit\u00e9s se sont engag\u00e9es collectivement \u00e0 assainir la rivi\u00e8re du Nord, \u00e0 \u00e9liminer autant que possible les sources de contamination et \u00e0 \u00e9laborer une strat\u00e9gie collective de mise en valeur \u00e9cor\u00e9cr\u00e9ative de la rivi\u00e8re et de son bassin versant. <a href=\"https:\/\/fondationrivieres.org\/en\/une-premiere-pour-la-riviere-du-nord\/\">Nous esp\u00e9rons que ce projet<\/a> puisse \u00eatre reproduit dans plusieurs autres bassins versants par la suite.<\/span><\/p>\t\t\t\t\t\t\t\t<\/div>\n\t\t\t\t<\/div>\n\t\t\t\t<div class=\"elementor-element elementor-element-e44b85a elementor-widget elementor-widget-heading\" data-id=\"e44b85a\" data-element_type=\"widget\" data-e-type=\"widget\" data-widget_type=\"heading.default\">\n\t\t\t\t<div class=\"elementor-widget-container\">\n\t\t\t\t\t<h3 class=\"elementor-heading-title elementor-size-default\">Route bleue, rivi\u00e8re de la Tortue et piscine en eaux-vives<\/h3>\t\t\t\t<\/div>\n\t\t\t\t<\/div>\n\t\t\t\t<div class=\"elementor-element elementor-element-e109e7c elementor-widget elementor-widget-text-editor\" data-id=\"e109e7c\" data-element_type=\"widget\" data-e-type=\"widget\" data-widget_type=\"text-editor.default\">\n\t\t\t\t<div class=\"elementor-widget-container\">\n\t\t\t\t\t\t\t\t\t<p><span style=\"font-weight: 400;\">Nous avons aussi men\u00e9 quelques suivis de la qualit\u00e9 de l\u2019eau durant l\u2019\u00e9t\u00e9. Nous nous sommes associ\u00e9s avec la Route bleue de Canot Kayak Qu\u00e9bec pour identifier les vuln\u00e9rabilit\u00e9s de pr\u00e8s d\u2019une vingtaine de parcours \u00e0 l\u2019\u00e9tude. Nous avons aussi accompagn\u00e9 la SCABRIC et la ZIP du Haut-Saint-Laurent pour identifier les sources de contamination de la rivi\u00e8re de la Tortue afin de rendre possible la pratique des sports de pagaie dans la rivi\u00e8re en plus d\u2019assurer le suivi de la piscine en eaux-vives de Beloeil, action qui nous a permis d\u2019obtenir un prix de reconnaissance de la part de la Fondation Esten.<\/span><\/p>\t\t\t\t\t\t\t\t<\/div>\n\t\t\t\t<\/div>\n\t\t\t\t<div class=\"elementor-element elementor-element-853010a elementor-widget elementor-widget-heading\" data-id=\"853010a\" data-element_type=\"widget\" data-e-type=\"widget\" data-widget_type=\"heading.default\">\n\t\t\t\t<div class=\"elementor-widget-container\">\n\t\t\t\t\t<h3 class=\"elementor-heading-title elementor-size-default\">Palmar\u00e8s des d\u00e9versements d\u2019eaux us\u00e9es<\/h3>\t\t\t\t<\/div>\n\t\t\t\t<\/div>\n\t\t\t\t<div class=\"elementor-element elementor-element-a2c7821 elementor-widget elementor-widget-image\" data-id=\"a2c7821\" data-element_type=\"widget\" data-e-type=\"widget\" data-widget_type=\"image.default\">\n\t\t\t\t<div class=\"elementor-widget-container\">\n\t\t\t\t\t\t\t\t\t\t\t\t<figure class=\"wp-caption\">\n\t\t\t\t\t\t\t\t\t\t<img loading=\"lazy\" decoding=\"async\" width=\"800\" height=\"671\" src=\"https:\/\/fondationrivieres.org\/wp-content\/uploads\/2025\/10\/Les-de\u0301bordements-nont-pas-tous-le-me\u0302me-impact-sur-lenvironnement-voici-les-villes-qui-menacent-le-plus-leurs-cours-deau.-4.png\" class=\"attachment-large size-large wp-image-74579\" alt=\"Palmar\u00e8s 2024 des d\u00e9versements d&#039;eaux us\u00e9es\" srcset=\"https:\/\/fondationrivieres.org\/wp-content\/uploads\/2025\/10\/Les-de\u0301bordements-nont-pas-tous-le-me\u0302me-impact-sur-lenvironnement-voici-les-villes-qui-menacent-le-plus-leurs-cours-deau.-4.png 940w, https:\/\/fondationrivieres.org\/wp-content\/uploads\/2025\/10\/Les-de\u0301bordements-nont-pas-tous-le-me\u0302me-impact-sur-lenvironnement-voici-les-villes-qui-menacent-le-plus-leurs-cours-deau.-4-300x251.png 300w, https:\/\/fondationrivieres.org\/wp-content\/uploads\/2025\/10\/Les-de\u0301bordements-nont-pas-tous-le-me\u0302me-impact-sur-lenvironnement-voici-les-villes-qui-menacent-le-plus-leurs-cours-deau.-4-768x644.png 768w, https:\/\/fondationrivieres.org\/wp-content\/uploads\/2025\/10\/Les-de\u0301bordements-nont-pas-tous-le-me\u0302me-impact-sur-lenvironnement-voici-les-villes-qui-menacent-le-plus-leurs-cours-deau.-4-14x12.png 14w\" sizes=\"(max-width: 800px) 100vw, 800px\" \/>\t\t\t\t\t\t\t\t\t\t\t<figcaption class=\"widget-image-caption wp-caption-text\"><\/figcaption>\n\t\t\t\t\t\t\t\t\t\t<\/figure>\n\t\t\t\t\t\t\t\t\t<\/div>\n\t\t\t\t<\/div>\n\t\t\t\t<div class=\"elementor-element elementor-element-d3d250a elementor-widget elementor-widget-text-editor\" data-id=\"d3d250a\" data-element_type=\"widget\" data-e-type=\"widget\" data-widget_type=\"text-editor.default\">\n\t\t\t\t<div class=\"elementor-widget-container\">\n\t\t\t\t\t\t\t\t\t<p><span style=\"font-weight: 400;\">Pour cette 6e \u00e9dition du <a href=\"https:\/\/fondationrivieres.org\/en\/our-actions\/carte-palmares-deversements-quebec\/\">Palmar\u00e8s des d\u00e9versements d&rsquo;eaux us\u00e9es<\/a>, malgr\u00e9 les chiffres importants, le plus grand apprentissage de cette \u00e9dition du palmar\u00e8s a \u00e9t\u00e9 de r\u00e9aliser que la formule actuelle a fait son temps. Nous avons l\u2019intention de le faire \u00e9voluer l\u2019an prochain de mani\u00e8re \u00e0 rendre compte des impacts sur l\u2019environnement des efforts des municipalit\u00e9s. Les donn\u00e9es et la carte restent un puissant outil de sensibilisation, mais la formule doit permettre de soutenir les \u00e9lus (et ils sont nombreux!) qui font des efforts en faveur de la r\u00e9duction des d\u00e9versements d\u2019eaux us\u00e9es.<\/span><\/p>\t\t\t\t\t\t\t\t<\/div>\n\t\t\t\t<\/div>\n\t\t\t\t\t<\/div>\n\t\t\t\t<\/div>\n\t\t<div class=\"elementor-element elementor-element-d6be4ea e-flex e-con-boxed e-con e-parent\" data-id=\"d6be4ea\" data-element_type=\"container\" data-e-type=\"container\" data-settings=\"{&quot;jet_parallax_layout_list&quot;:[]}\">\n\t\t\t\t\t<div class=\"e-con-inner\">\n\t\t\t\t<div class=\"elementor-element elementor-element-9ecbc85 elementor-widget elementor-widget-heading\" data-id=\"9ecbc85\" data-element_type=\"widget\" data-e-type=\"widget\" data-widget_type=\"heading.default\">\n\t\t\t\t<div class=\"elementor-widget-container\">\n\t\t\t\t\t<h2 class=\"elementor-heading-title elementor-size-default\">Energy and hydroelectric dams<\/h2>\t\t\t\t<\/div>\n\t\t\t\t<\/div>\n\t\t\t\t<div class=\"elementor-element elementor-element-9f11dd8 elementor-widget elementor-widget-heading\" data-id=\"9f11dd8\" data-element_type=\"widget\" data-e-type=\"widget\" data-widget_type=\"heading.default\">\n\t\t\t\t<div class=\"elementor-widget-container\">\n\t\t\t\t\t<h3 class=\"elementor-heading-title elementor-size-default\">Micror\u00e9seaux <\/h3>\t\t\t\t<\/div>\n\t\t\t\t<\/div>\n\t\t\t\t<div class=\"elementor-element elementor-element-e2ca21e elementor-widget elementor-widget-image\" data-id=\"e2ca21e\" data-element_type=\"widget\" data-e-type=\"widget\" data-widget_type=\"image.default\">\n\t\t\t\t<div class=\"elementor-widget-container\">\n\t\t\t\t\t\t\t\t\t\t\t\t\t\t\t<img loading=\"lazy\" decoding=\"async\" width=\"800\" height=\"534\" src=\"https:\/\/fondationrivieres.org\/wp-content\/uploads\/2025\/11\/microreseau_lac_megantic_principal_cr_hydro-quebec-1024x683.jpg\" class=\"attachment-large size-large wp-image-74793\" alt=\"Micror\u00e9seau Micror\u00e9seaux intelligents\" srcset=\"https:\/\/fondationrivieres.org\/wp-content\/uploads\/2025\/11\/microreseau_lac_megantic_principal_cr_hydro-quebec-1024x683.jpg 1024w, https:\/\/fondationrivieres.org\/wp-content\/uploads\/2025\/11\/microreseau_lac_megantic_principal_cr_hydro-quebec-300x200.jpg 300w, https:\/\/fondationrivieres.org\/wp-content\/uploads\/2025\/11\/microreseau_lac_megantic_principal_cr_hydro-quebec-768x512.jpg 768w, https:\/\/fondationrivieres.org\/wp-content\/uploads\/2025\/11\/microreseau_lac_megantic_principal_cr_hydro-quebec-18x12.jpg 18w, https:\/\/fondationrivieres.org\/wp-content\/uploads\/2025\/11\/microreseau_lac_megantic_principal_cr_hydro-quebec.jpg 1200w\" sizes=\"(max-width: 800px) 100vw, 800px\" \/>\t\t\t\t\t\t\t\t\t\t\t\t\t\t\t<\/div>\n\t\t\t\t<\/div>\n\t\t\t\t<div class=\"elementor-element elementor-element-f3ab3ae elementor-widget elementor-widget-text-editor\" data-id=\"f3ab3ae\" data-element_type=\"widget\" data-e-type=\"widget\" data-widget_type=\"text-editor.default\">\n\t\t\t\t<div class=\"elementor-widget-container\">\n\t\t\t\t\t\t\t\t\t<p><span style=\"font-weight: 400;\">La Fondation Rivi\u00e8res croit que notre avenir \u00e9lectrique et \u00e9nerg\u00e9tique repose sur une diversit\u00e9 de sources de production renouvelables et une r\u00e9duction importante de la consommation d\u2019\u00e9nergie. C\u2019est dans cet esprit que nous avons d\u00e9velopp\u00e9 <a href=\"https:\/\/fondationrivieres.org\/en\/our-actions\/energie-barrages-hydroelectriques\/microreseaux\/\">un projet sur les micror\u00e9seaux intelligents<\/a> sous forme de d\u00e9marche exploratoire visant \u00e0 analyser leur potentiel d\u2019offrir un compl\u00e9ment viable, voire une alternative \u00e0 la construction massive de grands barrages et de parcs \u00e9oliens.<\/span><\/p>\t\t\t\t\t\t\t\t<\/div>\n\t\t\t\t<\/div>\n\t\t\t\t<div class=\"elementor-element elementor-element-67bb398 elementor-widget elementor-widget-heading\" data-id=\"67bb398\" data-element_type=\"widget\" data-e-type=\"widget\" data-widget_type=\"heading.default\">\n\t\t\t\t<div class=\"elementor-widget-container\">\n\t\t\t\t\t<h3 class=\"elementor-heading-title elementor-size-default\">Mobilisation citoyenne<\/h3>\t\t\t\t<\/div>\n\t\t\t\t<\/div>\n\t\t\t\t<div class=\"elementor-element elementor-element-957035a elementor-widget elementor-widget-text-editor\" data-id=\"957035a\" data-element_type=\"widget\" data-e-type=\"widget\" data-widget_type=\"text-editor.default\">\n\t\t\t\t<div class=\"elementor-widget-container\">\n\t\t\t\t\t\t\t\t\t<p><span style=\"font-weight: 400;\">Nous sommes et serons tr\u00e8s pr\u00e9sents sur la C\u00f4te-Nord dans la prochaine ann\u00e9e et nous estimons que notre cr\u00e9dibilit\u00e9 est suffisamment reconnue pour que l\u2019on tienne compte de nos propositions. Ceci a \u00e9t\u00e9 rendu possible notamment gr\u00e2ce au travail de notre responsable de la mobilisation, Normand Beaudet, qui est all\u00e9 \u00e0 plusieurs reprises \u00e0 la rencontre des Innus cette ann\u00e9e afin de valider leur int\u00e9r\u00eat de collaborer avec la Fondation Rivi\u00e8res.<\/span><\/p>\t\t\t\t\t\t\t\t<\/div>\n\t\t\t\t<\/div>\n\t\t\t\t<div class=\"elementor-element elementor-element-fa57238 elementor-cta--skin-classic elementor-animated-content elementor-widget elementor-widget-call-to-action\" data-id=\"fa57238\" data-element_type=\"widget\" data-e-type=\"widget\" data-widget_type=\"call-to-action.default\">\n\t\t\t\t<div class=\"elementor-widget-container\">\n\t\t\t\t\t\t\t<div class=\"elementor-cta\">\n\t\t\t\t\t\t\t<div class=\"elementor-cta__content\">\n\t\t\t\t\t\t\t\t\t<div class=\"elementor-content-item elementor-cta__content-item elementor-icon-wrapper elementor-cta__icon elementor-view-default\">\n\t\t\t\t\t\t<div class=\"elementor-icon\">\n\t\t\t\t\t\t\t<i aria-hidden=\"true\" class=\"fas fa-book-open\"><\/i>\t\t\t\t\t\t<\/div>\n\t\t\t\t\t<\/div>\n\t\t\t\t\n\t\t\t\t\t\t\t\t\t<h4 class=\"elementor-cta__title elementor-cta__content-item elementor-content-item\">\n\t\t\t\t\t\tConsultez notre rapport d'impact 2025\t\t\t\t\t<\/h4>\n\t\t\t\t\n\t\t\t\t\n\t\t\t\t\t\t\t\t\t<div class=\"elementor-cta__button-wrapper elementor-cta__content-item elementor-content-item\">\n\t\t\t\t\t<a class=\"elementor-cta__button elementor-button elementor-size-\" href=\"https:\/\/drive.google.com\/file\/d\/1dqf-5mVBcHbXtWBSGyq6BAdgG36egJ6H\/view?usp=sharing\" target=\"_blank\" rel=\"noopener\">\n\t\t\t\t\t\tAccess the report\t\t\t\t\t<\/a>\n\t\t\t\t\t<\/div>\n\t\t\t\t\t\t\t<\/div>\n\t\t\t\t\t\t<\/div>\n\t\t\t\t\t\t<\/div>\n\t\t\t\t<\/div>\n\t\t\t\t\t<\/div>\n\t\t\t\t<\/div>\n\t\t<div class=\"elementor-element elementor-element-cc7e1d3 e-flex e-con-boxed e-con e-parent\" data-id=\"cc7e1d3\" data-element_type=\"container\" data-e-type=\"container\" data-settings=\"{&quot;jet_parallax_layout_list&quot;:[]}\">\n\t\t\t\t\t<div class=\"e-con-inner\">\n\t\t\t\t\t<\/div>\n\t\t\t\t<\/div>\n\t\t\t\t<\/div>","protected":false},"excerpt":{"rendered":"<p>Nos r\u00e9alisations en 2025 En quoi consiste 2025 pour nous: deux nouveaux projets structurants, plusieurs mobilisations citoyennes, 150 pr\u00e9sences m\u00e9diatiques, des repr\u00e9sentations politiques, nous n\u2019avons pas ch\u00f4m\u00e9! https:\/\/www.youtube.com\/shorts\/dZ6wjc1mG5U Am\u00e9nagement du territoire et adaptation aux changements climatiques Solutions Rivi\u00e8res Six MRC et municipalit\u00e9s s\u2019associent avec la Fondation Rivi\u00e8res pour d\u00e9ployer Solutions Rivi\u00e8res, une d\u00e9marche sur trois [&hellip;]<\/p>\n","protected":false},"author":19,"featured_media":74980,"comment_status":"closed","ping_status":"open","sticky":false,"template":"","format":"standard","meta":{"footnotes":""},"categories":[3],"tags":[],"class_list":["post-74979","post","type-post","status-publish","format-standard","has-post-thumbnail","hentry","category-actualites"],"_links":{"self":[{"href":"https:\/\/fondationrivieres.org\/en\/wp-json\/wp\/v2\/posts\/74979","targetHints":{"allow":["GET"]}}],"collection":[{"href":"https:\/\/fondationrivieres.org\/en\/wp-json\/wp\/v2\/posts"}],"about":[{"href":"https:\/\/fondationrivieres.org\/en\/wp-json\/wp\/v2\/types\/post"}],"author":[{"embeddable":true,"href":"https:\/\/fondationrivieres.org\/en\/wp-json\/wp\/v2\/users\/19"}],"replies":[{"embeddable":true,"href":"https:\/\/fondationrivieres.org\/en\/wp-json\/wp\/v2\/comments?post=74979"}],"version-history":[{"count":17,"href":"https:\/\/fondationrivieres.org\/en\/wp-json\/wp\/v2\/posts\/74979\/revisions"}],"predecessor-version":[{"id":76061,"href":"https:\/\/fondationrivieres.org\/en\/wp-json\/wp\/v2\/posts\/74979\/revisions\/76061"}],"wp:featuredmedia":[{"embeddable":true,"href":"https:\/\/fondationrivieres.org\/en\/wp-json\/wp\/v2\/media\/74980"}],"wp:attachment":[{"href":"https:\/\/fondationrivieres.org\/en\/wp-json\/wp\/v2\/media?parent=74979"}],"wp:term":[{"taxonomy":"category","embeddable":true,"href":"https:\/\/fondationrivieres.org\/en\/wp-json\/wp\/v2\/categories?post=74979"},{"taxonomy":"post_tag","embeddable":true,"href":"https:\/\/fondationrivieres.org\/en\/wp-json\/wp\/v2\/tags?post=74979"}],"curies":[{"name":"wp","href":"https:\/\/api.w.org\/{rel}","templated":true}]}}