{"id":74339,"date":"2025-08-19T09:34:18","date_gmt":"2025-08-19T13:34:18","guid":{"rendered":"https:\/\/fondationrivieres.org\/?p=74339"},"modified":"2026-01-27T14:28:33","modified_gmt":"2026-01-27T19:28:33","slug":"microreseau-intelligent","status":"publish","type":"post","link":"https:\/\/fondationrivieres.org\/en\/microreseau-intelligent\/","title":{"rendered":"Qu\u2019est-ce qu\u2019un micror\u00e9seau intelligent et comment \u00e7a fonctionne?"},"content":{"rendered":"<div data-elementor-type=\"wp-post\" data-elementor-id=\"74339\" class=\"elementor elementor-74339\" data-elementor-post-type=\"post\">\n\t\t\t\t<div class=\"elementor-element elementor-element-1b8ca33 e-flex e-con-boxed e-con e-parent\" data-id=\"1b8ca33\" data-element_type=\"container\" data-e-type=\"container\" data-settings=\"{&quot;jet_parallax_layout_list&quot;:[]}\">\n\t\t\t\t\t<div class=\"e-con-inner\">\n\t\t\t\t<div class=\"elementor-element elementor-element-ff4634a elementor-widget elementor-widget-text-editor\" data-id=\"ff4634a\" data-element_type=\"widget\" data-e-type=\"widget\" data-widget_type=\"text-editor.default\">\n\t\t\t\t<div class=\"elementor-widget-container\">\n\t\t\t\t\t\t\t\t\t<p><span style=\"font-weight: 400;\">Imaginez: une temp\u00eate frappe, les lignes \u00e9lectriques tombent, et votre ville plonge dans le noir. Mais, dans votre quartier, les lumi\u00e8res restent allum\u00e9es, le r\u00e9frig\u00e9rateur ronronne et le chauffage continue de fonctionner. Eh non, ce n\u2019est pas de la magie! C\u2019est la r\u00e9alit\u00e9 des micror\u00e9seaux intelligents.<\/span><\/p><p><span style=\"font-weight: 400;\">Dans un contexte o\u00f9 <a href=\"https:\/\/fondationrivieres.org\/en\/pl-69-son-adoption-devrait-etre-reportee\/\">le Qu\u00e9bec revoit en profondeur sa planification des ressources \u00e9nerg\u00e9tiques<\/a>, l\u2019id\u00e9e de produire et de g\u00e9rer l\u2019\u00e9lectricit\u00e9 autrement gagne du terrain. Les micror\u00e9seaux pourraient repr\u00e9senter une alternative viable \u00e0 la construction de<a href=\"https:\/\/fondationrivieres.org\/en\/our-actions\/energie-barrages-hydroelectriques\/100-megawatts-100-rivieres-menacees\/\"> nouveaux barrages ou centrales au fil de l\u2019eau<\/a>. Mais qu\u2019impliquent ces syst\u00e8mes encore m\u00e9connus?<\/span><\/p>\t\t\t\t\t\t\t\t<\/div>\n\t\t\t\t<\/div>\n\t\t\t\t<div class=\"elementor-element elementor-element-808dc7a elementor-widget elementor-widget-heading\" data-id=\"808dc7a\" data-element_type=\"widget\" data-e-type=\"widget\" data-widget_type=\"heading.default\">\n\t\t\t\t<div class=\"elementor-widget-container\">\n\t\t\t\t\t<h2 class=\"elementor-heading-title elementor-size-default\">Qu\u2019est-ce qu\u2019un micror\u00e9seau intelligent ?<\/h2>\t\t\t\t<\/div>\n\t\t\t\t<\/div>\n\t\t\t\t<div class=\"elementor-element elementor-element-f0343f4 elementor-widget elementor-widget-image\" data-id=\"f0343f4\" data-element_type=\"widget\" data-e-type=\"widget\" data-widget_type=\"image.default\">\n\t\t\t\t<div class=\"elementor-widget-container\">\n\t\t\t\t\t\t\t\t\t\t\t\t\t\t\t<img fetchpriority=\"high\" decoding=\"async\" width=\"800\" height=\"485\" src=\"https:\/\/fondationrivieres.org\/wp-content\/uploads\/2023\/05\/max-bender-iF5odYWB_nQ-unsplash-1024x621.jpg\" class=\"attachment-large size-large wp-image-55979\" alt=\"Energy\" srcset=\"https:\/\/fondationrivieres.org\/wp-content\/uploads\/2023\/05\/max-bender-iF5odYWB_nQ-unsplash-1024x621.jpg 1024w, https:\/\/fondationrivieres.org\/wp-content\/uploads\/2023\/05\/max-bender-iF5odYWB_nQ-unsplash-300x182.jpg 300w, https:\/\/fondationrivieres.org\/wp-content\/uploads\/2023\/05\/max-bender-iF5odYWB_nQ-unsplash-768x466.jpg 768w, https:\/\/fondationrivieres.org\/wp-content\/uploads\/2023\/05\/max-bender-iF5odYWB_nQ-unsplash-1536x932.jpg 1536w, https:\/\/fondationrivieres.org\/wp-content\/uploads\/2023\/05\/max-bender-iF5odYWB_nQ-unsplash-18x12.jpg 18w, https:\/\/fondationrivieres.org\/wp-content\/uploads\/2023\/05\/max-bender-iF5odYWB_nQ-unsplash.jpg 1700w\" sizes=\"(max-width: 800px) 100vw, 800px\" \/>\t\t\t\t\t\t\t\t\t\t\t\t\t\t\t<\/div>\n\t\t\t\t<\/div>\n\t\t\t\t<div class=\"elementor-element elementor-element-c987b8a elementor-widget elementor-widget-text-editor\" data-id=\"c987b8a\" data-element_type=\"widget\" data-e-type=\"widget\" data-widget_type=\"text-editor.default\">\n\t\t\t\t<div class=\"elementor-widget-container\">\n\t\t\t\t\t\t\t\t\t<p><span style=\"font-weight: 400;\">Un micror\u00e9seau intelligent d\u00e9signe un ensemble d\u2019outils technologiques assurant une gestion optimis\u00e9e d\u2019un petit r\u00e9seau \u00e9lectrique. Similaire \u00e0 d\u2019autres types de r\u00e9seau, il dispose de diff\u00e9rentes sources de production (solaire, \u00e9olienne, biomasse, petite hydraulique, etc.) et des syst\u00e8mes de stockage (souvent des batteries). Avec l\u2019usage de panneaux solaires sur des toits, la client\u00e8le peut elle-m\u00eame produire de l\u2019\u00e9nergie et injecter ce qu\u2019elle ne consomme pas sur le micror\u00e9seau. C\u2019est ce qu&rsquo;on appelle des \u00ab <\/span><b>pro-consommateur<\/b><span style=\"font-weight: 400;\"> &quot;.&nbsp;<\/span><\/p>\n<p><span style=\"font-weight: 400;\">Toutes ces installations sont de bien plus petite \u00e9chelle que celles d\u2019un grand r\u00e9seau comme celui d\u2019Hydro-Qu\u00e9bec. Elles peuvent alimenter un b\u00e2timent, un quartier ou, dans certains cas, une petite ville.<\/span><\/p>\n<p><span style=\"font-weight: 400;\">On parle de r\u00e9seau \u00ab intelligent \u00bb parce qu\u2019il utilise des outils num\u00e9riques tr\u00e8s pr\u00e9cis permettant d\u2019<\/span><b>\u00e9quilibrer la production et la consommation en temps r\u00e9el<\/b><span style=\"font-weight: 400;\">. Ces technologies de communication et de contr\u00f4le optimisent la consommation (notamment lors de la fameuse pointe!), r\u00e9duisent les pertes d\u2019\u00e9nergie et permettent d\u2019int\u00e9grer les \u00e9nergies renouvelables de fa\u00e7on fluide. Il est m\u00eame possible d&rsquo;y connecter des appareils bidirectionnels qui peuvent stocker de l&rsquo;\u00e9nergie et qui peuvent approvisionner le r\u00e9seau comme des voitures \u00e9lectriques.&nbsp;<\/span><\/p>\n<p><span style=\"font-weight: 400;\">Le micror\u00e9seau intelligent peut fonctionner en \u00e9tant <\/span><b>connect\u00e9 au r\u00e9seau central<\/b><span style=\"font-weight: 400;\"> (dans notre cas ce serait Hydro-Qu\u00e9bec) ou<\/span><b> en autonomie compl\u00e8te<\/b><span style=\"font-weight: 400;\">. La plupart des micror\u00e9seaux intelligents utilisent une fonction appel\u00e9e \u00ab <\/span><b>\u00eelotage<\/b><span style=\"font-weight: 400;\"> \u00bb, soit une option de d\u00e9connexion temporaire. Cela permet notamment de continuer \u00e0 alimenter les usages essentiels en cas de panne sur le r\u00e9seau principal.<\/span><\/p>\t\t\t\t\t\t\t\t<\/div>\n\t\t\t\t<\/div>\n\t\t\t\t<div class=\"elementor-element elementor-element-5fa06e7 elementor-widget elementor-widget-heading\" data-id=\"5fa06e7\" data-element_type=\"widget\" data-e-type=\"widget\" data-widget_type=\"heading.default\">\n\t\t\t\t<div class=\"elementor-widget-container\">\n\t\t\t\t\t<h2 class=\"elementor-heading-title elementor-size-default\">Comment \u00e7a fonctionne au quotidien ?<\/h2>\t\t\t\t<\/div>\n\t\t\t\t<\/div>\n\t\t\t\t<div class=\"elementor-element elementor-element-67aa3d1 elementor-widget elementor-widget-text-editor\" data-id=\"67aa3d1\" data-element_type=\"widget\" data-e-type=\"widget\" data-widget_type=\"text-editor.default\">\n\t\t\t\t<div class=\"elementor-widget-container\">\n\t\t\t\t\t\t\t\t\t<p><span style=\"font-weight: 400;\">Un micror\u00e9seau intelligent est compos\u00e9 de <\/span><b>ressources \u00e9nerg\u00e9tiques d\u00e9centralis\u00e9es<\/b><span style=\"font-weight: 400;\">. Celles-ci peuvent \u00eatre class\u00e9es selon trois cat\u00e9gories: les installations de production chez les particuliers (des panneaux solaires sur les toits), les syst\u00e8mes de stockage int\u00e9gr\u00e9s en milieu r\u00e9sidentiel (des batteries) ou encore les charges contr\u00f4lables, soit des appareils dont l\u2019utilisation peut \u00eatre modul\u00e9e intelligemment en fonction de la demande et de la disponibilit\u00e9 de l\u2019\u00e9nergie. Cette derni\u00e8re cat\u00e9gorie comprend entre autres les syst\u00e8mes de chauffages contr\u00f4l\u00e9s par des thermostats intelligents ou encore les voitures \u00e9lectriques.\u00a0<\/span><\/p><p><span style=\"font-weight: 400;\">Pensez au micror\u00e9seau comme \u00e0 un <\/span><b>chef d\u2019orchestre<\/b><span style=\"font-weight: 400;\">: chaque ressource \u00e9nerg\u00e9tique d\u00e9centralis\u00e9e est un instrument et les technologies de contr\u00f4le permettent au micror\u00e9seau d\u2019assurer une harmonie. En d\u00e9tectant et collectant des donn\u00e9es gr\u00e2ce \u00e0 des capteurs, le micror\u00e9seau peut produire et distribuer l\u2019\u00e9nergie avec justesse et pr\u00e9cision.<\/span><\/p>\t\t\t\t\t\t\t\t<\/div>\n\t\t\t\t<\/div>\n\t\t\t\t<div class=\"elementor-element elementor-element-a4a48d7 elementor-cta--layout-image-right elementor-widget__width-initial elementor-cta--skin-classic elementor-animated-content elementor-bg-transform elementor-bg-transform-zoom-in elementor-widget elementor-widget-call-to-action\" data-id=\"a4a48d7\" data-element_type=\"widget\" data-e-type=\"widget\" data-widget_type=\"call-to-action.default\">\n\t\t\t\t<div class=\"elementor-widget-container\">\n\t\t\t\t\t\t\t<a class=\"elementor-cta\" href=\"https:\/\/signup-can.keela.co\/infolettre-url-invitation-hydroelectricite\" target=\"_blank\" rel=\"noopener\">\n\t\t\t\t\t\t\t<div class=\"elementor-cta__content\">\n\t\t\t\t\t\t\t\t\t<div class=\"elementor-content-item elementor-cta__content-item elementor-icon-wrapper elementor-cta__icon elementor-view-default\">\n\t\t\t\t\t\t<div class=\"elementor-icon\">\n\t\t\t\t\t\t\t<i aria-hidden=\"true\" class=\"fas fa-mail-bulk\"><\/i>\t\t\t\t\t\t<\/div>\n\t\t\t\t\t<\/div>\n\t\t\t\t\n\t\t\t\t\t\t\t\t\t<h3 class=\"elementor-cta__title elementor-cta__content-item elementor-content-item\">\n\t\t\t\t\t\tStay informed of our actions related to energy issues \t\t\t\t\t<\/h3>\n\t\t\t\t\n\t\t\t\t\n\t\t\t\t\t\t\t\t\t<div class=\"elementor-cta__button-wrapper elementor-cta__content-item elementor-content-item\">\n\t\t\t\t\t<span class=\"elementor-cta__button elementor-button elementor-size-\">\n\t\t\t\t\t\tI subscribe to the newsletter \u2192\t\t\t\t\t<\/span>\n\t\t\t\t\t<\/div>\n\t\t\t\t\t\t\t<\/div>\n\t\t\t\t\t\t<\/a>\n\t\t\t\t\t\t<\/div>\n\t\t\t\t<\/div>\n\t\t\t\t<div class=\"elementor-element elementor-element-30929c0 elementor-widget elementor-widget-heading\" data-id=\"30929c0\" data-element_type=\"widget\" data-e-type=\"widget\" data-widget_type=\"heading.default\">\n\t\t\t\t<div class=\"elementor-widget-container\">\n\t\t\t\t\t<h2 class=\"elementor-heading-title elementor-size-default\">Micror\u00e9seau intelligent: quels avantages pour les communaut\u00e9s ?<\/h2>\t\t\t\t<\/div>\n\t\t\t\t<\/div>\n\t\t\t\t<div class=\"elementor-element elementor-element-af841f9 elementor-widget elementor-widget-text-editor\" data-id=\"af841f9\" data-element_type=\"widget\" data-e-type=\"widget\" data-widget_type=\"text-editor.default\">\n\t\t\t\t<div class=\"elementor-widget-container\">\n\t\t\t\t\t\t\t\t\t<p><span style=\"font-weight: 400;\">En fonction de leur contexte d\u2019implantation, ils peuvent renforcer la r\u00e9silience et l\u2019autonomie \u00e9nerg\u00e9tique, faciliter l\u2019implantation de production renouvelable locales et augmenter la sobri\u00e9t\u00e9 \u00e9nerg\u00e9tique.<\/span><\/p><p><span style=\"font-weight: 400;\">Bien que les b\u00e9n\u00e9fices \u00e9conomiques et environnementaux varient selon les r\u00e9seaux, une tendance forte se d\u00e9gage: leurs retomb\u00e9es sociales sont particuli\u00e8rement prometteuses. Ces r\u00e9seaux permettent d\u2019int\u00e9grer la population \u00e0 la gestion et \u00e0 la production de l\u2019\u00e9nergie. Ce faisant, la communaut\u00e9 d\u00e9veloppe rapidement un sentiment de fiert\u00e9, un engagement envers le processus et une forte coh\u00e9sion sociale. <\/span><\/p>\t\t\t\t\t\t\t\t<\/div>\n\t\t\t\t<\/div>\n\t\t\t\t<div class=\"elementor-element elementor-element-ad85884 elementor-widget elementor-widget-heading\" data-id=\"ad85884\" data-element_type=\"widget\" data-e-type=\"widget\" data-widget_type=\"heading.default\">\n\t\t\t\t<div class=\"elementor-widget-container\">\n\t\t\t\t\t<h2 class=\"elementor-heading-title elementor-size-default\">Quel avenir pour les micror\u00e9seaux intelligents au Qu\u00e9bec ?<\/h2>\t\t\t\t<\/div>\n\t\t\t\t<\/div>\n\t\t\t\t<div class=\"elementor-element elementor-element-158c172 elementor-widget elementor-widget-text-editor\" data-id=\"158c172\" data-element_type=\"widget\" data-e-type=\"widget\" data-widget_type=\"text-editor.default\">\n\t\t\t\t<div class=\"elementor-widget-container\">\n\t\t\t\t\t\t\t\t\t<p><span style=\"font-weight: 400;\">Les micror\u00e9seaux intelligents ne remplaceront certainement pas le r\u00e9seau public d\u2019Hydro-Qu\u00e9bec, mais ils peuvent le compl\u00e9ter et le rendre plus r\u00e9silient. C\u2019est d\u2019ailleurs une avenue qui a \u00e9t\u00e9 explor\u00e9e avec au <\/span><a href=\"https:\/\/www.hydroquebec.com\/microreseau-lac-megantic\/\" target=\"_blank\" rel=\"noopener\"><span style=\"font-weight: 400;\">Lac M\u00e9gantic<\/span><\/a><span style=\"font-weight: 400;\">.<\/span><\/p>\t\t\t\t\t\t\t\t<\/div>\n\t\t\t\t<\/div>\n\t\t\t\t<div class=\"elementor-element elementor-element-bcfd6b3 elementor-widget elementor-widget-heading\" data-id=\"bcfd6b3\" data-element_type=\"widget\" data-e-type=\"widget\" data-widget_type=\"heading.default\">\n\t\t\t\t<div class=\"elementor-widget-container\">\n\t\t\t\t\t<h4 class=\"elementor-heading-title elementor-size-default\">About the author<br><\/h4>\t\t\t\t<\/div>\n\t\t\t\t<\/div>\n\t\t\t\t<div class=\"elementor-element elementor-element-d420e8d elementor-widget elementor-widget-author-box\" data-id=\"d420e8d\" data-element_type=\"widget\" data-e-type=\"widget\" data-widget_type=\"author-box.default\">\n\t\t\t\t<div class=\"elementor-widget-container\">\n\t\t\t\t\t\t\t<div class=\"elementor-author-box\">\n\t\t\t\t\t\t\t<a href=\"https:\/\/www.linkedin.com\/in\/%C3%A9l%C3%A9onore-dufresne-611906364\/\" class=\"elementor-author-box__avatar\" target=\"_blank\" rel=\"noopener\">\n\t\t\t\t\t<img decoding=\"async\" src=\"https:\/\/fondationrivieres.org\/wp-content\/uploads\/2025\/05\/Facebook-et-IG-1-2-3-2-300x300.png\" alt=\"Picture of \u00c9l\u00e9onore Dufresne\" loading=\"lazy\">\n\t\t\t\t<\/a>\n\t\t\t\n\t\t\t<div class=\"elementor-author-box__text\">\n\t\t\t\t\t\t\t\t\t<a href=\"https:\/\/www.linkedin.com\/in\/%C3%A9l%C3%A9onore-dufresne-611906364\/\" target=\"_blank\" rel=\"noopener\">\n\t\t\t\t\t\t<h4 class=\"elementor-author-box__name\">\n\t\t\t\t\t\t\t\u00c9l\u00e9onore Dufresne\t\t\t\t\t\t<\/h4>\n\t\t\t\t\t<\/a>\n\t\t\t\t\n\t\t\t\t\t\t\t\t\t<div class=\"elementor-author-box__bio\">\n\t\t\t\t\t\t<p>\u00c9l\u00e9onore \u00e9tait stagiaire au sein de la Fondation Rivi\u00e8res. Elle a travaill\u00e9 sur les enjeux \u00e9nerg\u00e9tiques. <\/p>\n\t\t\t\t\t<\/div>\n\t\t\t\t\n\t\t\t\t\t\t\t<\/div>\n\t\t<\/div>\n\t\t\t\t\t\t<\/div>\n\t\t\t\t<\/div>\n\t\t\t\t\t<\/div>\n\t\t\t\t<\/div>\n\t\t\t\t<\/div>","protected":false},"excerpt":{"rendered":"<p>Imaginez: une temp\u00eate frappe, les lignes \u00e9lectriques tombent, et votre ville plonge dans le noir. Mais, dans votre quartier, les lumi\u00e8res restent allum\u00e9es, le r\u00e9frig\u00e9rateur ronronne et le chauffage continue de fonctionner. Eh non, ce n\u2019est pas de la magie! C\u2019est la r\u00e9alit\u00e9 des micror\u00e9seaux intelligents.<br \/>\nDans un contexte o\u00f9 le Qu\u00e9bec revoit en profondeur sa planification des ressources \u00e9nerg\u00e9tiques, l\u2019id\u00e9e de produire et de g\u00e9rer l\u2019\u00e9lectricit\u00e9 autrement gagne du terrain. Les micror\u00e9seaux pourraient repr\u00e9senter une alternative viable \u00e0 la construction de nouveaux barrages ou centrales au fil de l\u2019eau. Mais qu\u2019impliquent ces syst\u00e8mes encore m\u00e9connus?<\/p>","protected":false},"author":19,"featured_media":74340,"comment_status":"closed","ping_status":"open","sticky":false,"template":"","format":"standard","meta":{"footnotes":""},"categories":[7],"tags":[453,47],"class_list":["post-74339","post","type-post","status-publish","format-standard","has-post-thumbnail","hentry","category-guides-et-conseils","tag-blogue","tag-energie"],"_links":{"self":[{"href":"https:\/\/fondationrivieres.org\/en\/wp-json\/wp\/v2\/posts\/74339","targetHints":{"allow":["GET"]}}],"collection":[{"href":"https:\/\/fondationrivieres.org\/en\/wp-json\/wp\/v2\/posts"}],"about":[{"href":"https:\/\/fondationrivieres.org\/en\/wp-json\/wp\/v2\/types\/post"}],"author":[{"embeddable":true,"href":"https:\/\/fondationrivieres.org\/en\/wp-json\/wp\/v2\/users\/19"}],"replies":[{"embeddable":true,"href":"https:\/\/fondationrivieres.org\/en\/wp-json\/wp\/v2\/comments?post=74339"}],"version-history":[{"count":23,"href":"https:\/\/fondationrivieres.org\/en\/wp-json\/wp\/v2\/posts\/74339\/revisions"}],"predecessor-version":[{"id":75776,"href":"https:\/\/fondationrivieres.org\/en\/wp-json\/wp\/v2\/posts\/74339\/revisions\/75776"}],"wp:featuredmedia":[{"embeddable":true,"href":"https:\/\/fondationrivieres.org\/en\/wp-json\/wp\/v2\/media\/74340"}],"wp:attachment":[{"href":"https:\/\/fondationrivieres.org\/en\/wp-json\/wp\/v2\/media?parent=74339"}],"wp:term":[{"taxonomy":"category","embeddable":true,"href":"https:\/\/fondationrivieres.org\/en\/wp-json\/wp\/v2\/categories?post=74339"},{"taxonomy":"post_tag","embeddable":true,"href":"https:\/\/fondationrivieres.org\/en\/wp-json\/wp\/v2\/tags?post=74339"}],"curies":[{"name":"wp","href":"https:\/\/api.w.org\/{rel}","templated":true}]}}