{"id":74304,"date":"2025-07-31T19:30:37","date_gmt":"2025-07-31T23:30:37","guid":{"rendered":"https:\/\/fondationrivieres.org\/?p=74304"},"modified":"2025-08-05T09:49:57","modified_gmt":"2025-08-05T13:49:57","slug":"plage-de-batiscan-perte-dacces","status":"publish","type":"post","link":"https:\/\/fondationrivieres.org\/en\/plage-de-batiscan-perte-dacces\/","title":{"rendered":"Batiscan Beach: A chronic case that once again illustrates the loss of access to rivers in Quebec"},"content":{"rendered":"<div data-elementor-type=\"wp-post\" data-elementor-id=\"74304\" class=\"elementor elementor-74304\" data-elementor-post-type=\"post\">\n\t\t\t\t<div class=\"elementor-element elementor-element-aa6a9f5 e-flex e-con-boxed e-con e-parent\" data-id=\"aa6a9f5\" data-element_type=\"container\" data-e-type=\"container\" data-settings=\"{&quot;jet_parallax_layout_list&quot;:[]}\">\n\t\t\t\t\t<div class=\"e-con-inner\">\n\t\t\t\t<div class=\"elementor-element elementor-element-1d85c33 elementor-widget elementor-widget-text-editor\" data-id=\"1d85c33\" data-element_type=\"widget\" data-e-type=\"widget\" data-widget_type=\"text-editor.default\">\n\t\t\t\t<div class=\"elementor-widget-container\">\n\t\t\t\t\t\t\t\t\t<p><b>Montr\u00e9al, le 31 juillet 2025 &#8211; <\/b><span style=\"font-weight: 400;\">Hier, le 30 juillet 2025, la police est venue interpeller une famille alors qu\u2019elle pique-niquait sur la plage de Batiscan, suite \u00e0 la plainte d\u2019une riveraine, sous pr\u00e9texte qu\u2019elle se serait trouv\u00e9e sur un terrain priv\u00e9. Or, le motif de l\u2019interpellation ne tient pas, puisque <\/span><span style=\"font-weight: 400;\">la plage est bel et bien publique sous la ligne des hautes eaux, <\/span><span style=\"font-weight: 400;\">comme nous l\u2019avait <\/span><a href=\"https:\/\/fondationrivieres.org\/en\/lettre-ministere-de-lenvironnement-confirme-caractere-public-littoral-plage-de-batiscan\/\"><span style=\"font-weight: 400;\">confirm\u00e9 le Minist\u00e8re de l\u2019environnement d\u00e8s 2023<\/span><\/a><span style=\"font-weight: 400;\">, soit l\u00e0 o\u00f9 se trouvait cette famille.\u00a0<\/span><\/p><p><span style=\"font-weight: 400;\">Dans un Qu\u00e9bec o\u00f9 <\/span><a href=\"https:\/\/fondationrivieres.org\/en\/98-des-lacs-sont-inaccessibles-la-fondation-rivieres-propose-des-solutions\/\"><span style=\"font-weight: 400;\">98% des lacs et rivi\u00e8res du sud du Qu\u00e9bec sont inaccessibles<\/span><\/a><span style=\"font-weight: 400;\">, il est crucial de ch\u00e9rir et revendiquer les acc\u00e8s publics riverains restants.\u00a0<\/span><\/p><p><span style=\"font-weight: 400;\">\u201c<\/span><span style=\"font-weight: 400;\"> Le cas de la plage de Batiscan est repr\u00e9sentatif de la privatisation des berges au Qu\u00e9bec. Malgr\u00e9 nos actions et celles du comit\u00e9 citoyen depuis de nombreuses ann\u00e9es, certains propri\u00e9taires riverains continuent \u00e0 revendiquer ce territoire public comme \u00e9tant le leur et la municipalit\u00e9 continue d\u2019\u00eatre complice. Ils privent ainsi le plus grand nombre d\u2019un des rares acc\u00e8s de la r\u00e9gion au fleuve Saint-Laurent \u00bb, affirme Coralie Massey-Cantin, porte-parole de la Fondation Rivi\u00e8res.<\/span><\/p>\t\t\t\t\t\t\t\t<\/div>\n\t\t\t\t<\/div>\n\t\t\t\t<div class=\"elementor-element elementor-element-dd90c4c elementor-widget elementor-widget-heading\" data-id=\"dd90c4c\" data-element_type=\"widget\" data-e-type=\"widget\" data-widget_type=\"heading.default\">\n\t\t\t\t<div class=\"elementor-widget-container\">\n\t\t\t\t\t<h2 class=\"elementor-heading-title elementor-size-default\">Un Grand Splash dimanche que la municipalit\u00e9 tente de bloquer<\/h2>\t\t\t\t<\/div>\n\t\t\t\t<\/div>\n\t\t\t\t<div class=\"elementor-element elementor-element-1d2f0e3 elementor-widget elementor-widget-text-editor\" data-id=\"1d2f0e3\" data-element_type=\"widget\" data-e-type=\"widget\" data-widget_type=\"text-editor.default\">\n\t\t\t\t<div class=\"elementor-widget-container\">\n\t\t\t\t\t\t\t\t\t<p><span style=\"font-weight: 400;\">Pour faire reconna\u00eetre la plage de Batiscan comme un acc\u00e8s public, la Fondation Rivi\u00e8res et l\u2019Association pour l\u2019accessibilit\u00e9 publique de la plage de Batiscan organisent ce dimanche 3 ao\u00fbt, \u00e0 11h, un Grand Splash. L\u2019objectif de cet \u00e9v\u00e9nement est que la municipalit\u00e9 de Batiscan mette enfin en place un acc\u00e8s s\u00e9curitaire public pour toutes et tous.<\/span><\/p><p><span style=\"font-weight: 400;\">\u201c<\/span><span style=\"font-weight: 400;\"> L&rsquo;Association<\/span><span style=\"font-weight: 400;\"> pour l\u2019accessibilit\u00e9 publique de la plage de Batiscan<\/span><span style=\"font-weight: 400;\"> milite depuis de nombreuses ann\u00e9es pour enfin retrouver un acc\u00e8s \u00e0 la plage, dit Annie M\u00fcller, pr\u00e9sidente de l\u2019association. La municipalit\u00e9 \u00e9voque des raisons de responsabilit\u00e9 civile pour \u00e9viter d\u2019am\u00e9nager une voie d\u2019acc\u00e8s pour tous les citoyens \u00e0 la plage publique. Dans le cas du Grand Splash, par exemple, c\u2019est nous qui avons d\u00fb pr\u00e9voir un acc\u00e8s s\u00e9curitaire depuis le quai municipal, avec les b\u00e9n\u00e9voles. \u00bb<\/span><\/p><p><span style=\"font-weight: 400;\">La municipalit\u00e9 de Batiscan a inform\u00e9 l\u2019Association<\/span><span style=\"font-weight: 400;\"> pour l\u2019accessibilit\u00e9 publique de la plage de Batiscan<\/span><span style=\"font-weight: 400;\"> qu\u2019il serait pr\u00e9f\u00e9rable qu\u2019elle trouve une autre voie d\u2019acc\u00e8s que le quai municipal \u00e0 la plage. Or, tous les terrains aux alentours sont priv\u00e9s. Une nouvelle fois, la municipalit\u00e9 de Batiscan cherche \u00e0 bloquer l\u2019acc\u00e8s \u00e0 la plage publique et \u00e0 \u00e9touffer des revendications citoyennes l\u00e9gitimes.\u00a0<\/span><\/p><p><span style=\"font-weight: 400;\">Le Grand Splash de ce dimanche sera l\u2019occasion de collectivement affirmer l\u2019importance de la plage de Batiscan, en se baignant.\u00a0 <\/span><\/p>\t\t\t\t\t\t\t\t<\/div>\n\t\t\t\t<\/div>\n\t\t\t\t<div class=\"elementor-element elementor-element-84b25c6 elementor-widget elementor-widget-heading\" data-id=\"84b25c6\" data-element_type=\"widget\" data-e-type=\"widget\" data-widget_type=\"heading.default\">\n\t\t\t\t<div class=\"elementor-widget-container\">\n\t\t\t\t\t<h2 class=\"elementor-heading-title elementor-size-default\">The Big Splash<\/h2>\t\t\t\t<\/div>\n\t\t\t\t<\/div>\n\t\t\t\t<div class=\"elementor-element elementor-element-68de624 elementor-widget elementor-widget-text-editor\" data-id=\"68de624\" data-element_type=\"widget\" data-e-type=\"widget\" data-widget_type=\"text-editor.default\">\n\t\t\t\t<div class=\"elementor-widget-container\">\n\t\t\t\t\t\t\t\t\t<p><span style=\"font-weight: 400;\">Le Grand Splash est une s\u00e9rie d\u2019\u00e9v\u00e9nements festifs et gratuits qui a pour but de d\u00e9mocratiser l\u2019acc\u00e8s aux cours d\u2019eau. Vous \u00eates ainsi invit\u00e9s \u00e0 sauter \u00e0 l\u2019eau \u00e0 des endroits s\u00e9curitaires, qui n\u2019ont pas le statut d\u2019acc\u00e8s public \u00e0 l\u2019eau, mais qui ont le potentiel de le devenir.<\/span><\/p><p><span style=\"font-weight: 400;\">La qualit\u00e9 de l\u2019eau \u00e0 Batiscan permet la baignade: <a href=\"https:\/\/drive.google.com\/file\/d\/1sG5M0PbtiQ_hYYiVBu1273tmgJIvznHX\/view?usp=sharing\" target=\"_blank\" rel=\"noopener\">d<\/a><\/span><span style=\"font-weight: 400;\">es <\/span><span style=\"font-weight: 400;\">tests de qualit\u00e9 de l\u2019eau<\/span><span style=\"font-weight: 400;\"> du 28 juillet dernier<\/span><span style=\"font-weight: 400;\"> nous indiquent que le niveau de concentration d\u2019Escherichia coli (E. coli) n\u2019est pas inqui\u00e9tant pour la sant\u00e9.\u00a0<\/span><\/p><p><strong>Date: Dimanche 2 ao\u00fbt 2025<\/strong><\/p><p><strong>Heure : 11h h \u00e0 15h<\/strong><\/p><p><strong>Lieu: 1020 Rue Principale, Batiscan, QC G0X 1A0<\/strong><\/p>\t\t\t\t\t\t\t\t<\/div>\n\t\t\t\t<\/div>\n\t\t\t\t<div class=\"elementor-element elementor-element-27c4b25 elementor-widget elementor-widget-text-editor\" data-id=\"27c4b25\" data-element_type=\"widget\" data-e-type=\"widget\" data-widget_type=\"text-editor.default\">\n\t\t\t\t<div class=\"elementor-widget-container\">\n\t\t\t\t\t\t\t\t\t<p>- 30 -<\/p>\t\t\t\t\t\t\t\t<\/div>\n\t\t\t\t<\/div>\n\t\t\t\t<div class=\"elementor-element elementor-element-e75fb62 elementor-widget elementor-widget-text-editor\" data-id=\"e75fb62\" data-element_type=\"widget\" data-e-type=\"widget\" data-widget_type=\"text-editor.default\">\n\t\t\t\t<div class=\"elementor-widget-container\">\n\t\t\t\t\t\t\t\t\t<p>Pour confirmer votre pr\u00e9sence et pour demande d\u2019entrevue :<br \/>Coralie Massey-Cantin<br \/>Philanthropic development advisor <br \/>Fondation Rivi\u00e8res<br \/>514-272-2666, ext. 305<br \/>communications@fondationrivieres.org<\/p>\t\t\t\t\t\t\t\t<\/div>\n\t\t\t\t<\/div>\n\t\t\t\t\t<\/div>\n\t\t\t\t<\/div>\n\t\t\t\t<\/div>","protected":false},"excerpt":{"rendered":"<p>Montr\u00e9al, le 31 juillet 2025 &#8211; Hier, le 30 juillet 2025, la police est venue interpeller une famille alors qu\u2019elle pique-niquait sur la plage de Batiscan, suite \u00e0 la plainte d\u2019une riveraine, sous pr\u00e9texte qu\u2019elle se serait trouv\u00e9e sur un terrain priv\u00e9. Or, le motif de l\u2019interpellation ne tient pas, puisque la plage est bel [&hellip;]<\/p>\n","protected":false},"author":19,"featured_media":74306,"comment_status":"closed","ping_status":"open","sticky":false,"template":"","format":"standard","meta":{"footnotes":""},"categories":[5,3],"tags":[],"class_list":["post-74304","post","type-post","status-publish","format-standard","has-post-thumbnail","hentry","category-communiques","category-actualites"],"_links":{"self":[{"href":"https:\/\/fondationrivieres.org\/en\/wp-json\/wp\/v2\/posts\/74304","targetHints":{"allow":["GET"]}}],"collection":[{"href":"https:\/\/fondationrivieres.org\/en\/wp-json\/wp\/v2\/posts"}],"about":[{"href":"https:\/\/fondationrivieres.org\/en\/wp-json\/wp\/v2\/types\/post"}],"author":[{"embeddable":true,"href":"https:\/\/fondationrivieres.org\/en\/wp-json\/wp\/v2\/users\/19"}],"replies":[{"embeddable":true,"href":"https:\/\/fondationrivieres.org\/en\/wp-json\/wp\/v2\/comments?post=74304"}],"version-history":[{"count":10,"href":"https:\/\/fondationrivieres.org\/en\/wp-json\/wp\/v2\/posts\/74304\/revisions"}],"predecessor-version":[{"id":74319,"href":"https:\/\/fondationrivieres.org\/en\/wp-json\/wp\/v2\/posts\/74304\/revisions\/74319"}],"wp:featuredmedia":[{"embeddable":true,"href":"https:\/\/fondationrivieres.org\/en\/wp-json\/wp\/v2\/media\/74306"}],"wp:attachment":[{"href":"https:\/\/fondationrivieres.org\/en\/wp-json\/wp\/v2\/media?parent=74304"}],"wp:term":[{"taxonomy":"category","embeddable":true,"href":"https:\/\/fondationrivieres.org\/en\/wp-json\/wp\/v2\/categories?post=74304"},{"taxonomy":"post_tag","embeddable":true,"href":"https:\/\/fondationrivieres.org\/en\/wp-json\/wp\/v2\/tags?post=74304"}],"curies":[{"name":"wp","href":"https:\/\/api.w.org\/{rel}","templated":true}]}}