{"id":72189,"date":"2025-03-31T09:02:29","date_gmt":"2025-03-31T13:02:29","guid":{"rendered":"https:\/\/fondationrivieres.org\/?p=72189"},"modified":"2025-05-21T16:52:37","modified_gmt":"2025-05-21T20:52:37","slug":"pl93-brimer-democratie-milieux","status":"publish","type":"post","link":"https:\/\/fondationrivieres.org\/en\/pl93-brimer-democratie-milieux\/","title":{"rendered":"Gag on Bill 93: Harassing our democracy and our natural environments to satisfy an American company"},"content":{"rendered":"<div data-elementor-type=\"wp-post\" data-elementor-id=\"72189\" class=\"elementor elementor-72189\" data-elementor-post-type=\"post\">\n\t\t\t\t<div class=\"elementor-element elementor-element-42e1917 e-flex e-con-boxed e-con e-parent\" data-id=\"42e1917\" data-element_type=\"container\" data-e-type=\"container\" data-settings=\"{&quot;jet_parallax_layout_list&quot;:[]}\">\n\t\t\t\t\t<div class=\"e-con-inner\">\n\t\t\t\t<div class=\"elementor-element elementor-element-b74f232 elementor-widget elementor-widget-text-editor\" data-id=\"b74f232\" data-element_type=\"widget\" data-e-type=\"widget\" data-widget_type=\"text-editor.default\">\n\t\t\t\t<div class=\"elementor-widget-container\">\n\t\t\t\t\t\t\t\t\t<p style=\"text-align: right;\"><b>PRESS RELEASE<\/b><\/p><p style=\"text-align: right;\"><span style=\"font-weight: 400;\">SOURCE: FONDATION RIVI\u00c8RES<\/span><\/p><p><b>Qu\u00e9bec, le 27 mars 2025 &#8211; <\/b>Plusieurs groupes environnementaux unissent leur voix afin de d\u00e9noncer l\u2019impensable : le gouvernement Legault plie devant le lobby d\u2019une entreprise am\u00e9ricaine et impose le b\u00e2illon sur le projet de loi 93 afin d\u2019acc\u00e9l\u00e9rer son adoption. Malgr\u00e9 une v\u00e9ritable lev\u00e9e de boucliers de l\u2019ensemble de la soci\u00e9t\u00e9, le gouvernement ignore compl\u00e8tement les souhaits de la population et le consensus scientifique afin d\u2019offrir en cadeau le terrain de la Ville de Blainville \u00e0 Stablex.<\/p><p>Imposer un b\u00e2illon sur une loi aussi controvers\u00e9e et critiqu\u00e9e \u2013 notamment par des experts en droit \u2013 va enti\u00e8rement \u00e0 l\u2019encontre de la d\u00e9mocratie. Cette mesure est d\u2019autant plus inqui\u00e9tante et consternante que le gouvernement l\u2019emploie uniquement pour satisfaire aux exigences et menaces de Stablex qui veut entamer la destruction du terrain avant le 15 avril, date \u00e0 laquelle prend effet la loi f\u00e9d\u00e9rale sur la protection de l\u2019habitat des oiseaux migrateurs. C\u2019est un dangereux pr\u00e9c\u00e9dent.<\/p><p>La majorit\u00e9 des intervenants qui se sont prononc\u00e9s lors de la commission parlementaire consid\u00e8rent que continuer d\u2019enfouir des d\u00e9chets toxiques en milieu urbain jusqu\u2019en 2065 est une aberration. La bombe toxique, enfouie pour l\u2019\u00e9ternit\u00e9, repr\u00e9sente d\u00e9j\u00e0 un grave danger pour les citoyens de Blainville et ceux du Qu\u00e9bec tout entier. Avons-nous oubli\u00e9 \u00e9galement que, sur le nouveau terrain offert en cadeau par notre gouvernement \u00e0 la compagnie am\u00e9ricaine Stablex, il ne s\u2019agit pas que d\u2019enfouissement mais \u00e9galement d\u2019empilement de d\u00e9chets toxiques pouvant repr\u00e9senter la hauteur d\u2019un \u00e9difice de plusieurs \u00e9tages? Nous laisserons cette empreinte toxique \u00e0 une multitude de g\u00e9n\u00e9rations \u00e0 venir.<\/p>\t\t\t\t\t\t\t\t<\/div>\n\t\t\t\t<\/div>\n\t\t\t\t<div class=\"elementor-element elementor-element-3368d34 elementor-cta--skin-classic elementor-animated-content elementor-widget elementor-widget-call-to-action\" data-id=\"3368d34\" data-element_type=\"widget\" data-e-type=\"widget\" data-widget_type=\"call-to-action.default\">\n\t\t\t\t<div class=\"elementor-widget-container\">\n\t\t\t\t\t\t\t<div class=\"elementor-cta\">\n\t\t\t\t\t\t\t<div class=\"elementor-cta__content\">\n\t\t\t\t\t\t\t\t\t<div class=\"elementor-content-item elementor-cta__content-item elementor-icon-wrapper elementor-cta__icon elementor-view-default\">\n\t\t\t\t\t\t<div class=\"elementor-icon\">\n\t\t\t\t\t\t\t<i aria-hidden=\"true\" class=\"fas fa-hand-holding-heart\"><\/i>\t\t\t\t\t\t<\/div>\n\t\t\t\t\t<\/div>\n\t\t\t\t\n\t\t\t\t\t\t\t\t\t<h4 class=\"elementor-cta__title elementor-cta__content-item elementor-content-item\">\n\t\t\t\t\t\tAidez nous \u00e0 prot\u00e9ger nos milieux naturels\t\t\t\t\t<\/h4>\n\t\t\t\t\n\t\t\t\t\n\t\t\t\t\t\t\t\t\t<div class=\"elementor-cta__button-wrapper elementor-cta__content-item elementor-content-item\">\n\t\t\t\t\t<a class=\"elementor-cta__button elementor-button elementor-size-\" href=\"https:\/\/fondationrivieres.org\/en\/rapport-impact-2024\/\" target=\"_blank\">\n\t\t\t\t\t\tI make a donation \t\t\t\t\t<\/a>\n\t\t\t\t\t<\/div>\n\t\t\t\t\t\t\t<\/div>\n\t\t\t\t\t\t<\/div>\n\t\t\t\t\t\t<\/div>\n\t\t\t\t<\/div>\n\t\t\t\t<div class=\"elementor-element elementor-element-560b07b elementor-widget elementor-widget-text-editor\" data-id=\"560b07b\" data-element_type=\"widget\" data-e-type=\"widget\" data-widget_type=\"text-editor.default\">\n\t\t\t\t<div class=\"elementor-widget-container\">\n\t\t\t\t\t\t\t\t\t<p>De plus, les groupes s\u2019insurgent que le gouvernement ait balay\u00e9 du revers de la main la demande r\u00e9p\u00e9t\u00e9e de tenir une commission d\u2019enqu\u00eate publique sur la gestion des d\u00e9chets dangereux au Qu\u00e9bec. Cette recommandation, formul\u00e9e par le Bureau d\u2019audiences publiques sur l\u2019environnement (BAPE), a \u00e9t\u00e9 r\u00e9it\u00e9r\u00e9e par l\u2019Union des municipalit\u00e9s du Qu\u00e9bec, la F\u00e9d\u00e9ration des municipalit\u00e9s du Qu\u00e9bec, des avocats sp\u00e9cialis\u00e9s en environnement ainsi que par les groupes environnementaux. Le gouvernement s\u2019ent\u00eate ainsi \u00e0 continuer sans strat\u00e9gie \u00e0 long terme pour la gestion de ces d\u00e9chets \u00e0 haut potentiel d\u2019impacts sur l\u2019\u00e9conomie, la sant\u00e9 humaine et l\u2019environnement. C\u2019est d\u2019ailleurs cette absence de politique \u00e0 jour qui a projet\u00e9 le Qu\u00e9bec dans cette impasse face \u00e0 Stablex, selon les groupes.<\/p><p>Finalement, un manque flagrant de transparence dans la gestion des d\u00e9chets dangereux a \u00e9t\u00e9 r\u00e9v\u00e9l\u00e9 depuis le d\u00e9but des d\u00e9marches de Stablex pour l\u2019agrandissement de son site, notamment concernant les d\u00e9placements transfrontaliers de ceux-ci. Les groupes r\u00e9it\u00e8rent leur demande de d\u00e9clencher une commission d\u2019enqu\u00eate sur la gestion des d\u00e9chets dangereux pilot\u00e9e par le BAPE afin de faire la lumi\u00e8re sur les pratiques en cours. Ils continueront \u00e0 se mobiliser et \u00e0 fouiller le dossier pour lever le voile sur les probl\u00e9matiques de la gestion des d\u00e9chets dangereux au Qu\u00e9bec.<\/p>\t\t\t\t\t\t\t\t<\/div>\n\t\t\t\t<\/div>\n\t\t\t\t\t<\/div>\n\t\t\t\t<\/div>\n\t\t<div class=\"elementor-element elementor-element-db20cde e-flex e-con-boxed e-con e-parent\" data-id=\"db20cde\" data-element_type=\"container\" data-e-type=\"container\" data-settings=\"{&quot;jet_parallax_layout_list&quot;:[]}\">\n\t\t\t\t\t<div class=\"e-con-inner\">\n\t\t\t\t<div class=\"elementor-element elementor-element-04ab4fc elementor-widget elementor-widget-heading\" data-id=\"04ab4fc\" data-element_type=\"widget\" data-e-type=\"widget\" data-widget_type=\"heading.default\">\n\t\t\t\t<div class=\"elementor-widget-container\">\n\t\t\t\t\t<h2 class=\"elementor-heading-title elementor-size-default\">Quotes<\/h2>\t\t\t\t<\/div>\n\t\t\t\t<\/div>\n\t\t\t\t\t<\/div>\n\t\t\t\t<\/div>\n\t\t<div class=\"elementor-element elementor-element-be72f2c e-flex e-con-boxed e-con e-parent\" data-id=\"be72f2c\" data-element_type=\"container\" data-e-type=\"container\" data-settings=\"{&quot;jet_parallax_layout_list&quot;:[]}\">\n\t\t\t\t\t<div class=\"e-con-inner\">\n\t\t\t\t<div class=\"elementor-element elementor-element-9b6fd19 elementor-blockquote--skin-boxed elementor-widget elementor-widget-blockquote\" data-id=\"9b6fd19\" data-element_type=\"widget\" data-e-type=\"widget\" data-widget_type=\"blockquote.default\">\n\t\t\t\t<div class=\"elementor-widget-container\">\n\t\t\t\t\t\t\t<blockquote class=\"elementor-blockquote\">\n\t\t\t<p class=\"elementor-blockquote__content\">\n\t\t\t\t\u00ab Que notre gouvernement se plie aux menaces d'une entreprise am\u00e9ricaine et de ses actionnaires est juste impensable! Ces actionnaires ne se soucient aucunement de nos milieux naturels qui seront saccag\u00e9s et des risques de contamination pour l'eau dans la r\u00e9gion. C'est vraiment une triste journ\u00e9e pour la d\u00e9mocratie qu\u00e9b\u00e9coise.\n\u00bb\n\t\t\t<\/p>\n\t\t\t\t\t\t\t<div class=\"e-q-footer\">\n\t\t\t\t\t\t\t\t\t\t\t<cite class=\"elementor-blockquote__author\">R\u00e9becca P\u00e9trin, directrice g\u00e9n\u00e9rale - Eau Secours<\/cite>\n\t\t\t\t\t\t\t\t\t\t\t\t\t\t<\/div>\n\t\t\t\t\t<\/blockquote>\n\t\t\t\t\t\t<\/div>\n\t\t\t\t<\/div>\n\t\t\t\t<div class=\"elementor-element elementor-element-16e2a84 elementor-blockquote--skin-boxed elementor-widget elementor-widget-blockquote\" data-id=\"16e2a84\" data-element_type=\"widget\" data-e-type=\"widget\" data-widget_type=\"blockquote.default\">\n\t\t\t\t<div class=\"elementor-widget-container\">\n\t\t\t\t\t\t\t<blockquote class=\"elementor-blockquote\">\n\t\t\t<p class=\"elementor-blockquote__content\">\n\t\t\t\t\u00ab Le gouvernement Legault, faisant fi de l'avis du BAPE, des citoyens, des groupes environnementaux, des municipalit\u00e9s et des experts en droit, n'aura \u00e9cout\u00e9 qu'une seule voix, celle d'une entreprise am\u00e9ricaine importatrice de d\u00e9chets dangereux, d\u00e9montrant le peu d'importance qu'il accorde aux consultations, mais aussi \u00e0 la notion m\u00eame d'acceptabilit\u00e9 sociale.\n\u00bb\n\t\t\t<\/p>\n\t\t\t\t\t\t\t<div class=\"e-q-footer\">\n\t\t\t\t\t\t\t\t\t\t\t<cite class=\"elementor-blockquote__author\">Martin Legault, coordonnateur pour le MARE (Mouvement d'action r\u00e9gional en environnement)<\/cite>\n\t\t\t\t\t\t\t\t\t\t\t\t\t\t<\/div>\n\t\t\t\t\t<\/blockquote>\n\t\t\t\t\t\t<\/div>\n\t\t\t\t<\/div>\n\t\t\t\t<div class=\"elementor-element elementor-element-cfba287 elementor-blockquote--skin-boxed elementor-widget elementor-widget-blockquote\" data-id=\"cfba287\" data-element_type=\"widget\" data-e-type=\"widget\" data-widget_type=\"blockquote.default\">\n\t\t\t\t<div class=\"elementor-widget-container\">\n\t\t\t\t\t\t\t<blockquote class=\"elementor-blockquote\">\n\t\t\t<p class=\"elementor-blockquote__content\">\n\t\t\t\t\u00ab Il n'y a pas d'acceptabilit\u00e9 sociale quant \u00e0 l'expansion du site de Stablex\u2026\u00e9coutez et entendez nous!\n\u00bb\n\t\t\t<\/p>\n\t\t\t\t\t\t\t<div class=\"e-q-footer\">\n\t\t\t\t\t\t\t\t\t\t\t<cite class=\"elementor-blockquote__author\">Pascale Robert, M\u00e8res au front de Rivi\u00e8re-des-Mille-\u00celes<\/cite>\n\t\t\t\t\t\t\t\t\t\t\t\t\t\t<\/div>\n\t\t\t\t\t<\/blockquote>\n\t\t\t\t\t\t<\/div>\n\t\t\t\t<\/div>\n\t\t\t\t<div class=\"elementor-element elementor-element-436adae elementor-blockquote--skin-boxed elementor-widget elementor-widget-blockquote\" data-id=\"436adae\" data-element_type=\"widget\" data-e-type=\"widget\" data-widget_type=\"blockquote.default\">\n\t\t\t\t<div class=\"elementor-widget-container\">\n\t\t\t\t\t\t\t<blockquote class=\"elementor-blockquote\">\n\t\t\t<p class=\"elementor-blockquote__content\">\n\t\t\t\t\u00ab O\u00f9 est la conscience du gouvernement quant \u00e0 ses responsabilit\u00e9s envers la sant\u00e9 environnementale et donc humaine, envers les services collectifs que nous rend cet espace naturel ? Comment ne pas s'inqui\u00e9ter en voyant les arguments tortueux et fallacieux qui sont mis de l'avant par le gouvernement, et la position de confrontation qu'il adopte envers les municipalit\u00e9s et une large partie de la population ? L'acceptabilit\u00e9 sociale de ce projet de loi est inexistante, et un b\u00e2illon est un dangereux pr\u00e9c\u00e9dent anti-d\u00e9mocratique et anti-nature.\n\u00bb\t\t\t<\/p>\n\t\t\t\t\t\t\t<div class=\"e-q-footer\">\n\t\t\t\t\t\t\t\t\t\t\t<cite class=\"elementor-blockquote__author\">Patricia Clermont, porte-parole de l'Association qu\u00e9b\u00e9coise des m\u00e9decins pour l'environnement (AQME)<\/cite>\n\t\t\t\t\t\t\t\t\t\t\t\t\t\t<\/div>\n\t\t\t\t\t<\/blockquote>\n\t\t\t\t\t\t<\/div>\n\t\t\t\t<\/div>\n\t\t\t\t<div class=\"elementor-element elementor-element-1de5e05 elementor-blockquote--skin-boxed elementor-widget elementor-widget-blockquote\" data-id=\"1de5e05\" data-element_type=\"widget\" data-e-type=\"widget\" data-widget_type=\"blockquote.default\">\n\t\t\t\t<div class=\"elementor-widget-container\">\n\t\t\t\t\t\t\t<blockquote class=\"elementor-blockquote\">\n\t\t\t<p class=\"elementor-blockquote__content\">\n\t\t\t\t\u00ab En faisant sien les arguments du promoteur que sont l'urgence et la menace d'un bris de service, le gouvernement s'appr\u00eate \u00e0 prendre une d\u00e9cision qui pourrait avoir de graves cons\u00e9quences sur les plans tant social, environnemental qu'\u00e9conomique et ce, pour des d\u00e9cennies \u00e0 venir.\n\u00bb\n\t\t\t<\/p>\n\t\t\t\t\t\t\t<div class=\"e-q-footer\">\n\t\t\t\t\t\t\t\t\t\t\t<cite class=\"elementor-blockquote__author\">Karel M\u00e9nard, directeur g\u00e9n\u00e9ral du Front commun qu\u00e9b\u00e9cois pour une gestion \u00e9cologique des d\u00e9chets (FCQGED)<\/cite>\n\t\t\t\t\t\t\t\t\t\t\t\t\t\t<\/div>\n\t\t\t\t\t<\/blockquote>\n\t\t\t\t\t\t<\/div>\n\t\t\t\t<\/div>\n\t\t\t\t<div class=\"elementor-element elementor-element-09692ad elementor-widget elementor-widget-heading\" data-id=\"09692ad\" data-element_type=\"widget\" data-e-type=\"widget\" data-widget_type=\"heading.default\">\n\t\t\t\t<div class=\"elementor-widget-container\">\n\t\t\t\t\t<h2 class=\"elementor-heading-title elementor-size-default\">Signatories<\/h2>\t\t\t\t<\/div>\n\t\t\t\t<\/div>\n\t\t\t\t<div class=\"elementor-element elementor-element-d810bb1 elementor-widget elementor-widget-text-editor\" data-id=\"d810bb1\" data-element_type=\"widget\" data-e-type=\"widget\" data-widget_type=\"text-editor.default\">\n\t\t\t\t<div class=\"elementor-widget-container\">\n\t\t\t\t\t\t\t\t\t<p>Emergency Water<br \/>Fondation Rivi\u00e8res<br class=\"dnr\" \/>Mouvement d&rsquo;action r\u00e9gionale en environnement (MARE)<br class=\"dnr\" \/>Coalition Alerte \u00e0 l&rsquo;Enfouissement R-D-N (CAER)<br class=\"dnr\" \/>M\u00e8res au front de Rivi\u00e8re-des-Mille-\u00celes<br class=\"dnr\" \/>Soci\u00e9t\u00e9 pour Vaincre la Pollution (SVP)<br class=\"dnr\" \/>Quebec Association of Physicians for the Environment (AQME)<br class=\"dnr\" \/>Quebec common front for ecological waste management (FCQGED)<\/p>\t\t\t\t\t\t\t\t<\/div>\n\t\t\t\t<\/div>\n\t\t\t\t<div class=\"elementor-element elementor-element-bff2a65 elementor-widget elementor-widget-heading\" data-id=\"bff2a65\" data-element_type=\"widget\" data-e-type=\"widget\" data-widget_type=\"heading.default\">\n\t\t\t\t<div class=\"elementor-widget-container\">\n\t\t\t\t\t<h2 class=\"elementor-heading-title elementor-size-default\">About the Fondation Rivi\u00e8res<\/h2>\t\t\t\t<\/div>\n\t\t\t\t<\/div>\n\t\t\t\t\t<\/div>\n\t\t\t\t<\/div>\n\t\t<div class=\"elementor-element elementor-element-ebc8b44 e-flex e-con-boxed e-con e-parent\" data-id=\"ebc8b44\" data-element_type=\"container\" data-e-type=\"container\" data-settings=\"{&quot;jet_parallax_layout_list&quot;:[]}\">\n\t\t\t\t\t<div class=\"e-con-inner\">\n\t\t\t\t<div class=\"elementor-element elementor-element-ac3f2f5 elementor-widget elementor-widget-text-editor\" data-id=\"ac3f2f5\" data-element_type=\"widget\" data-e-type=\"widget\" data-widget_type=\"text-editor.default\">\n\t\t\t\t<div class=\"elementor-widget-container\">\n\t\t\t\t\t\t\t\t\t<p>For over 20 years, the Fondation Rivi\u00e8res has worked to preserve, restore, and enhance the natural character of rivers. It contributes to ensuring water quality and access to water for the people of Quebec, taking into account social, environmental, and economic factors.<\/p>\t\t\t\t\t\t\t\t<\/div>\n\t\t\t\t<\/div>\n\t\t\t\t\t<\/div>\n\t\t\t\t<\/div>\n\t\t<div class=\"elementor-element elementor-element-266a403 e-flex e-con-boxed e-con e-parent\" data-id=\"266a403\" data-element_type=\"container\" data-e-type=\"container\" data-settings=\"{&quot;jet_parallax_layout_list&quot;:[]}\">\n\t\t\t\t\t<div class=\"e-con-inner\">\n\t\t\t\t<div class=\"elementor-element elementor-element-43615c8 elementor-widget-divider--view-line elementor-widget elementor-widget-divider\" data-id=\"43615c8\" data-element_type=\"widget\" data-e-type=\"widget\" data-widget_type=\"divider.default\">\n\t\t\t\t<div class=\"elementor-widget-container\">\n\t\t\t\t\t\t\t<div class=\"elementor-divider\">\n\t\t\t<span class=\"elementor-divider-separator\">\n\t\t\t\t\t\t<\/span>\n\t\t<\/div>\n\t\t\t\t\t\t<\/div>\n\t\t\t\t<\/div>\n\t\t\t\t<div class=\"elementor-element elementor-element-7a5cc43 elementor-widget elementor-widget-heading\" data-id=\"7a5cc43\" data-element_type=\"widget\" data-e-type=\"widget\" data-widget_type=\"heading.default\">\n\t\t\t\t<div class=\"elementor-widget-container\">\n\t\t\t\t\t<p class=\"elementor-heading-title elementor-size-default\">For further information:<\/p>\t\t\t\t<\/div>\n\t\t\t\t<\/div>\n\t\t\t\t<div class=\"elementor-element elementor-element-2edba42 elementor-widget elementor-widget-text-editor\" data-id=\"2edba42\" data-element_type=\"widget\" data-e-type=\"widget\" data-widget_type=\"text-editor.default\">\n\t\t\t\t<div class=\"elementor-widget-container\">\n\t\t\t\t\t\t\t\t\t<p><span style=\"font-weight: 400;\">Mathieu Langlois<\/span><\/p><p><span style=\"font-weight: 400;\">Communications Manager<\/span><\/p><p><span style=\"font-weight: 400;\">Emergency Water<\/span><\/p><p>514 588-5608<\/p><p><a href=\"mailto:samuel.sauvageau-audet@fondationrivieres.org\"><span style=\"font-weight: 400;\">communications@eausecours.org<\/span><\/a><\/p>\t\t\t\t\t\t\t\t<\/div>\n\t\t\t\t<\/div>\n\t\t\t\t<div class=\"elementor-element elementor-element-2722129 elementor-widget elementor-widget-text-editor\" data-id=\"2722129\" data-element_type=\"widget\" data-e-type=\"widget\" data-widget_type=\"text-editor.default\">\n\t\t\t\t<div class=\"elementor-widget-container\">\n\t\t\t\t\t\t\t\t\t<p><span style=\"font-weight: 400;\">Samuel Sauvageau-Audet<\/span><\/p><p><span style=\"font-weight: 400;\">Charg\u00e9 de communication<\/span><\/p><p><span style=\"font-weight: 400;\">Fondation Rivi\u00e8res<\/span><\/p><p><span style=\"font-weight: 400;\">514 272-2666, ext. 306<\/span><\/p><p><a href=\"mailto:samuel.sauvageau-audet@fondationrivieres.org\">samuel.sauvageau-audet@fondationrivieres.org<\/a><\/p>\t\t\t\t\t\t\t\t<\/div>\n\t\t\t\t<\/div>\n\t\t\t\t\t<\/div>\n\t\t\t\t<\/div>\n\t\t\t\t<\/div>","protected":false},"excerpt":{"rendered":"<p>COMMUNIQU\u00c9 DE PRESSE SOURCE: FONDATION RIVI\u00c8RES Qu\u00e9bec, le 27 mars 2025 &#8211; Plusieurs groupes environnementaux unissent leur voix afin de d\u00e9noncer l\u2019impensable : le gouvernement Legault plie devant le lobby d\u2019une entreprise am\u00e9ricaine et impose le b\u00e2illon sur le projet de loi 93 afin d\u2019acc\u00e9l\u00e9rer son adoption. Malgr\u00e9 une v\u00e9ritable lev\u00e9e de boucliers de l\u2019ensemble [&hellip;]<\/p>\n","protected":false},"author":30,"featured_media":39841,"comment_status":"closed","ping_status":"open","sticky":false,"template":"","format":"standard","meta":{"footnotes":""},"categories":[5],"tags":[24,79],"class_list":["post-72189","post","type-post","status-publish","format-standard","has-post-thumbnail","hentry","category-communiques","tag-biodiversite","tag-pollution"],"_links":{"self":[{"href":"https:\/\/fondationrivieres.org\/en\/wp-json\/wp\/v2\/posts\/72189","targetHints":{"allow":["GET"]}}],"collection":[{"href":"https:\/\/fondationrivieres.org\/en\/wp-json\/wp\/v2\/posts"}],"about":[{"href":"https:\/\/fondationrivieres.org\/en\/wp-json\/wp\/v2\/types\/post"}],"author":[{"embeddable":true,"href":"https:\/\/fondationrivieres.org\/en\/wp-json\/wp\/v2\/users\/30"}],"replies":[{"embeddable":true,"href":"https:\/\/fondationrivieres.org\/en\/wp-json\/wp\/v2\/comments?post=72189"}],"version-history":[{"count":11,"href":"https:\/\/fondationrivieres.org\/en\/wp-json\/wp\/v2\/posts\/72189\/revisions"}],"predecessor-version":[{"id":73128,"href":"https:\/\/fondationrivieres.org\/en\/wp-json\/wp\/v2\/posts\/72189\/revisions\/73128"}],"wp:featuredmedia":[{"embeddable":true,"href":"https:\/\/fondationrivieres.org\/en\/wp-json\/wp\/v2\/media\/39841"}],"wp:attachment":[{"href":"https:\/\/fondationrivieres.org\/en\/wp-json\/wp\/v2\/media?parent=72189"}],"wp:term":[{"taxonomy":"category","embeddable":true,"href":"https:\/\/fondationrivieres.org\/en\/wp-json\/wp\/v2\/categories?post=72189"},{"taxonomy":"post_tag","embeddable":true,"href":"https:\/\/fondationrivieres.org\/en\/wp-json\/wp\/v2\/tags?post=72189"}],"curies":[{"name":"wp","href":"https:\/\/api.w.org\/{rel}","templated":true}]}}