{"id":72128,"date":"2025-03-31T05:45:41","date_gmt":"2025-03-31T09:45:41","guid":{"rendered":"https:\/\/fondationrivieres.org\/?p=72128"},"modified":"2025-04-15T11:26:50","modified_gmt":"2025-04-15T15:26:50","slug":"retour-assemblee-generale-annuelle","status":"publish","type":"post","link":"https:\/\/fondationrivieres.org\/en\/retour-assemblee-generale-annuelle\/","title":{"rendered":"A look back at the annual general meeting: new faces on our Board of Directors"},"content":{"rendered":"<div data-elementor-type=\"wp-post\" data-elementor-id=\"72128\" class=\"elementor elementor-72128\" data-elementor-post-type=\"post\">\n\t\t\t\t<div class=\"elementor-element elementor-element-8e1dc00 e-flex e-con-boxed e-con e-parent\" data-id=\"8e1dc00\" data-element_type=\"container\" data-e-type=\"container\" data-settings=\"{&quot;jet_parallax_layout_list&quot;:[]}\">\n\t\t\t\t\t<div class=\"e-con-inner\">\n\t\t\t\t<div class=\"elementor-element elementor-element-412879e elementor-widget elementor-widget-text-editor\" data-id=\"412879e\" data-element_type=\"widget\" data-e-type=\"widget\" data-widget_type=\"text-editor.default\">\n\t\t\t\t<div class=\"elementor-widget-container\">\n\t\t\t\t\t\t\t\t\t<p><span style=\"font-weight: 400;\">L&rsquo;Assembl\u00e9e G\u00e9n\u00e9rale Annuelle (AGA) de la Fondation Rivi\u00e8res s&rsquo;est tenue le mercredi 26 mars \u00e0 la salle Clark de la Maison du D\u00e9veloppement Durable \u00e0 Montr\u00e9al. Un \u00e9v\u00e9nement tr\u00e8s attendu qui a permis aux membres et aux personnes pr\u00e9sentes de rencontrer notre \u00e9quipe, le conseil d&rsquo;administration, ainsi que notre invit\u00e9 d&rsquo;honneur, Dominic Champagne, metteur en sc\u00e8ne et \u00e9cologiste engag\u00e9, qui a partag\u00e9 ses r\u00e9flexions au d\u00e9but de l&rsquo;\u00e9v\u00e9nement. <\/span><\/p>\t\t\t\t\t\t\t\t<\/div>\n\t\t\t\t<\/div>\n\t\t\t\t<div class=\"elementor-element elementor-element-71c1b46 elementor-blockquote--skin-boxed elementor-widget elementor-widget-blockquote\" data-id=\"71c1b46\" data-element_type=\"widget\" data-e-type=\"widget\" data-widget_type=\"blockquote.default\">\n\t\t\t\t<div class=\"elementor-widget-container\">\n\t\t\t\t\t\t\t<blockquote class=\"elementor-blockquote\">\n\t\t\t<p class=\"elementor-blockquote__content\">\n\t\t\t\t\u00ab Si l'on souhaite \u00e9voquer la motivation ou l'espoir, je pense que l'autorit\u00e9 des citoyens, qui sont profond\u00e9ment engag\u00e9s dans les causes, constitue l'autorit\u00e9 la plus l\u00e9gitime, capable d'imposer son influence sur le leadership politique. Vous pouvez \u00eatre les scripteurs du narratif dont on a besoin pour la suite des choses\n\u00bb\n\t\t\t<\/p>\n\t\t\t\t\t\t\t<div class=\"e-q-footer\">\n\t\t\t\t\t\t\t\t\t\t\t<cite class=\"elementor-blockquote__author\">Dominic Champagne, acteur et metteur en sc\u00e8ne qu\u00e9b\u00e9cois<\/cite>\n\t\t\t\t\t\t\t\t\t\t\t\t\t\t<\/div>\n\t\t\t\t\t<\/blockquote>\n\t\t\t\t\t\t<\/div>\n\t\t\t\t<\/div>\n\t\t\t\t<div class=\"elementor-element elementor-element-0023265 elementor-widget elementor-widget-text-editor\" data-id=\"0023265\" data-element_type=\"widget\" data-e-type=\"widget\" data-widget_type=\"text-editor.default\">\n\t\t\t\t<div class=\"elementor-widget-container\">\n\t\t\t\t\t\t\t\t\t<p><span style=\"font-weight: 400;\">Le directeur g\u00e9n\u00e9ral de la Fondation Rivi\u00e8res, Andr\u00e9 B\u00e9langer, a fait un retour sur les projets men\u00e9s au cours de l\u2019ann\u00e9e \u00e9coul\u00e9e et leurs impacts, pr\u00e9sent\u00e9 les \u00e9tats financiers et le budget 2025. L\u2019\u00e9quipe a ensuite mis l\u2019accent sur le plan d\u2019action strat\u00e9gique pour 2025 et 2026, pr\u00e9sentant les prochains grands axes strat\u00e9giques de la Fondation Rivi\u00e8res ainsi que et les nombreux projets \u00e0 venir. <\/span><\/p>\t\t\t\t\t\t\t\t<\/div>\n\t\t\t\t<\/div>\n\t\t\t\t<div class=\"elementor-element elementor-element-ccdf74c elementor-cta--skin-classic elementor-animated-content elementor-widget elementor-widget-call-to-action\" data-id=\"ccdf74c\" data-element_type=\"widget\" data-e-type=\"widget\" data-widget_type=\"call-to-action.default\">\n\t\t\t\t<div class=\"elementor-widget-container\">\n\t\t\t\t\t\t\t<div class=\"elementor-cta\">\n\t\t\t\t\t\t\t<div class=\"elementor-cta__content\">\n\t\t\t\t\t\t\t\t\t<div class=\"elementor-content-item elementor-cta__content-item elementor-icon-wrapper elementor-cta__icon elementor-view-default\">\n\t\t\t\t\t\t<div class=\"elementor-icon\">\n\t\t\t\t\t\t\t<i aria-hidden=\"true\" class=\"fas fa-book-open\"><\/i>\t\t\t\t\t\t<\/div>\n\t\t\t\t\t<\/div>\n\t\t\t\t\n\t\t\t\t\t\t\t\t\t<h4 class=\"elementor-cta__title elementor-cta__content-item elementor-content-item\">\n\t\t\t\t\t\tConsultez notre plan strat\u00e9gique \t\t\t\t\t<\/h4>\n\t\t\t\t\n\t\t\t\t\n\t\t\t\t\t\t\t\t\t<div class=\"elementor-cta__button-wrapper elementor-cta__content-item elementor-content-item\">\n\t\t\t\t\t<a class=\"elementor-cta__button elementor-button elementor-size-\" href=\"https:\/\/drive.google.com\/file\/d\/1rDjQ18BP2o8i1GyKmOTLEzfzvFXZiD-c\/view?usp=drive_link\" target=\"_blank\" rel=\"noopener\">\n\t\t\t\t\t\tAcc\u00e9dez au document\t\t\t\t\t<\/a>\n\t\t\t\t\t<\/div>\n\t\t\t\t\t\t\t<\/div>\n\t\t\t\t\t\t<\/div>\n\t\t\t\t\t\t<\/div>\n\t\t\t\t<\/div>\n\t\t\t\t\t<\/div>\n\t\t\t\t<\/div>\n\t\t<div class=\"elementor-element elementor-element-271022b e-flex e-con-boxed e-con e-parent\" data-id=\"271022b\" data-element_type=\"container\" data-e-type=\"container\" data-settings=\"{&quot;jet_parallax_layout_list&quot;:[]}\">\n\t\t\t\t\t<div class=\"e-con-inner\">\n\t\t\t\t<div class=\"elementor-element elementor-element-5b9bd41 elementor-widget elementor-widget-heading\" data-id=\"5b9bd41\" data-element_type=\"widget\" data-e-type=\"widget\" data-widget_type=\"heading.default\">\n\t\t\t\t<div class=\"elementor-widget-container\">\n\t\t\t\t\t<h2 class=\"elementor-heading-title elementor-size-default\">Louise Millette est la nouvelle pr\u00e9sidente du CA<\/h2>\t\t\t\t<\/div>\n\t\t\t\t<\/div>\n\t\t\t\t<div class=\"elementor-element elementor-element-ccec5b8 elementor-widget elementor-widget-image\" data-id=\"ccec5b8\" data-element_type=\"widget\" data-e-type=\"widget\" data-widget_type=\"image.default\">\n\t\t\t\t<div class=\"elementor-widget-container\">\n\t\t\t\t\t\t\t\t\t\t\t\t<figure class=\"wp-caption\">\n\t\t\t\t\t\t\t\t\t\t<img decoding=\"async\" src=\"https:\/\/fondationrivieres.org\/wp-content\/uploads\/2022\/09\/Louise-Millette.jpg\" title=\"Louise Millette\" alt=\"Louise Millette CA Fondation Rivi\u00e8res\" loading=\"lazy\" \/>\t\t\t\t\t\t\t\t\t\t\t<figcaption class=\"widget-image-caption wp-caption-text\"><\/figcaption>\n\t\t\t\t\t\t\t\t\t\t<\/figure>\n\t\t\t\t\t\t\t\t\t<\/div>\n\t\t\t\t<\/div>\n\t\t\t\t<div class=\"elementor-element elementor-element-f65cb7b elementor-widget elementor-widget-text-editor\" data-id=\"f65cb7b\" data-element_type=\"widget\" data-e-type=\"widget\" data-widget_type=\"text-editor.default\">\n\t\t\t\t<div class=\"elementor-widget-container\">\n\t\t\t\t\t\t\t\t\t<p><span style=\"font-weight: 400;\">Louise Millette, <\/span><span style=\"font-weight: 400;\">professeure au d\u00e9partement des g\u00e9nies civil, g\u00e9ologique et des mines de Polytechnique Montr\u00e9al depuis 2002 et auparavant Administratice de notre CA, succ\u00e8de \u00e0 Alain Saladzius, en poste depuis plus de 20 ans, et devient pr\u00e9sidente du Conseil d\u2019Administration de la Fondation Rivi\u00e8res. En 2004, elle r\u00e9dige sa premi\u00e8re politique en mati\u00e8re d\u2019environnement et cr\u00e9e, en 2019, le Bureau du D\u00e9veloppement Durable au sein de Polytechnique Montr\u00e9al. Ces actions valent \u00e0 Polytechnique l\u2019obtention en 2019 de l\u2019accr\u00e9ditation STARS, qui a pour objectif de reconna\u00eetre les actions durables des \u00e9tablissements d\u2019enseignement sup\u00e9rieur.<\/span><\/p><p><span style=\"font-weight: 400;\"> L\u2019implication de Mme Millette dans plusieurs organisations lui a valu notamment les titres de Chevali\u00e8re de l\u2019Ordre de Montr\u00e9al et de Fellow d\u2019Ing\u00e9nieurs Canada, des prix du Ministre de l\u2019\u00c9ducation et de l\u2019Enseignement sup\u00e9rieur et du R\u00e9seau des femmes d\u2019affaires du Qu\u00e9bec, et tout depuis tout r\u00e9cemment, la M\u00e9daille du couronnement du roi Charles III.\u00a0<\/span><\/p>\t\t\t\t\t\t\t\t<\/div>\n\t\t\t\t<\/div>\n\t\t\t\t<div class=\"elementor-element elementor-element-1a90e6b elementor-widget elementor-widget-heading\" data-id=\"1a90e6b\" data-element_type=\"widget\" data-e-type=\"widget\" data-widget_type=\"heading.default\">\n\t\t\t\t<div class=\"elementor-widget-container\">\n\t\t\t\t\t<h2 class=\"elementor-heading-title elementor-size-default\">Un hommage \u00e0 l'engagement d'Alain Saladzius <\/h2>\t\t\t\t<\/div>\n\t\t\t\t<\/div>\n\t\t\t\t<div class=\"elementor-element elementor-element-9e98b3c elementor-widget elementor-widget-text-editor\" data-id=\"9e98b3c\" data-element_type=\"widget\" data-e-type=\"widget\" data-widget_type=\"text-editor.default\">\n\t\t\t\t<div class=\"elementor-widget-container\">\n\t\t\t\t\t\t\t\t\t<p><span style=\"font-weight: 400;\">La Fondation Rivi\u00e8res tient \u00e0 remercier Alain Saladzius pour son \u00e9norme implication depuis le tout d\u00e9but. Il laisse les r\u00eanes de la pr\u00e9sidence \u00e0 Louise Millette, apr\u00e8s plus de 20 ans d&rsquo;implication au sein du conseil d&rsquo;administration. Alain Saladzius \u00e9tait notamment \u00e0 l\u2019origine en 2002 du premier mouvement <\/span><span style=\"font-weight: 400;\">Adoptez une rivi\u00e8re, qui a donn\u00e9 le coup d\u2019envoi de la Fondation Rivi\u00e8res, regroupant cinq groupes nationaux et une multitude d\u2019artistes, dont Roy Dupuis, et de b\u00e9n\u00e9voles engag\u00e9.e.s, le but \u00e9tant de contrer la construction de 36 petites centrales hydro\u00e9lectriques sur 24 rivi\u00e8res du Qu\u00e9bec.\u00a0<\/span><\/p>\t\t\t\t\t\t\t\t<\/div>\n\t\t\t\t<\/div>\n\t\t\t\t<div class=\"elementor-element elementor-element-7986741 elementor-arrows-position-inside elementor-pagination-position-outside elementor-widget elementor-widget-image-carousel\" data-id=\"7986741\" data-element_type=\"widget\" data-e-type=\"widget\" data-settings=\"{&quot;navigation&quot;:&quot;both&quot;,&quot;autoplay&quot;:&quot;yes&quot;,&quot;pause_on_hover&quot;:&quot;yes&quot;,&quot;pause_on_interaction&quot;:&quot;yes&quot;,&quot;autoplay_speed&quot;:5000,&quot;infinite&quot;:&quot;yes&quot;,&quot;speed&quot;:500}\" data-widget_type=\"image-carousel.default\">\n\t\t\t\t<div class=\"elementor-widget-container\">\n\t\t\t\t\t\t\t<div class=\"elementor-image-carousel-wrapper swiper\" role=\"region\" aria-roledescription=\"carousel\" aria-label=\"Carrousel d\u2019images\" dir=\"ltr\">\n\t\t\t<div class=\"elementor-image-carousel swiper-wrapper\" aria-live=\"off\">\n\t\t\t\t\t\t\t\t<div class=\"swiper-slide\" role=\"group\" aria-roledescription=\"slide\" aria-label=\"1 de 3\"><figure class=\"swiper-slide-inner\"><img decoding=\"async\" class=\"swiper-slide-image\" src=\"https:\/\/fondationrivieres.org\/wp-content\/uploads\/2025\/03\/DSC_0581-scaled.jpg\" alt=\"\" \/><\/figure><\/div><div class=\"swiper-slide\" role=\"group\" aria-roledescription=\"slide\" aria-label=\"2 de 3\"><figure class=\"swiper-slide-inner\"><img decoding=\"async\" class=\"swiper-slide-image\" src=\"https:\/\/fondationrivieres.org\/wp-content\/uploads\/2025\/03\/DSC_0582-768x512.jpg\" alt=\"DSC_0582\" \/><\/figure><\/div><div class=\"swiper-slide\" role=\"group\" aria-roledescription=\"slide\" aria-label=\"3 de 3\"><figure class=\"swiper-slide-inner\"><img decoding=\"async\" class=\"swiper-slide-image\" src=\"https:\/\/fondationrivieres.org\/wp-content\/uploads\/2025\/03\/DSC_0588-768x512.jpg\" alt=\"DSC_0588\" \/><\/figure><\/div>\t\t\t<\/div>\n\t\t\t\t\t\t\t\t\t\t\t\t<div class=\"elementor-swiper-button elementor-swiper-button-prev\" role=\"button\" tabindex=\"0\">\n\t\t\t\t\t\t<i aria-hidden=\"true\" class=\"eicon-chevron-left\"><\/i>\t\t\t\t\t<\/div>\n\t\t\t\t\t<div class=\"elementor-swiper-button elementor-swiper-button-next\" role=\"button\" tabindex=\"0\">\n\t\t\t\t\t\t<i aria-hidden=\"true\" class=\"eicon-chevron-right\"><\/i>\t\t\t\t\t<\/div>\n\t\t\t\t\n\t\t\t\t\t\t\t\t\t<div class=\"swiper-pagination\"><\/div>\n\t\t\t\t\t\t\t\t\t<\/div>\n\t\t\t\t\t\t<\/div>\n\t\t\t\t<\/div>\n\t\t\t\t\t<\/div>\n\t\t\t\t<\/div>\n\t\t<div class=\"elementor-element elementor-element-1df4773 e-flex e-con-boxed e-con e-parent\" data-id=\"1df4773\" data-element_type=\"container\" data-e-type=\"container\" data-settings=\"{&quot;jet_parallax_layout_list&quot;:[]}\">\n\t\t\t\t\t<div class=\"e-con-inner\">\n\t\t\t\t<div class=\"elementor-element elementor-element-341e5e2 elementor-widget elementor-widget-heading\" data-id=\"341e5e2\" data-element_type=\"widget\" data-e-type=\"widget\" data-widget_type=\"heading.default\">\n\t\t\t\t<div class=\"elementor-widget-container\">\n\t\t\t\t\t<h2 class=\"elementor-heading-title elementor-size-default\">Les nouveaux membres \u00e9lu(e)s du CA <\/h2>\t\t\t\t<\/div>\n\t\t\t\t<\/div>\n\t\t\t\t<div class=\"elementor-element elementor-element-547dedd elementor-widget elementor-widget-text-editor\" data-id=\"547dedd\" data-element_type=\"widget\" data-e-type=\"widget\" data-widget_type=\"text-editor.default\">\n\t\t\t\t<div class=\"elementor-widget-container\">\n\t\t\t\t\t\t\t\t\t<p>L\u2019\u00e9lection des nouveaux membres du conseil d\u2019administration \u00e9tait un des moments phares de l\u2019\u00e9v\u00e9nement. 5 nouvelles personnes ont int\u00e9gr\u00e9 la Fondation Rivi\u00e8res \u00e0 titre d\u2019administrateur(trice), ce qui permettra d\u2019\u00e9largir notre perspective strat\u00e9gique pour r\u00e9pondre aux d\u00e9fis de demain. Les voici.<\/p>\t\t\t\t\t\t\t\t<\/div>\n\t\t\t\t<\/div>\n\t\t\t\t\t<\/div>\n\t\t\t\t<\/div>\n\t\t<div class=\"elementor-element elementor-element-29c211e e-flex e-con-boxed e-con e-parent\" data-id=\"29c211e\" data-element_type=\"container\" data-e-type=\"container\" data-settings=\"{&quot;jet_parallax_layout_list&quot;:[]}\">\n\t\t\t\t\t<div class=\"e-con-inner\">\n\t\t<div class=\"elementor-element elementor-element-7a56687 e-con-full e-flex e-con e-child\" data-id=\"7a56687\" data-element_type=\"container\" data-e-type=\"container\" data-settings=\"{&quot;jet_parallax_layout_list&quot;:[]}\">\n\t\t\t\t<div class=\"elementor-element elementor-element-45a767b elementor-widget elementor-widget-heading\" data-id=\"45a767b\" data-element_type=\"widget\" data-e-type=\"widget\" data-widget_type=\"heading.default\">\n\t\t\t\t<div class=\"elementor-widget-container\">\n\t\t\t\t\t<h2 class=\"elementor-heading-title elementor-size-default\">Jean-Pierre Sirard<\/h2>\t\t\t\t<\/div>\n\t\t\t\t<\/div>\n\t\t\t\t<div class=\"elementor-element elementor-element-05b3cec elementor-widget elementor-widget-image\" data-id=\"05b3cec\" data-element_type=\"widget\" data-e-type=\"widget\" data-widget_type=\"image.default\">\n\t\t\t\t<div class=\"elementor-widget-container\">\n\t\t\t\t\t\t\t\t\t\t\t\t<figure class=\"wp-caption\">\n\t\t\t\t\t\t\t\t\t\t<img fetchpriority=\"high\" decoding=\"async\" width=\"800\" height=\"894\" src=\"https:\/\/fondationrivieres.org\/wp-content\/uploads\/2025\/03\/3-916x1024.png\" class=\"attachment-large size-large wp-image-72157\" alt=\"Jean-Pierre Sirard\" srcset=\"https:\/\/fondationrivieres.org\/wp-content\/uploads\/2025\/03\/3-916x1024.png 916w, https:\/\/fondationrivieres.org\/wp-content\/uploads\/2025\/03\/3-268x300.png 268w, https:\/\/fondationrivieres.org\/wp-content\/uploads\/2025\/03\/3-768x858.png 768w, https:\/\/fondationrivieres.org\/wp-content\/uploads\/2025\/03\/3-1374x1536.png 1374w, https:\/\/fondationrivieres.org\/wp-content\/uploads\/2025\/03\/3-1832x2048.png 1832w, https:\/\/fondationrivieres.org\/wp-content\/uploads\/2025\/03\/3-11x12.png 11w\" sizes=\"(max-width: 800px) 100vw, 800px\" \/>\t\t\t\t\t\t\t\t\t\t\t<figcaption class=\"widget-image-caption wp-caption-text\">Jean-Pierre Sirard<\/figcaption>\n\t\t\t\t\t\t\t\t\t\t<\/figure>\n\t\t\t\t\t\t\t\t\t<\/div>\n\t\t\t\t<\/div>\n\t\t\t\t<div class=\"elementor-element elementor-element-4dfa656 elementor-widget elementor-widget-text-editor\" data-id=\"4dfa656\" data-element_type=\"widget\" data-e-type=\"widget\" data-widget_type=\"text-editor.default\">\n\t\t\t\t<div class=\"elementor-widget-container\">\n\t\t\t\t\t\t\t\t\t<p><span style=\"font-weight: 400;\">Dipl\u00f4m\u00e9 des HEC et de McGill en administration, finance et informatique, Jean-Pierre Sirard a un parcours impressionnant dans la gestion et l\u2019administration d\u2019organisme. Grandement int\u00e9ress\u00e9 par la gestion des rejets d\u2019eaux us\u00e9es dans un contexte de besoin de construction accrue, Il a notamment \u00e9t\u00e9 dirigeant en finance de quelques organisations, puis PDG de l\u2019Association des professionnels de la construction et de l&rsquo;habitation du Qu\u00e9bec (APCHQ) , un OBNL qui \u0153uvre dans le secteur de la construction d\u2019habitations. Il a si\u00e9g\u00e9 sur quelques Conseils d\u2019administration, comme l&rsquo;Association des entrepreneurs en construction du Qu\u00e9bec (AECQ) et la Commission de la construction du Qu\u00e9bec (CCQ).<\/span><\/p>\t\t\t\t\t\t\t\t<\/div>\n\t\t\t\t<\/div>\n\t\t\t\t<\/div>\n\t\t<div class=\"elementor-element elementor-element-7d14540 e-con-full e-flex e-con e-child\" data-id=\"7d14540\" data-element_type=\"container\" data-e-type=\"container\" data-settings=\"{&quot;jet_parallax_layout_list&quot;:[]}\">\n\t\t\t\t<div class=\"elementor-element elementor-element-4b888cf elementor-widget elementor-widget-heading\" data-id=\"4b888cf\" data-element_type=\"widget\" data-e-type=\"widget\" data-widget_type=\"heading.default\">\n\t\t\t\t<div class=\"elementor-widget-container\">\n\t\t\t\t\t<h2 class=\"elementor-heading-title elementor-size-default\">Julie Barlow<\/h2>\t\t\t\t<\/div>\n\t\t\t\t<\/div>\n\t\t\t\t<div class=\"elementor-element elementor-element-7bc74d7 elementor-widget elementor-widget-image\" data-id=\"7bc74d7\" data-element_type=\"widget\" data-e-type=\"widget\" data-widget_type=\"image.default\">\n\t\t\t\t<div class=\"elementor-widget-container\">\n\t\t\t\t\t\t\t\t\t\t\t\t<figure class=\"wp-caption\">\n\t\t\t\t\t\t\t\t\t\t<img decoding=\"async\" width=\"800\" height=\"947\" src=\"https:\/\/fondationrivieres.org\/wp-content\/uploads\/2025\/04\/Julie-Barlow-865x1024.jpg\" class=\"attachment-large size-large wp-image-72216\" alt=\"Julie Barlow\" srcset=\"https:\/\/fondationrivieres.org\/wp-content\/uploads\/2025\/04\/Julie-Barlow-865x1024.jpg 865w, https:\/\/fondationrivieres.org\/wp-content\/uploads\/2025\/04\/Julie-Barlow-253x300.jpg 253w, https:\/\/fondationrivieres.org\/wp-content\/uploads\/2025\/04\/Julie-Barlow-768x909.jpg 768w, https:\/\/fondationrivieres.org\/wp-content\/uploads\/2025\/04\/Julie-Barlow-1297x1536.jpg 1297w, https:\/\/fondationrivieres.org\/wp-content\/uploads\/2025\/04\/Julie-Barlow-1730x2048.jpg 1730w, https:\/\/fondationrivieres.org\/wp-content\/uploads\/2025\/04\/Julie-Barlow-10x12.jpg 10w\" sizes=\"(max-width: 800px) 100vw, 800px\" \/>\t\t\t\t\t\t\t\t\t\t\t<figcaption class=\"widget-image-caption wp-caption-text\">Julie Barlow<\/figcaption>\n\t\t\t\t\t\t\t\t\t\t<\/figure>\n\t\t\t\t\t\t\t\t\t<\/div>\n\t\t\t\t<\/div>\n\t\t\t\t<div class=\"elementor-element elementor-element-91ca9a6 elementor-widget elementor-widget-text-editor\" data-id=\"91ca9a6\" data-element_type=\"widget\" data-e-type=\"widget\" data-widget_type=\"text-editor.default\">\n\t\t\t\t<div class=\"elementor-widget-container\">\n\t\t\t\t\t\t\t\t\t<p><span style=\"font-weight: 400;\">Journaliste de carri\u00e8re, Julie Barlow est forte d\u2019une trentaine d&rsquo;ann\u00e9es d&rsquo;exp\u00e9rience en tant que leader au sein de divers conseils d&rsquo;administration, principalement dans le secteur litt\u00e9raire et journalistique, mais aussi en faveur de la cause des r\u00e9fugi\u00e9s et en affaires internationales. Julie Barlow a aussi \u00e9t\u00e9 pr\u00e9sidente de la Quebec Writers\u2019 Federation (compos\u00e9e de plus de 800 membres) de 2021-2023 et poss\u00e8de des exp\u00e9riences solides en journalisme, ayant publi\u00e9 des centaines d&rsquo;articles en anglais et en fran\u00e7ais dans des magazines et des journaux depuis 30 ans au Qu\u00e9bec, au Canada, aux \u00c9tats-Unis et en Europe. Elle est aussi l\u2019autrice de 8 livres, dont un sur Hydro-Qu\u00e9bec publi\u00e9 en 2018 : <a href=\"https:\/\/lactualite.com\/lactualite-affaires\/branchee-hydro-quebec-et-le-futur-de-lelectricite\/#:~:text=Pour%20simuler%20la%20crue%20du,malgr%C3%A9%20la%20r%C3%A9duction%20du%20d%C3%A9bit.\" rel=\"nofollow noopener\" target=\"_blank\">Branch\u00e9 &#8211; Hydro-Qu\u00e9bec et le futur de l&rsquo;\u00e9lectricit\u00e9, Qu\u00e9bec Am\u00e9rique<\/a>.<\/span><\/p>\t\t\t\t\t\t\t\t<\/div>\n\t\t\t\t<\/div>\n\t\t\t\t<\/div>\n\t\t\t\t\t<\/div>\n\t\t\t\t<\/div>\n\t\t<div class=\"elementor-element elementor-element-bee27d0 e-flex e-con-boxed e-con e-parent\" data-id=\"bee27d0\" data-element_type=\"container\" data-e-type=\"container\" data-settings=\"{&quot;jet_parallax_layout_list&quot;:[]}\">\n\t\t\t\t\t<div class=\"e-con-inner\">\n\t\t<div class=\"elementor-element elementor-element-08fbe9a e-con-full e-flex e-con e-child\" data-id=\"08fbe9a\" data-element_type=\"container\" data-e-type=\"container\" data-settings=\"{&quot;jet_parallax_layout_list&quot;:[]}\">\n\t\t\t\t<div class=\"elementor-element elementor-element-a0f9542 elementor-widget elementor-widget-heading\" data-id=\"a0f9542\" data-element_type=\"widget\" data-e-type=\"widget\" data-widget_type=\"heading.default\">\n\t\t\t\t<div class=\"elementor-widget-container\">\n\t\t\t\t\t<h2 class=\"elementor-heading-title elementor-size-default\">Mathieu B\u00e9land<\/h2>\t\t\t\t<\/div>\n\t\t\t\t<\/div>\n\t\t\t\t<div class=\"elementor-element elementor-element-7ca769a elementor-widget elementor-widget-image\" data-id=\"7ca769a\" data-element_type=\"widget\" data-e-type=\"widget\" data-widget_type=\"image.default\">\n\t\t\t\t<div class=\"elementor-widget-container\">\n\t\t\t\t\t\t\t\t\t\t\t\t<figure class=\"wp-caption\">\n\t\t\t\t\t\t\t\t\t\t<img decoding=\"async\" width=\"800\" height=\"534\" src=\"https:\/\/fondationrivieres.org\/wp-content\/uploads\/2025\/04\/9a89bee4-fb34-4bc0-8ca8-9157d9b1980b-1024x683.jpg\" class=\"attachment-large size-large wp-image-72233\" alt=\"Mathieu B\u00e9land\" srcset=\"https:\/\/fondationrivieres.org\/wp-content\/uploads\/2025\/04\/9a89bee4-fb34-4bc0-8ca8-9157d9b1980b-1024x683.jpg 1024w, https:\/\/fondationrivieres.org\/wp-content\/uploads\/2025\/04\/9a89bee4-fb34-4bc0-8ca8-9157d9b1980b-300x200.jpg 300w, https:\/\/fondationrivieres.org\/wp-content\/uploads\/2025\/04\/9a89bee4-fb34-4bc0-8ca8-9157d9b1980b-768x512.jpg 768w, https:\/\/fondationrivieres.org\/wp-content\/uploads\/2025\/04\/9a89bee4-fb34-4bc0-8ca8-9157d9b1980b-1536x1024.jpg 1536w, https:\/\/fondationrivieres.org\/wp-content\/uploads\/2025\/04\/9a89bee4-fb34-4bc0-8ca8-9157d9b1980b-2048x1365.jpg 2048w, https:\/\/fondationrivieres.org\/wp-content\/uploads\/2025\/04\/9a89bee4-fb34-4bc0-8ca8-9157d9b1980b-18x12.jpg 18w\" sizes=\"(max-width: 800px) 100vw, 800px\" \/>\t\t\t\t\t\t\t\t\t\t\t<figcaption class=\"widget-image-caption wp-caption-text\">Mathieu B\u00e9land<\/figcaption>\n\t\t\t\t\t\t\t\t\t\t<\/figure>\n\t\t\t\t\t\t\t\t\t<\/div>\n\t\t\t\t<\/div>\n\t\t\t\t<div class=\"elementor-element elementor-element-c9d5082 elementor-widget elementor-widget-text-editor\" data-id=\"c9d5082\" data-element_type=\"widget\" data-e-type=\"widget\" data-widget_type=\"text-editor.default\">\n\t\t\t\t<div class=\"elementor-widget-container\">\n\t\t\t\t\t\t\t\t\t<p><span style=\"font-weight: 400;\">Grand amateur de canot camping et de canot et de kayak d\u2019eau vive et ing\u00e9nieur forestier, Mathieu B\u00e9land a longtemps travaill\u00e9 comme enseignant en foresterie, ce qui l\u2019a ensuite amen\u00e9 chez Nature Qu\u00e9bec, un organisme qu\u2019il repr\u00e9sentait au sein de tables de partenaires du milieu forestier pendant plusieurs ann\u00e9es. <\/span><span style=\"font-weight: 400;\">Mathieu travaille maintenant chez Englobe, une entreprise canadienne sp\u00e9cialis\u00e9e en ing\u00e9nierie et en sciences de l&rsquo;environnement.<\/span><\/p>\t\t\t\t\t\t\t\t<\/div>\n\t\t\t\t<\/div>\n\t\t\t\t<\/div>\n\t\t<div class=\"elementor-element elementor-element-5e3783d e-con-full e-flex e-con e-child\" data-id=\"5e3783d\" data-element_type=\"container\" data-e-type=\"container\" data-settings=\"{&quot;jet_parallax_layout_list&quot;:[]}\">\n\t\t\t\t<div class=\"elementor-element elementor-element-692655f elementor-widget elementor-widget-heading\" data-id=\"692655f\" data-element_type=\"widget\" data-e-type=\"widget\" data-widget_type=\"heading.default\">\n\t\t\t\t<div class=\"elementor-widget-container\">\n\t\t\t\t\t<h2 class=\"elementor-heading-title elementor-size-default\">Sophie Ouellet<\/h2>\t\t\t\t<\/div>\n\t\t\t\t<\/div>\n\t\t\t\t<div class=\"elementor-element elementor-element-1d1e045 elementor-widget elementor-widget-image\" data-id=\"1d1e045\" data-element_type=\"widget\" data-e-type=\"widget\" data-widget_type=\"image.default\">\n\t\t\t\t<div class=\"elementor-widget-container\">\n\t\t\t\t\t\t\t\t\t\t\t\t<figure class=\"wp-caption\">\n\t\t\t\t\t\t\t\t\t\t<img loading=\"lazy\" decoding=\"async\" width=\"800\" height=\"894\" src=\"https:\/\/fondationrivieres.org\/wp-content\/uploads\/2025\/03\/2-916x1024.png\" class=\"attachment-large size-large wp-image-72156\" alt=\"Sophie Ouellet\" srcset=\"https:\/\/fondationrivieres.org\/wp-content\/uploads\/2025\/03\/2-916x1024.png 916w, https:\/\/fondationrivieres.org\/wp-content\/uploads\/2025\/03\/2-268x300.png 268w, https:\/\/fondationrivieres.org\/wp-content\/uploads\/2025\/03\/2-768x858.png 768w, https:\/\/fondationrivieres.org\/wp-content\/uploads\/2025\/03\/2-1374x1536.png 1374w, https:\/\/fondationrivieres.org\/wp-content\/uploads\/2025\/03\/2-1832x2048.png 1832w, https:\/\/fondationrivieres.org\/wp-content\/uploads\/2025\/03\/2-11x12.png 11w\" sizes=\"(max-width: 800px) 100vw, 800px\" \/>\t\t\t\t\t\t\t\t\t\t\t<figcaption class=\"widget-image-caption wp-caption-text\">Sophie Ouellet<\/figcaption>\n\t\t\t\t\t\t\t\t\t\t<\/figure>\n\t\t\t\t\t\t\t\t\t<\/div>\n\t\t\t\t<\/div>\n\t\t\t\t<div class=\"elementor-element elementor-element-b1321b8 elementor-widget elementor-widget-text-editor\" data-id=\"b1321b8\" data-element_type=\"widget\" data-e-type=\"widget\" data-widget_type=\"text-editor.default\">\n\t\t\t\t<div class=\"elementor-widget-container\">\n\t\t\t\t\t\t\t\t\t<p><span style=\"font-weight: 400;\">Sensible aux enjeux environnementaux et \u00e0 la pr\u00e9servation et mise en valeur de nos rivi\u00e8res, Sophie Ouellet poss\u00e8de une solide exp\u00e9rience en gouvernance et en droit. En tant qu\u2019avocate de formation et maintenant secr\u00e9taire g\u00e9n\u00e9rale de l\u2019Universit\u00e9 du Qu\u00e9bec en Outaouais (UQO), elle poss\u00e8de des comp\u00e9tences approfondies en gestion administrative, en \u00e9laboration de politiques, en conformit\u00e9 l\u00e9gale et r\u00e9glementaire ainsi qu&rsquo;en m\u00e9canismes de gouvernance.<\/span><\/p>\t\t\t\t\t\t\t\t<\/div>\n\t\t\t\t<\/div>\n\t\t\t\t<\/div>\n\t\t\t\t\t<\/div>\n\t\t\t\t<\/div>\n\t\t<div class=\"elementor-element elementor-element-aec0af3 e-flex e-con-boxed e-con e-parent\" data-id=\"aec0af3\" data-element_type=\"container\" data-e-type=\"container\" data-settings=\"{&quot;jet_parallax_layout_list&quot;:[]}\">\n\t\t\t\t\t<div class=\"e-con-inner\">\n\t\t\t\t<div class=\"elementor-element elementor-element-8a91a2a elementor-widget elementor-widget-heading\" data-id=\"8a91a2a\" data-element_type=\"widget\" data-e-type=\"widget\" data-widget_type=\"heading.default\">\n\t\t\t\t<div class=\"elementor-widget-container\">\n\t\t\t\t\t<h2 class=\"elementor-heading-title elementor-size-default\">Yves Goussard<\/h2>\t\t\t\t<\/div>\n\t\t\t\t<\/div>\n\t\t\t\t<div class=\"elementor-element elementor-element-ba1dc4d elementor-widget elementor-widget-image\" data-id=\"ba1dc4d\" data-element_type=\"widget\" data-e-type=\"widget\" data-widget_type=\"image.default\">\n\t\t\t\t<div class=\"elementor-widget-container\">\n\t\t\t\t\t\t\t\t\t\t\t\t<figure class=\"wp-caption\">\n\t\t\t\t\t\t\t\t\t\t<img loading=\"lazy\" decoding=\"async\" width=\"268\" height=\"300\" src=\"https:\/\/fondationrivieres.org\/wp-content\/uploads\/2025\/03\/5-268x300.png\" class=\"attachment-medium size-medium wp-image-72159\" alt=\"Yves Goussard\" srcset=\"https:\/\/fondationrivieres.org\/wp-content\/uploads\/2025\/03\/5-268x300.png 268w, https:\/\/fondationrivieres.org\/wp-content\/uploads\/2025\/03\/5-916x1024.png 916w, https:\/\/fondationrivieres.org\/wp-content\/uploads\/2025\/03\/5-768x858.png 768w, https:\/\/fondationrivieres.org\/wp-content\/uploads\/2025\/03\/5-1374x1536.png 1374w, https:\/\/fondationrivieres.org\/wp-content\/uploads\/2025\/03\/5-1832x2048.png 1832w, https:\/\/fondationrivieres.org\/wp-content\/uploads\/2025\/03\/5-11x12.png 11w\" sizes=\"(max-width: 268px) 100vw, 268px\" \/>\t\t\t\t\t\t\t\t\t\t\t<figcaption class=\"widget-image-caption wp-caption-text\">Yves Goussard<\/figcaption>\n\t\t\t\t\t\t\t\t\t\t<\/figure>\n\t\t\t\t\t\t\t\t\t<\/div>\n\t\t\t\t<\/div>\n\t\t\t\t<div class=\"elementor-element elementor-element-18c2ca5 elementor-widget elementor-widget-text-editor\" data-id=\"18c2ca5\" data-element_type=\"widget\" data-e-type=\"widget\" data-widget_type=\"text-editor.default\">\n\t\t\t\t<div class=\"elementor-widget-container\">\n\t\t\t\t\t\t\t\t\t<p><span style=\"font-weight: 400;\">Universitaire et chercheur de formation, Yves Goussard a travaill\u00e9 pendant de nombreuses ann\u00e9es pour le Centre national de la recherche scientifique (CNRS) en France, puis pendant plus de trente ans comme professeur \u00e0 Polytechnique Montr\u00e9al. Sensible aux questions sociales et environnementales et du haut de ses exp\u00e9riences en recherche et en enseignement, Yves Goussard poss\u00e8de des comp\u00e9tences marqu\u00e9es en gouvernance des institutions et la gestion des ressources humaines.<\/span><\/p>\t\t\t\t\t\t\t\t<\/div>\n\t\t\t\t<\/div>\n\t\t\t\t<div class=\"elementor-element elementor-element-4ccd817 elementor-align-center elementor-widget elementor-widget-button\" data-id=\"4ccd817\" data-element_type=\"widget\" data-e-type=\"widget\" data-widget_type=\"button.default\">\n\t\t\t\t<div class=\"elementor-widget-container\">\n\t\t\t\t\t\t\t\t\t<div class=\"elementor-button-wrapper\">\n\t\t\t\t\t<a class=\"elementor-button elementor-button-link elementor-size-sm\" href=\"https:\/\/fondationrivieres.org\/en\/la-fondation\/conseil-administration\/\">\n\t\t\t\t\t\t<span class=\"elementor-button-content-wrapper\">\n\t\t\t\t\t\t<span class=\"elementor-button-icon\">\n\t\t\t\t<i aria-hidden=\"true\" class=\"fas fa-arrow-right\"><\/i>\t\t\t<\/span>\n\t\t\t\t\t\t\t\t\t<span class=\"elementor-button-text\">D\u00e9couvrez le nouveau CA<\/span>\n\t\t\t\t\t<\/span>\n\t\t\t\t\t<\/a>\n\t\t\t\t<\/div>\n\t\t\t\t\t\t\t\t<\/div>\n\t\t\t\t<\/div>\n\t\t\t\t\t<\/div>\n\t\t\t\t<\/div>\n\t\t<div class=\"elementor-element elementor-element-8952680 e-flex e-con-boxed e-con e-parent\" data-id=\"8952680\" data-element_type=\"container\" data-e-type=\"container\" data-settings=\"{&quot;jet_parallax_layout_list&quot;:[]}\">\n\t\t\t\t\t<div class=\"e-con-inner\">\n\t\t\t\t<div class=\"elementor-element elementor-element-24be188 elementor-widget elementor-widget-heading\" data-id=\"24be188\" data-element_type=\"widget\" data-e-type=\"widget\" data-widget_type=\"heading.default\">\n\t\t\t\t<div class=\"elementor-widget-container\">\n\t\t\t\t\t<h2 class=\"elementor-heading-title elementor-size-default\">Retour en images de l'assembl\u00e9e g\u00e9n\u00e9rale annuelle<\/h2>\t\t\t\t<\/div>\n\t\t\t\t<\/div>\n\t\t\t\t<div class=\"elementor-element elementor-element-946d53b elementor-widget elementor-widget-image-gallery\" data-id=\"946d53b\" data-element_type=\"widget\" data-e-type=\"widget\" data-widget_type=\"image-gallery.default\">\n\t\t\t\t<div class=\"elementor-widget-container\">\n\t\t\t\t\t\t\t<div class=\"elementor-image-gallery\">\n\t\t\t<div id='gallery-1' class='gallery galleryid-72128 gallery-columns-1 gallery-size-2048x2048'><figure class='gallery-item'>\n\t\t\t<div class='gallery-icon landscape'>\n\t\t\t\t<a data-elementor-open-lightbox=\"yes\" data-elementor-lightbox-slideshow=\"946d53b\" data-elementor-lightbox-title=\"DSC_0610\" data-e-action-hash=\"#elementor-action%3Aaction%3Dlightbox%26settings%3DeyJpZCI6NzIxNjQsInVybCI6Imh0dHBzOlwvXC9mb25kYXRpb25yaXZpZXJlcy5vcmdcL3dwLWNvbnRlbnRcL3VwbG9hZHNcLzIwMjVcLzAzXC9EU0NfMDYxMC1zY2FsZWQuanBnIiwic2xpZGVzaG93IjoiOTQ2ZDUzYiJ9\" href=\"https:\/\/fondationrivieres.org\/wp-content\/uploads\/2025\/03\/DSC_0610-scaled.jpg\"><img loading=\"lazy\" width=\"2048\" height=\"1365\" src=\"https:\/\/fondationrivieres.org\/wp-content\/uploads\/2025\/03\/DSC_0610-2048x1365.jpg\" class=\"attachment-2048x2048 size-2048x2048\" alt=\"\" decoding=\"async\" srcset=\"https:\/\/fondationrivieres.org\/wp-content\/uploads\/2025\/03\/DSC_0610-2048x1365.jpg 2048w, https:\/\/fondationrivieres.org\/wp-content\/uploads\/2025\/03\/DSC_0610-300x200.jpg 300w, https:\/\/fondationrivieres.org\/wp-content\/uploads\/2025\/03\/DSC_0610-1024x683.jpg 1024w, https:\/\/fondationrivieres.org\/wp-content\/uploads\/2025\/03\/DSC_0610-768x512.jpg 768w, https:\/\/fondationrivieres.org\/wp-content\/uploads\/2025\/03\/DSC_0610-1536x1024.jpg 1536w, https:\/\/fondationrivieres.org\/wp-content\/uploads\/2025\/03\/DSC_0610-18x12.jpg 18w\" sizes=\"(max-width: 2048px) 100vw, 2048px\" \/><\/a>\n\t\t\t<\/div><\/figure><figure class='gallery-item'>\n\t\t\t<div class='gallery-icon landscape'>\n\t\t\t\t<a data-elementor-open-lightbox=\"yes\" data-elementor-lightbox-slideshow=\"946d53b\" data-elementor-lightbox-title=\"DSC_0562\" data-e-action-hash=\"#elementor-action%3Aaction%3Dlightbox%26settings%3DeyJpZCI6NzIxNjEsInVybCI6Imh0dHBzOlwvXC9mb25kYXRpb25yaXZpZXJlcy5vcmdcL3dwLWNvbnRlbnRcL3VwbG9hZHNcLzIwMjVcLzAzXC9EU0NfMDU2Mi1zY2FsZWQuanBnIiwic2xpZGVzaG93IjoiOTQ2ZDUzYiJ9\" href=\"https:\/\/fondationrivieres.org\/wp-content\/uploads\/2025\/03\/DSC_0562-scaled.jpg\"><img loading=\"lazy\" width=\"2048\" height=\"1365\" src=\"https:\/\/fondationrivieres.org\/wp-content\/uploads\/2025\/03\/DSC_0562-2048x1365.jpg\" class=\"attachment-2048x2048 size-2048x2048\" alt=\"\" decoding=\"async\" srcset=\"https:\/\/fondationrivieres.org\/wp-content\/uploads\/2025\/03\/DSC_0562-2048x1365.jpg 2048w, https:\/\/fondationrivieres.org\/wp-content\/uploads\/2025\/03\/DSC_0562-300x200.jpg 300w, https:\/\/fondationrivieres.org\/wp-content\/uploads\/2025\/03\/DSC_0562-1024x683.jpg 1024w, https:\/\/fondationrivieres.org\/wp-content\/uploads\/2025\/03\/DSC_0562-768x512.jpg 768w, https:\/\/fondationrivieres.org\/wp-content\/uploads\/2025\/03\/DSC_0562-1536x1024.jpg 1536w, https:\/\/fondationrivieres.org\/wp-content\/uploads\/2025\/03\/DSC_0562-18x12.jpg 18w\" sizes=\"(max-width: 2048px) 100vw, 2048px\" \/><\/a>\n\t\t\t<\/div><\/figure><figure class='gallery-item'>\n\t\t\t<div class='gallery-icon portrait'>\n\t\t\t\t<a data-elementor-open-lightbox=\"yes\" data-elementor-lightbox-slideshow=\"946d53b\" data-elementor-lightbox-title=\"20250326_182545\" data-e-action-hash=\"#elementor-action%3Aaction%3Dlightbox%26settings%3DeyJpZCI6NzIxNDgsInVybCI6Imh0dHBzOlwvXC9mb25kYXRpb25yaXZpZXJlcy5vcmdcL3dwLWNvbnRlbnRcL3VwbG9hZHNcLzIwMjVcLzAzXC8yMDI1MDMyNl8xODI1NDUud2VicCIsInNsaWRlc2hvdyI6Ijk0NmQ1M2IifQ%3D%3D\" href=\"https:\/\/fondationrivieres.org\/wp-content\/uploads\/2025\/03\/20250326_182545.webp\"><img loading=\"lazy\" width=\"1200\" height=\"1600\" src=\"https:\/\/fondationrivieres.org\/wp-content\/uploads\/2025\/03\/20250326_182545.webp\" class=\"attachment-2048x2048 size-2048x2048\" alt=\"\" decoding=\"async\" srcset=\"https:\/\/fondationrivieres.org\/wp-content\/uploads\/2025\/03\/20250326_182545.webp 1200w, https:\/\/fondationrivieres.org\/wp-content\/uploads\/2025\/03\/20250326_182545-225x300.webp 225w, https:\/\/fondationrivieres.org\/wp-content\/uploads\/2025\/03\/20250326_182545-768x1024.webp 768w, https:\/\/fondationrivieres.org\/wp-content\/uploads\/2025\/03\/20250326_182545-1152x1536.webp 1152w, https:\/\/fondationrivieres.org\/wp-content\/uploads\/2025\/03\/20250326_182545-9x12.webp 9w\" sizes=\"(max-width: 1200px) 100vw, 1200px\" \/><\/a>\n\t\t\t<\/div><\/figure><figure class='gallery-item'>\n\t\t\t<div class='gallery-icon landscape'>\n\t\t\t\t<a data-elementor-open-lightbox=\"yes\" data-elementor-lightbox-slideshow=\"946d53b\" data-elementor-lightbox-title=\"DSC_0545\" data-e-action-hash=\"#elementor-action%3Aaction%3Dlightbox%26settings%3DeyJpZCI6NzIxNjAsInVybCI6Imh0dHBzOlwvXC9mb25kYXRpb25yaXZpZXJlcy5vcmdcL3dwLWNvbnRlbnRcL3VwbG9hZHNcLzIwMjVcLzAzXC9EU0NfMDU0NS1zY2FsZWQuanBnIiwic2xpZGVzaG93IjoiOTQ2ZDUzYiJ9\" href=\"https:\/\/fondationrivieres.org\/wp-content\/uploads\/2025\/03\/DSC_0545-scaled.jpg\"><img loading=\"lazy\" width=\"2048\" height=\"1365\" src=\"https:\/\/fondationrivieres.org\/wp-content\/uploads\/2025\/03\/DSC_0545-2048x1365.jpg\" class=\"attachment-2048x2048 size-2048x2048\" alt=\"\" decoding=\"async\" srcset=\"https:\/\/fondationrivieres.org\/wp-content\/uploads\/2025\/03\/DSC_0545-2048x1365.jpg 2048w, https:\/\/fondationrivieres.org\/wp-content\/uploads\/2025\/03\/DSC_0545-300x200.jpg 300w, https:\/\/fondationrivieres.org\/wp-content\/uploads\/2025\/03\/DSC_0545-1024x683.jpg 1024w, https:\/\/fondationrivieres.org\/wp-content\/uploads\/2025\/03\/DSC_0545-768x512.jpg 768w, https:\/\/fondationrivieres.org\/wp-content\/uploads\/2025\/03\/DSC_0545-1536x1024.jpg 1536w, https:\/\/fondationrivieres.org\/wp-content\/uploads\/2025\/03\/DSC_0545-18x12.jpg 18w\" sizes=\"(max-width: 2048px) 100vw, 2048px\" \/><\/a>\n\t\t\t<\/div><\/figure><figure class='gallery-item'>\n\t\t\t<div class='gallery-icon landscape'>\n\t\t\t\t<a data-elementor-open-lightbox=\"yes\" data-elementor-lightbox-slideshow=\"946d53b\" data-elementor-lightbox-title=\"DSC_0574\" data-e-action-hash=\"#elementor-action%3Aaction%3Dlightbox%26settings%3DeyJpZCI6NzIxNjIsInVybCI6Imh0dHBzOlwvXC9mb25kYXRpb25yaXZpZXJlcy5vcmdcL3dwLWNvbnRlbnRcL3VwbG9hZHNcLzIwMjVcLzAzXC9EU0NfMDU3NC1zY2FsZWQuanBnIiwic2xpZGVzaG93IjoiOTQ2ZDUzYiJ9\" href=\"https:\/\/fondationrivieres.org\/wp-content\/uploads\/2025\/03\/DSC_0574-scaled.jpg\"><img loading=\"lazy\" width=\"2048\" height=\"1365\" src=\"https:\/\/fondationrivieres.org\/wp-content\/uploads\/2025\/03\/DSC_0574-2048x1365.jpg\" class=\"attachment-2048x2048 size-2048x2048\" alt=\"\" decoding=\"async\" srcset=\"https:\/\/fondationrivieres.org\/wp-content\/uploads\/2025\/03\/DSC_0574-2048x1365.jpg 2048w, https:\/\/fondationrivieres.org\/wp-content\/uploads\/2025\/03\/DSC_0574-300x200.jpg 300w, https:\/\/fondationrivieres.org\/wp-content\/uploads\/2025\/03\/DSC_0574-1024x683.jpg 1024w, https:\/\/fondationrivieres.org\/wp-content\/uploads\/2025\/03\/DSC_0574-768x512.jpg 768w, https:\/\/fondationrivieres.org\/wp-content\/uploads\/2025\/03\/DSC_0574-1536x1024.jpg 1536w, https:\/\/fondationrivieres.org\/wp-content\/uploads\/2025\/03\/DSC_0574-18x12.jpg 18w\" sizes=\"(max-width: 2048px) 100vw, 2048px\" \/><\/a>\n\t\t\t<\/div><\/figure><figure class='gallery-item'>\n\t\t\t<div class='gallery-icon landscape'>\n\t\t\t\t<a data-elementor-open-lightbox=\"yes\" data-elementor-lightbox-slideshow=\"946d53b\" data-elementor-lightbox-title=\"DSC_0599\" data-e-action-hash=\"#elementor-action%3Aaction%3Dlightbox%26settings%3DeyJpZCI6NzIxNjMsInVybCI6Imh0dHBzOlwvXC9mb25kYXRpb25yaXZpZXJlcy5vcmdcL3dwLWNvbnRlbnRcL3VwbG9hZHNcLzIwMjVcLzAzXC9EU0NfMDU5OS1zY2FsZWQuanBnIiwic2xpZGVzaG93IjoiOTQ2ZDUzYiJ9\" href=\"https:\/\/fondationrivieres.org\/wp-content\/uploads\/2025\/03\/DSC_0599-scaled.jpg\"><img loading=\"lazy\" width=\"2048\" height=\"1365\" src=\"https:\/\/fondationrivieres.org\/wp-content\/uploads\/2025\/03\/DSC_0599-2048x1365.jpg\" class=\"attachment-2048x2048 size-2048x2048\" alt=\"\" decoding=\"async\" srcset=\"https:\/\/fondationrivieres.org\/wp-content\/uploads\/2025\/03\/DSC_0599-2048x1365.jpg 2048w, https:\/\/fondationrivieres.org\/wp-content\/uploads\/2025\/03\/DSC_0599-300x200.jpg 300w, https:\/\/fondationrivieres.org\/wp-content\/uploads\/2025\/03\/DSC_0599-1024x683.jpg 1024w, https:\/\/fondationrivieres.org\/wp-content\/uploads\/2025\/03\/DSC_0599-768x512.jpg 768w, https:\/\/fondationrivieres.org\/wp-content\/uploads\/2025\/03\/DSC_0599-1536x1024.jpg 1536w, https:\/\/fondationrivieres.org\/wp-content\/uploads\/2025\/03\/DSC_0599-18x12.jpg 18w\" sizes=\"(max-width: 2048px) 100vw, 2048px\" \/><\/a>\n\t\t\t<\/div><\/figure>\n\t\t<\/div>\n\t\t<\/div>\n\t\t\t\t\t\t<\/div>\n\t\t\t\t<\/div>\n\t\t\t\t\t<\/div>\n\t\t\t\t<\/div>\n\t\t\t\t<\/div>","protected":false},"excerpt":{"rendered":"<p>L&rsquo;Assembl\u00e9e G\u00e9n\u00e9rale Annuelle (AGA) de la Fondation Rivi\u00e8res s&rsquo;est tenue le mercredi 26 mars \u00e0 la salle Clark de la Maison du D\u00e9veloppement Durable \u00e0 Montr\u00e9al. Un \u00e9v\u00e9nement tr\u00e8s attendu qui a permis aux membres et aux personnes pr\u00e9sentes de rencontrer notre \u00e9quipe, le conseil d&rsquo;administration, ainsi que notre invit\u00e9 d&rsquo;honneur, Dominic Champagne, metteur en sc\u00e8ne et \u00e9cologiste engag\u00e9, qui a partag\u00e9 ses r\u00e9flexions au d\u00e9but de l&rsquo;\u00e9v\u00e9nement.<\/p>","protected":false},"author":30,"featured_media":72129,"comment_status":"closed","ping_status":"open","sticky":false,"template":"","format":"standard","meta":{"footnotes":""},"categories":[3],"tags":[],"class_list":["post-72128","post","type-post","status-publish","format-standard","has-post-thumbnail","hentry","category-actualites"],"_links":{"self":[{"href":"https:\/\/fondationrivieres.org\/en\/wp-json\/wp\/v2\/posts\/72128","targetHints":{"allow":["GET"]}}],"collection":[{"href":"https:\/\/fondationrivieres.org\/en\/wp-json\/wp\/v2\/posts"}],"about":[{"href":"https:\/\/fondationrivieres.org\/en\/wp-json\/wp\/v2\/types\/post"}],"author":[{"embeddable":true,"href":"https:\/\/fondationrivieres.org\/en\/wp-json\/wp\/v2\/users\/30"}],"replies":[{"embeddable":true,"href":"https:\/\/fondationrivieres.org\/en\/wp-json\/wp\/v2\/comments?post=72128"}],"version-history":[{"count":51,"href":"https:\/\/fondationrivieres.org\/en\/wp-json\/wp\/v2\/posts\/72128\/revisions"}],"predecessor-version":[{"id":76143,"href":"https:\/\/fondationrivieres.org\/en\/wp-json\/wp\/v2\/posts\/72128\/revisions\/76143"}],"wp:featuredmedia":[{"embeddable":true,"href":"https:\/\/fondationrivieres.org\/en\/wp-json\/wp\/v2\/media\/72129"}],"wp:attachment":[{"href":"https:\/\/fondationrivieres.org\/en\/wp-json\/wp\/v2\/media?parent=72128"}],"wp:term":[{"taxonomy":"category","embeddable":true,"href":"https:\/\/fondationrivieres.org\/en\/wp-json\/wp\/v2\/categories?post=72128"},{"taxonomy":"post_tag","embeddable":true,"href":"https:\/\/fondationrivieres.org\/en\/wp-json\/wp\/v2\/tags?post=72128"}],"curies":[{"name":"wp","href":"https:\/\/api.w.org\/{rel}","templated":true}]}}