{"id":71553,"date":"2025-01-28T16:22:21","date_gmt":"2025-01-28T21:22:21","guid":{"rendered":"https:\/\/fondationrivieres.org\/?p=71553"},"modified":"2025-02-05T13:36:57","modified_gmt":"2025-02-05T18:36:57","slug":"memoire-pl81-milieux-humides","status":"publish","type":"post","link":"https:\/\/fondationrivieres.org\/en\/memoire-pl81-milieux-humides\/","title":{"rendered":"Memo on Bill 81: Changes to Regulations on Aquatic and Wetland Environments"},"content":{"rendered":"\t\t<div data-elementor-type=\"wp-post\" data-elementor-id=\"71553\" class=\"elementor elementor-71553\" data-elementor-post-type=\"post\">\n\t\t\t\t<div class=\"elementor-element elementor-element-16a24d0 e-flex e-con-boxed e-con e-parent\" data-id=\"16a24d0\" data-element_type=\"container\" data-e-type=\"container\" data-settings=\"{&quot;jet_parallax_layout_list&quot;:[]}\">\n\t\t\t\t\t<div class=\"e-con-inner\">\n\t\t\t\t<div class=\"elementor-element elementor-element-6b4759e elementor-widget elementor-widget-heading\" data-id=\"6b4759e\" data-element_type=\"widget\" data-e-type=\"widget\" data-widget_type=\"heading.default\">\n\t\t\t\t<div class=\"elementor-widget-container\">\n\t\t\t\t\t<h2 class=\"elementor-heading-title elementor-size-default\">Le PL81 ne s\u2019int\u00e9resse pas aux fa\u00e7ons  d\u2019\u00e9viter et de minimiser la destruction des milieux humides<\/h2>\t\t\t\t<\/div>\n\t\t\t\t<\/div>\n\t\t\t\t<div class=\"elementor-element elementor-element-696046e elementor-widget elementor-widget-text-editor\" data-id=\"696046e\" data-element_type=\"widget\" data-e-type=\"widget\" data-widget_type=\"text-editor.default\">\n\t\t\t\t<div class=\"elementor-widget-container\">\n\t\t\t\t\t\t\t\t\t<p><span style=\"font-weight: 400;\">La Fondation Rivi\u00e8res d\u00e9pose un m\u00e9moire suite au projet de loi 81 (PL81), qui propose la r\u00e9forme de nombreux champs de l\u2019encadrement environnemental du Minist\u00e8re de l\u2019environnement, de la lutte aux changements climatiques, de la faune et des parcs (MELCCFP). Nous avons pr\u00e9sent\u00e9 notre m\u00e9moire aux \u00e9lus et au ministre de l&rsquo;Environnement, Benoit Charrette, lors de la commission parlementaire sur le PL81 qui s&rsquo;est d\u00e9roul\u00e9e \u00e0 Qu\u00e9bec le 29 janvier dernier.<\/span><\/p>\t\t\t\t\t\t\t\t<\/div>\n\t\t\t\t<\/div>\n\t\t\t\t<div class=\"elementor-element elementor-element-f2eeb4f elementor-widget elementor-widget-video\" data-id=\"f2eeb4f\" data-element_type=\"widget\" data-e-type=\"widget\" data-settings=\"{&quot;youtube_url&quot;:&quot;https:\\\/\\\/www.youtube.com\\\/watch?v=J6QJAbZWhQM&quot;,&quot;video_type&quot;:&quot;youtube&quot;,&quot;controls&quot;:&quot;yes&quot;}\" data-widget_type=\"video.default\">\n\t\t\t\t<div class=\"elementor-widget-container\">\n\t\t\t\t\t\t\t<div class=\"elementor-wrapper elementor-open-inline\">\n\t\t\t<div class=\"elementor-video\"><\/div>\t\t<\/div>\n\t\t\t\t\t\t<\/div>\n\t\t\t\t<\/div>\n\t\t\t\t\t<\/div>\n\t\t\t\t<\/div>\n\t\t<div class=\"elementor-element elementor-element-3fbb324 e-flex e-con-boxed e-con e-parent\" data-id=\"3fbb324\" data-element_type=\"container\" data-e-type=\"container\" data-settings=\"{&quot;jet_parallax_layout_list&quot;:[]}\">\n\t\t\t\t\t<div class=\"e-con-inner\">\n\t\t\t\t<div class=\"elementor-element elementor-element-ee70dc6 elementor-widget elementor-widget-text-editor\" data-id=\"ee70dc6\" data-element_type=\"widget\" data-e-type=\"widget\" data-widget_type=\"text-editor.default\">\n\t\t\t\t<div class=\"elementor-widget-container\">\n\t\t\t\t\t\t\t\t\t<p>Le PL81 est une r\u00e9forme touchant \u00e0 plusieurs lois environnementales, notamment les lois encadrant la protection des milieux humides et hydriques (ex. <i>Loi sur l\u2019eau<\/i>, <i>Loi sur la qualit\u00e9 de l\u2019environnement, <\/i>etc.). Loin de se concentrer sur cette protection, les changements apport\u00e9s par le projet de loi ont pour premier objectif de faciliter et acc\u00e9l\u00e9rer le traitement administratif des demandes d\u2019autorisation et d\u2019acc\u00e9l\u00e9rer la restauration et la cr\u00e9ation des milieux humides et hydriques sur le territoire.\u00a0<\/p><p>Ces changements se veulent une fa\u00e7on d\u2019am\u00e9liorer les performances, notamment des programmes de compensation, mais ils ne s\u2019attaquent pas au c\u0153ur du probl\u00e8me, celui de\u00a0 prot\u00e9ger ad\u00e9quatement\u00a0 les milieux humides et hydriques au Qu\u00e9bec.\u00a0<span style=\"color: var( --e-global-color-accent ); text-align: var(--text-align);\">Les pertes nettes de milieux humides n\u2019ont pas diminu\u00e9, au contraire, comme l\u2019expose notre analyse des donn\u00e9es du MELCCFP de juin 2017 \u00e0 f\u00e9vrier 2024, qui couvrent l\u2019ensemble des projets autoris\u00e9s par le MELCCFP ayant provoqu\u00e9 des perturbations dans des milieux humides, ainsi que les projets de restauration financ\u00e9s (\u00e9tudes de faisabilit\u00e9 et mise en \u0153uvre de la restauration). <\/span><\/p>\t\t\t\t\t\t\t\t<\/div>\n\t\t\t\t<\/div>\n\t\t\t\t<div class=\"elementor-element elementor-element-356002f elementor-align-center elementor-widget elementor-widget-button\" data-id=\"356002f\" data-element_type=\"widget\" data-e-type=\"widget\" data-widget_type=\"button.default\">\n\t\t\t\t<div class=\"elementor-widget-container\">\n\t\t\t\t\t\t\t\t\t<div class=\"elementor-button-wrapper\">\n\t\t\t\t\t<a class=\"elementor-button elementor-button-link elementor-size-lg\" href=\"https:\/\/fondationrivieres.org\/milieux-humides-hydriques\/\" target=\"_blank\">\n\t\t\t\t\t\t<span class=\"elementor-button-content-wrapper\">\n\t\t\t\t\t\t\t\t\t<span class=\"elementor-button-text\">Voir notre analyse d\u00e9taill\u00e9e<\/span>\n\t\t\t\t\t<\/span>\n\t\t\t\t\t<\/a>\n\t\t\t\t<\/div>\n\t\t\t\t\t\t\t\t<\/div>\n\t\t\t\t<\/div>\n\t\t\t\t\t<\/div>\n\t\t\t\t<\/div>\n\t\t<div class=\"elementor-element elementor-element-aed3e3c e-flex e-con-boxed e-con e-parent\" data-id=\"aed3e3c\" data-element_type=\"container\" data-e-type=\"container\" data-settings=\"{&quot;jet_parallax_layout_list&quot;:[]}\">\n\t\t\t\t\t<div class=\"e-con-inner\">\n\t\t\t\t<div class=\"elementor-element elementor-element-4ba9552 elementor-widget elementor-widget-text-editor\" data-id=\"4ba9552\" data-element_type=\"widget\" data-e-type=\"widget\" data-widget_type=\"text-editor.default\">\n\t\t\t\t<div class=\"elementor-widget-container\">\n\t\t\t\t\t\t\t\t\t<p><span style=\"font-weight: 400;\">Notre crainte est que la formulation utilis\u00e9e dans la nouvelle mouture de la r\u00e9glementation semble assouplir la d\u00e9monstration qui doit \u00eatre faite de la possibilit\u00e9 d\u2019\u00e9viter la destruction d\u2019un milieu humide et hydrique. <\/span><\/p><p><span style=\"font-weight: 400;\">La mesure d\u2019\u00e9vitement doit \u00eatre clairement d\u00e9finie comme prioritaire dans l\u2019\u00e9tude des projets de d\u00e9veloppement. Il serait n\u00e9cessaire d\u2019exiger des projets qu\u2019ils d\u00e9montrent qu\u2019il n\u2019y ait aucun autre endroit disponible pour le d\u00e9veloppement et se justifie en ce sens dans leurs demandes d\u2019autorisation aupr\u00e8s du MELCCFP.<\/span><\/p>\t\t\t\t\t\t\t\t<\/div>\n\t\t\t\t<\/div>\n\t\t\t\t<div class=\"elementor-element elementor-element-9036b24 elementor-cta--layout-image-right elementor-widget__width-initial elementor-cta--skin-classic elementor-animated-content elementor-bg-transform elementor-bg-transform-zoom-in elementor-widget elementor-widget-call-to-action\" data-id=\"9036b24\" data-element_type=\"widget\" data-e-type=\"widget\" data-widget_type=\"call-to-action.default\">\n\t\t\t\t<div class=\"elementor-widget-container\">\n\t\t\t\t\t\t\t<a class=\"elementor-cta\" href=\"https:\/\/signup-can.keela.co\/infolettre-fondation-rivieres\" target=\"_blank\" rel=\"noopener\">\n\t\t\t\t\t\t\t<div class=\"elementor-cta__content\">\n\t\t\t\t\t\t\t\t\t<div class=\"elementor-content-item elementor-cta__content-item elementor-icon-wrapper elementor-cta__icon elementor-view-default\">\n\t\t\t\t\t\t<div class=\"elementor-icon\">\n\t\t\t\t\t\t\t<i aria-hidden=\"true\" class=\"fas fa-mail-bulk\"><\/i>\t\t\t\t\t\t<\/div>\n\t\t\t\t\t<\/div>\n\t\t\t\t\n\t\t\t\t\t\t\t\t\t<h3 class=\"elementor-cta__title elementor-cta__content-item elementor-content-item\">\n\t\t\t\t\t\tRestez inform\u00e9 de nos actions en faveur de l'eau\t\t\t\t\t<\/h3>\n\t\t\t\t\n\t\t\t\t\n\t\t\t\t\t\t\t\t\t<div class=\"elementor-cta__button-wrapper elementor-cta__content-item elementor-content-item \">\n\t\t\t\t\t<span class=\"elementor-cta__button elementor-button elementor-size-\">\n\t\t\t\t\t\tJe m'inscris \u00e0 l'infolettre \u2192\t\t\t\t\t<\/span>\n\t\t\t\t\t<\/div>\n\t\t\t\t\t\t\t<\/div>\n\t\t\t\t\t\t<\/a>\n\t\t\t\t\t\t<\/div>\n\t\t\t\t<\/div>\n\t\t\t\t\t<\/div>\n\t\t\t\t<\/div>\n\t\t<div class=\"elementor-element elementor-element-1c1a720 e-flex e-con-boxed e-con e-parent\" data-id=\"1c1a720\" data-element_type=\"container\" data-e-type=\"container\" data-settings=\"{&quot;jet_parallax_layout_list&quot;:[]}\">\n\t\t\t\t\t<div class=\"e-con-inner\">\n\t\t\t\t<div class=\"elementor-element elementor-element-adb48ce elementor-widget elementor-widget-heading\" data-id=\"adb48ce\" data-element_type=\"widget\" data-e-type=\"widget\" data-widget_type=\"heading.default\">\n\t\t\t\t<div class=\"elementor-widget-container\">\n\t\t\t\t\t<h2 class=\"elementor-heading-title elementor-size-default\">Un processus de restauration et de compensation qui ne fonctionne pas<\/h2>\t\t\t\t<\/div>\n\t\t\t\t<\/div>\n\t\t\t\t\t<\/div>\n\t\t\t\t<\/div>\n\t\t<div class=\"elementor-element elementor-element-380f437 e-flex e-con-boxed e-con e-parent\" data-id=\"380f437\" data-element_type=\"container\" data-e-type=\"container\" data-settings=\"{&quot;jet_parallax_layout_list&quot;:[]}\">\n\t\t\t\t\t<div class=\"e-con-inner\">\n\t\t\t\t<div class=\"elementor-element elementor-element-84f0801 elementor-widget elementor-widget-text-editor\" data-id=\"84f0801\" data-element_type=\"widget\" data-e-type=\"widget\" data-widget_type=\"text-editor.default\">\n\t\t\t\t<div class=\"elementor-widget-container\">\n\t\t\t\t\t\t\t\t\t<p>Le ministre de l\u2019Environnement lui-m\u00eame, Benoit Charette, a reconnu que la protection des milieux humides et les processus de compensation de destruction avaient \u00ab d\u00e9montr\u00e9 [leur] inefficacit\u00e9 \u00bb. Notre analyse des donn\u00e9es sur les projets de destruction autoris\u00e9s par le MELCCFP entre juin 2017 et f\u00e9vrier 2024\u00a0 d\u00e9montrent que sur les 760 hectares de \u00a0milieux d\u00e9truits, moins de 30 ha ont \u00e9t\u00e9 concr\u00e8tement restaur\u00e9s. Le nombre d\u2019hectares restaur\u00e9s est probablement plus faible encore, puisque que certaines superficies n\u2019ont pas \u00e9t\u00e9 d\u00e9termin\u00e9es avec rigueur par le minist\u00e8re, nous apprend le commissaire au d\u00e9veloppement durable.<\/p><p><span style=\"font-weight: 400;\">Cette inefficacit\u00e9\u00a0 du programme de compensation financi\u00e8re se traduit par une <\/span>croissance fulgurante des autorisations de destruction <span style=\"font-weight: 400;\">depuis le d\u00e9confinement de la COVID-19 avec un pic de 200 ha en 2022<\/span><span style=\"font-weight: 400;\">, contre environ 75 hectares d\u00e9truits en moyenne les ann\u00e9es pr\u00e9c\u00e9dentes.\u00a0<\/span><\/p>\t\t\t\t\t\t\t\t<\/div>\n\t\t\t\t<\/div>\n\t\t\t\t<div class=\"elementor-element elementor-element-f142803 elementor-widget elementor-widget-image\" data-id=\"f142803\" data-element_type=\"widget\" data-e-type=\"widget\" data-widget_type=\"image.default\">\n\t\t\t\t<div class=\"elementor-widget-container\">\n\t\t\t\t\t\t\t\t\t\t\t\t<figure class=\"wp-caption\">\n\t\t\t\t\t\t\t\t\t\t<img fetchpriority=\"high\" decoding=\"async\" width=\"728\" height=\"424\" src=\"https:\/\/fondationrivieres.org\/wp-content\/uploads\/2025\/01\/Capture-decran-2025-01-28-140817-e1738091389958.png\" class=\"attachment-large size-large wp-image-71559\" alt=\"\" srcset=\"https:\/\/fondationrivieres.org\/wp-content\/uploads\/2025\/01\/Capture-decran-2025-01-28-140817-e1738091389958.png 728w, https:\/\/fondationrivieres.org\/wp-content\/uploads\/2025\/01\/Capture-decran-2025-01-28-140817-e1738091389958-300x175.png 300w, https:\/\/fondationrivieres.org\/wp-content\/uploads\/2025\/01\/Capture-decran-2025-01-28-140817-e1738091389958-18x10.png 18w\" sizes=\"(max-width: 728px) 100vw, 728px\" \/>\t\t\t\t\t\t\t\t\t\t\t<figcaption class=\"widget-image-caption wp-caption-text\"><\/figcaption>\n\t\t\t\t\t\t\t\t\t\t<\/figure>\n\t\t\t\t\t\t\t\t\t<\/div>\n\t\t\t\t<\/div>\n\t\t\t\t\t<\/div>\n\t\t\t\t<\/div>\n\t\t<div class=\"elementor-element elementor-element-8137a8c e-flex e-con-boxed e-con e-parent\" data-id=\"8137a8c\" data-element_type=\"container\" data-e-type=\"container\" data-settings=\"{&quot;jet_parallax_layout_list&quot;:[]}\">\n\t\t\t\t\t<div class=\"e-con-inner\">\n\t\t\t\t<div class=\"elementor-element elementor-element-1c41df0 elementor-widget elementor-widget-text-editor\" data-id=\"1c41df0\" data-element_type=\"widget\" data-e-type=\"widget\" data-widget_type=\"text-editor.default\">\n\t\t\t\t<div class=\"elementor-widget-container\">\n\t\t\t\t\t\t\t\t\t<p>Jusqu\u2019\u00e0 pr\u00e9sent, dans le cas o\u00f9 le projet d\u2019un promoteur touche un milieu qui poss\u00e8de plusieurs statuts particuliers (ex. milieu humide, habitat faunique), l\u2019ensemble de ces caract\u00e9ristiques doivent \u00eatre distinctement compens\u00e9es. Par exemple, Northvolt a d\u00fb s\u2019engager \u00e0 compenser \u00e0 la fois <a href=\"https:\/\/www.ledevoir.com\/environnement\/806160\/environnement-northvolt-detruira-milieux-naturels-haute-valeur-ecologique-selon-experts-gouvernement-legault\" target=\"_blank\" rel=\"noopener\">l<\/a><a href=\"https:\/\/www.ledevoir.com\/environnement\/806160\/environnement-northvolt-detruira-milieux-naturels-haute-valeur-ecologique-selon-experts-gouvernement-legault\" target=\"_blank\" rel=\"noopener\">es milieux humides et hydriques (MHH), ainsi que les habitats fauniques<\/a> qui se trouvent sur le site de son usine. Ce ne sera plus le cas avec la nouvelle r\u00e9glementation.<\/p><p>Cette solution nous appara\u00eet imprudente, puisque ne pas consid\u00e9rer l\u2019ensemble des caract\u00e9ristiques importantes d\u2019un milieu ouvre la porte \u00e0 une compensation partielle et incompl\u00e8te de ces milieux. Les \u00e9tudes scientifiques montrent d\u00e9j\u00e0 qu\u2019un milieu restaur\u00e9, s\u2019il remplit des fonctions \u00e9cologiques importantes, est souvent moins riche en termes de diversit\u00e9 d\u2019esp\u00e8ces, particuli\u00e8rement en ce qui a trait \u00e0 certaines esp\u00e8ces indig\u00e8nes aux besoins particuliers. De plus, les fonctions \u00e9cologiques des sites restaur\u00e9s sont la plupart du temps plus faibles (ex. stockage du carbone, abondance et richesse d\u2019esp\u00e8ces, etc.) que les \u00e9tats de r\u00e9f\u00e9rence des sites naturels.\u00a0<\/p>\t\t\t\t\t\t\t\t<\/div>\n\t\t\t\t<\/div>\n\t\t\t\t\t<\/div>\n\t\t\t\t<\/div>\n\t\t<div class=\"elementor-element elementor-element-d5d5c10 e-flex e-con-boxed e-con e-parent\" data-id=\"d5d5c10\" data-element_type=\"container\" data-e-type=\"container\" data-settings=\"{&quot;jet_parallax_layout_list&quot;:[]}\">\n\t\t\t\t\t<div class=\"e-con-inner\">\n\t\t\t\t<div class=\"elementor-element elementor-element-b2871e4 elementor-align-center elementor-widget elementor-widget-button\" data-id=\"b2871e4\" data-element_type=\"widget\" data-e-type=\"widget\" data-widget_type=\"button.default\">\n\t\t\t\t<div class=\"elementor-widget-container\">\n\t\t\t\t\t\t\t\t\t<div class=\"elementor-button-wrapper\">\n\t\t\t\t\t<a class=\"elementor-button elementor-button-link elementor-size-lg\" href=\"https:\/\/bit.ly\/411sO13\" target=\"_blank\" rel=\"noopener\">\n\t\t\t\t\t\t<span class=\"elementor-button-content-wrapper\">\n\t\t\t\t\t\t\t\t\t<span class=\"elementor-button-text\">Acc\u00e9dez au m\u00e9moire<\/span>\n\t\t\t\t\t<\/span>\n\t\t\t\t\t<\/a>\n\t\t\t\t<\/div>\n\t\t\t\t\t\t\t\t<\/div>\n\t\t\t\t<\/div>\n\t\t\t\t\t<\/div>\n\t\t\t\t<\/div>\n\t\t\t\t<\/div>\n\t\t","protected":false},"excerpt":{"rendered":"<p>Le PL81 ne s\u2019int\u00e9resse pas aux fa\u00e7ons d\u2019\u00e9viter et de minimiser la destruction des milieux humides La Fondation Rivi\u00e8res d\u00e9pose un m\u00e9moire suite au projet de loi 81 (PL81), qui propose la r\u00e9forme de nombreux champs de l\u2019encadrement environnemental du Minist\u00e8re de l\u2019environnement, de la lutte aux changements climatiques, de la faune et des parcs [&hellip;]<\/p>\n","protected":false},"author":30,"featured_media":33209,"comment_status":"closed","ping_status":"open","sticky":false,"template":"","format":"standard","meta":{"footnotes":""},"categories":[6],"tags":[69],"class_list":["post-71553","post","type-post","status-publish","format-standard","has-post-thumbnail","hentry","category-etudes-rapports","tag-mobilisation"],"_links":{"self":[{"href":"https:\/\/fondationrivieres.org\/en\/wp-json\/wp\/v2\/posts\/71553","targetHints":{"allow":["GET"]}}],"collection":[{"href":"https:\/\/fondationrivieres.org\/en\/wp-json\/wp\/v2\/posts"}],"about":[{"href":"https:\/\/fondationrivieres.org\/en\/wp-json\/wp\/v2\/types\/post"}],"author":[{"embeddable":true,"href":"https:\/\/fondationrivieres.org\/en\/wp-json\/wp\/v2\/users\/30"}],"replies":[{"embeddable":true,"href":"https:\/\/fondationrivieres.org\/en\/wp-json\/wp\/v2\/comments?post=71553"}],"version-history":[{"count":17,"href":"https:\/\/fondationrivieres.org\/en\/wp-json\/wp\/v2\/posts\/71553\/revisions"}],"predecessor-version":[{"id":71923,"href":"https:\/\/fondationrivieres.org\/en\/wp-json\/wp\/v2\/posts\/71553\/revisions\/71923"}],"wp:featuredmedia":[{"embeddable":true,"href":"https:\/\/fondationrivieres.org\/en\/wp-json\/wp\/v2\/media\/33209"}],"wp:attachment":[{"href":"https:\/\/fondationrivieres.org\/en\/wp-json\/wp\/v2\/media?parent=71553"}],"wp:term":[{"taxonomy":"category","embeddable":true,"href":"https:\/\/fondationrivieres.org\/en\/wp-json\/wp\/v2\/categories?post=71553"},{"taxonomy":"post_tag","embeddable":true,"href":"https:\/\/fondationrivieres.org\/en\/wp-json\/wp\/v2\/tags?post=71553"}],"curies":[{"name":"wp","href":"https:\/\/api.w.org\/{rel}","templated":true}]}}