{"id":70088,"date":"2024-10-18T11:03:22","date_gmt":"2024-10-18T15:03:22","guid":{"rendered":"https:\/\/fondationrivieres.org\/?p=70088"},"modified":"2024-10-30T15:35:23","modified_gmt":"2024-10-30T19:35:23","slug":"grande-descente-2024","status":"publish","type":"post","link":"https:\/\/fondationrivieres.org\/en\/grande-descente-2024\/","title":{"rendered":"Grande Descente 2024: Over 200 participants for World Rivers Day"},"content":{"rendered":"<div data-elementor-type=\"wp-post\" data-elementor-id=\"70088\" class=\"elementor elementor-70088\" data-elementor-post-type=\"post\">\n\t\t\t\t<div class=\"elementor-element elementor-element-4530527 e-flex e-con-boxed e-con e-parent\" data-id=\"4530527\" data-element_type=\"container\" data-e-type=\"container\" data-settings=\"{&quot;jet_parallax_layout_list&quot;:[]}\">\n\t\t\t\t\t<div class=\"e-con-inner\">\n\t\t\t\t<div class=\"elementor-element elementor-element-d3befff elementor-widget elementor-widget-text-editor\" data-id=\"d3befff\" data-element_type=\"widget\" data-e-type=\"widget\" data-widget_type=\"text-editor.default\">\n\t\t\t\t<div class=\"elementor-widget-container\">\n\t\t\t\t\t\t\t\t\t<p><em>Photo credit: Ville de Mirabel<\/em><\/p>\t\t\t\t\t\t\t\t<\/div>\n\t\t\t\t<\/div>\n\t\t\t\t<div class=\"elementor-element elementor-element-8327083 elementor-widget elementor-widget-heading\" data-id=\"8327083\" data-element_type=\"widget\" data-e-type=\"widget\" data-widget_type=\"heading.default\">\n\t\t\t\t<div class=\"elementor-widget-container\">\n\t\t\t\t\t<h2 class=\"elementor-heading-title elementor-size-default\">The very first Grande Descente <\/h2>\t\t\t\t<\/div>\n\t\t\t\t<\/div>\n\t\t\t\t<div class=\"elementor-element elementor-element-9fd7e9c elementor-widget elementor-widget-text-editor\" data-id=\"9fd7e9c\" data-element_type=\"widget\" data-e-type=\"widget\" data-widget_type=\"text-editor.default\">\n\t\t\t\t<div class=\"elementor-widget-container\">\n\t\t\t\t\t\t\t\t\t<p><span style=\"font-weight: 400;\">On September 22, on the occasion of the <a href=\"https:\/\/www.internationaldays.org\/september\/world-rivers-day\" rel=\"nofollow noopener\" target=\"_blank\">world river day<\/a>More than 200 people of all ages answered the call from Fondation Rivi\u00e8res, the Corporation pour la protection de l'environnement de Mirabel and Canot-Kayak Qu\u00e9bec to head down the Rivi\u00e8re du Nord! <\/span><span style=\"font-weight: 400;\">The first edition of the <a href=\"https:\/\/fondationrivieres.org\/en\/la-grande-descente\/\" rel=\"nofollow\">Great Descent<\/a> began near Mirabel, under the Canuta bridge, and ended with a generous buffet at Golf le S\u00e9lect.<\/span><\/p><p><span style=\"font-weight: 400;\">Many of you came from Saint-Jean sur le Richelieu, Montreal, Gatineau, Saint-Donat and Boucherville with your boats: paddleboards, kayaks, canoes (a wooden one!) and even a rabaska. The weather was fine, which was fortunate, because four of you accidentally made a splash in the water.\u00a0<\/span><\/p>\t\t\t\t\t\t\t\t<\/div>\n\t\t\t\t<\/div>\n\t\t\t\t<div class=\"elementor-element elementor-element-cd109ca elementor-cta--layout-image-right elementor-widget__width-initial elementor-cta--skin-classic elementor-animated-content elementor-bg-transform elementor-bg-transform-zoom-in elementor-widget elementor-widget-call-to-action\" data-id=\"cd109ca\" data-element_type=\"widget\" data-e-type=\"widget\" data-widget_type=\"call-to-action.default\">\n\t\t\t\t<div class=\"elementor-widget-container\">\n\t\t\t\t\t\t\t<a class=\"elementor-cta\" href=\"https:\/\/fondationrivieres.org\/en\/projects\/adoptez-une-riviere-du-nord\/\" target=\"_blank\">\n\t\t\t\t\t\t\t<div class=\"elementor-cta__content\">\n\t\t\t\t\t\t\t\t\t<div class=\"elementor-content-item elementor-cta__content-item elementor-icon-wrapper elementor-cta__icon elementor-view-default\">\n\t\t\t\t\t\t<div class=\"elementor-icon\">\n\t\t\t\t\t\t\t<i aria-hidden=\"true\" class=\"fas fa-hand-holding-usd\"><\/i>\t\t\t\t\t\t<\/div>\n\t\t\t\t\t<\/div>\n\t\t\t\t\n\t\t\t\t\t\t\t\t\t<h3 class=\"elementor-cta__title elementor-cta__content-item elementor-content-item\">\n\t\t\t\t\t\tMake a donation and adopt the Rivi\u00e8re du Nord\t\t\t\t\t<\/h3>\n\t\t\t\t\n\t\t\t\t\n\t\t\t\t\t\t\t\t\t<div class=\"elementor-cta__button-wrapper elementor-cta__content-item elementor-content-item\">\n\t\t\t\t\t<span class=\"elementor-cta__button elementor-button elementor-size-\">\n\t\t\t\t\t\tI adopt the Rivi\u00e8re du Nord \t\t\t\t\t<\/span>\n\t\t\t\t\t<\/div>\n\t\t\t\t\t\t\t<\/div>\n\t\t\t\t\t\t<\/a>\n\t\t\t\t\t\t<\/div>\n\t\t\t\t<\/div>\n\t\t\t\t<div class=\"elementor-element elementor-element-bfb6194 elementor-widget elementor-widget-heading\" data-id=\"bfb6194\" data-element_type=\"widget\" data-e-type=\"widget\" data-widget_type=\"heading.default\">\n\t\t\t\t<div class=\"elementor-widget-container\">\n\t\t\t\t\t<h2 class=\"elementor-heading-title elementor-size-default\">Community participation in the Grande Descente <\/h2>\t\t\t\t<\/div>\n\t\t\t\t<\/div>\n\t\t\t\t<div class=\"elementor-element elementor-element-8f7a1b9 elementor-widget elementor-widget-text-editor\" data-id=\"8f7a1b9\" data-element_type=\"widget\" data-e-type=\"widget\" data-widget_type=\"text-editor.default\">\n\t\t\t\t<div class=\"elementor-widget-container\">\n\t\t\t\t\t\t\t\t\t<p><span style=\"font-weight: 400;\">Singer-songwriter Paul Pich\u00e9 and Quebec tenor Marc Hervieux were on hand to perform some toe-tapping songs. Author Alexandre Belliard<\/span><span style=\"font-weight: 400;\">\u00a0a <\/span><span style=\"font-weight: 400;\">was inducted during the 5 \u00e0 7 as godfather of the Richelieu River, and actress and godmother of the Rivi\u00e8re du Nord, Salom\u00e9 Corbo, also shared her personal attachment to the river. The actress wrote <\/span><a href=\"https:\/\/www.ledevoir.com\/opinion\/chroniques\/820483\/chronique-grande-descente\" target=\"_blank\" rel=\"noopener\"><span style=\"font-weight: 400;\">a letter in Le Devoir<\/span><\/a><span style=\"font-weight: 400;\"> following his participation in and contribution to the first edition of the Grande Descente.<\/span><\/p><p><span style=\"font-weight: 400;\">We were also visited by local elected officials, including the mayor of Mirabel (Patrick Charbonneau), the MNA for Argenteuil (Agn\u00e8s Grondin), the MNA for Mirabel (Sylvie D'amours), the municipal councillor for Lachute (Christian David) and the mayor of Saint-Andr\u00e9-d'Argenteuil (Stephen Matthews).<\/span><\/p>\t\t\t\t\t\t\t\t<\/div>\n\t\t\t\t<\/div>\n\t\t\t\t<div class=\"elementor-element elementor-element-daf97b0 elementor-blockquote--skin-boxed elementor-widget elementor-widget-blockquote\" data-id=\"daf97b0\" data-element_type=\"widget\" data-e-type=\"widget\" data-widget_type=\"blockquote.default\">\n\t\t\t\t<div class=\"elementor-widget-container\">\n\t\t\t\t\t\t\t<blockquote class=\"elementor-blockquote\">\n\t\t\t<p class=\"elementor-blockquote__content\">\n\t\t\t\t\"I'm proud to support the Adopt Your River North initiative. The result can only be positive, because no matter how many gestures are made, in the end, it will be the Rivi\u00e8re du Nord that will benefit, as well as all the waterways that connect to it. Our beautiful and important Laurentian nature fully deserves this special attention.\n\"\n\t\t\t<\/p>\n\t\t\t\t\t\t\t<div class=\"e-q-footer\">\n\t\t\t\t\t\t\t\t\t\t\t<cite class=\"elementor-blockquote__author\">Sylvie d'Amours, MNA for Mirabel<\/cite>\n\t\t\t\t\t\t\t\t\t\t\t\t\t\t<\/div>\n\t\t\t\t\t<\/blockquote>\n\t\t\t\t\t\t<\/div>\n\t\t\t\t<\/div>\n\t\t\t\t<div class=\"elementor-element elementor-element-4a31abf elementor-widget elementor-widget-heading\" data-id=\"4a31abf\" data-element_type=\"widget\" data-e-type=\"widget\" data-widget_type=\"heading.default\">\n\t\t\t\t<div class=\"elementor-widget-container\">\n\t\t\t\t\t<h2 class=\"elementor-heading-title elementor-size-default\">Thank you very much for coming<\/h2>\t\t\t\t<\/div>\n\t\t\t\t<\/div>\n\t\t\t\t<div class=\"elementor-element elementor-element-8914755 elementor-widget elementor-widget-text-editor\" data-id=\"8914755\" data-element_type=\"widget\" data-e-type=\"widget\" data-widget_type=\"text-editor.default\">\n\t\t\t\t<div class=\"elementor-widget-container\">\n\t\t\t\t\t\t\t\t\t<p><span style=\"font-weight: 400;\">Fondation Rivi\u00e8res would like to thank all participants for coming out to celebrate World Rivers Day. Your presence and enthusiasm made the day a success and gave a voice to the Rivi\u00e8re du Nord.\u00a0<\/span><\/p><p><span style=\"font-weight: 400;\">We'd like to extend our thanks to the partners who made the event possible: Ville de Mirabel, Golf Le S\u00e9lect, Canot Kayak Qu\u00e9bec, \u00c9cho Aloha, Bi\u00e8re Bor\u00e9ale, Brasserie Dieu du Ciel, Ozero Solutions and Multikit. Thank you for your commitment to protecting the Rivi\u00e8re du Nord.\u00a0<\/span><\/p><p><span style=\"font-weight: 400;\">For those of you who participated in the Grande Descente, we encourage you to <a href=\"https:\/\/form-can.keela.co\/commentaires-grande-descente\" target=\"_blank\" rel=\"noopener\">send us your comments and suggestions<\/a>which will be taken into account for the next edition.<\/span><\/p><p>\u00a0<\/p><p>See photos of the event, <a href=\"https:\/\/www.facebook.com\/FondationRivieres\/posts\/pfbid0Lrjjbb7cqXihHBH12VVNvwWEAmpP9GK5sDHL5UbHNwUJgTSuNQVyUeXkBausea9hl\" target=\"_blank\" rel=\"noopener\">click here<\/a> !<\/p>\t\t\t\t\t\t\t\t<\/div>\n\t\t\t\t<\/div>\n\t\t\t\t\t<\/div>\n\t\t\t\t<\/div>\n\t\t\t\t<\/div>","protected":false},"excerpt":{"rendered":"<p>On World River Day, September 22, over 200 people of all ages answered the call from Fondation Rivi\u00e8res, the Corporation pour la protection de l'environnement de Mirabel and Canot-Kayak Qu\u00e9bec to take to the river! The first edition of the Grande Descente began near Mirabel, under the Canuta bridge, and ended with a generous buffet at Golf le S\u00e9lect.<\/p>","protected":false},"author":30,"featured_media":70089,"comment_status":"closed","ping_status":"open","sticky":false,"template":"","format":"standard","meta":{"footnotes":""},"categories":[3],"tags":[12,19,40,83],"class_list":["post-70088","post","type-post","status-publish","format-standard","has-post-thumbnail","hentry","category-actualites","tag-acces-a-leau","tag-baignade","tag-eaux-usees","tag-qualite-de-leau"],"_links":{"self":[{"href":"https:\/\/fondationrivieres.org\/en\/wp-json\/wp\/v2\/posts\/70088","targetHints":{"allow":["GET"]}}],"collection":[{"href":"https:\/\/fondationrivieres.org\/en\/wp-json\/wp\/v2\/posts"}],"about":[{"href":"https:\/\/fondationrivieres.org\/en\/wp-json\/wp\/v2\/types\/post"}],"author":[{"embeddable":true,"href":"https:\/\/fondationrivieres.org\/en\/wp-json\/wp\/v2\/users\/30"}],"replies":[{"embeddable":true,"href":"https:\/\/fondationrivieres.org\/en\/wp-json\/wp\/v2\/comments?post=70088"}],"version-history":[{"count":51,"href":"https:\/\/fondationrivieres.org\/en\/wp-json\/wp\/v2\/posts\/70088\/revisions"}],"predecessor-version":[{"id":70185,"href":"https:\/\/fondationrivieres.org\/en\/wp-json\/wp\/v2\/posts\/70088\/revisions\/70185"}],"wp:featuredmedia":[{"embeddable":true,"href":"https:\/\/fondationrivieres.org\/en\/wp-json\/wp\/v2\/media\/70089"}],"wp:attachment":[{"href":"https:\/\/fondationrivieres.org\/en\/wp-json\/wp\/v2\/media?parent=70088"}],"wp:term":[{"taxonomy":"category","embeddable":true,"href":"https:\/\/fondationrivieres.org\/en\/wp-json\/wp\/v2\/categories?post=70088"},{"taxonomy":"post_tag","embeddable":true,"href":"https:\/\/fondationrivieres.org\/en\/wp-json\/wp\/v2\/tags?post=70088"}],"curies":[{"name":"wp","href":"https:\/\/api.w.org\/{rel}","templated":true}]}}