{"id":69618,"date":"2024-09-17T14:23:27","date_gmt":"2024-09-17T18:23:27","guid":{"rendered":"https:\/\/fondationrivieres.org\/?p=69618"},"modified":"2024-10-11T12:25:20","modified_gmt":"2024-10-11T16:25:20","slug":"pl-69-frein-acceptabilite-sociale-energie","status":"publish","type":"post","link":"https:\/\/fondationrivieres.org\/en\/pl-69-frein-acceptabilite-sociale-energie\/","title":{"rendered":"PL 69 risks killing the social acceptability of wind power and opening the door to more dams"},"content":{"rendered":"<div data-elementor-type=\"wp-post\" data-elementor-id=\"69618\" class=\"elementor elementor-69618\" data-elementor-post-type=\"post\">\n\t\t\t\t<div class=\"elementor-element elementor-element-aa9f6f0 e-flex e-con-boxed e-con e-parent\" data-id=\"aa9f6f0\" data-element_type=\"container\" data-e-type=\"container\" data-settings=\"{&quot;jet_parallax_layout_list&quot;:[]}\">\n\t\t\t\t\t<div class=\"e-con-inner\">\n\t\t\t\t<div class=\"elementor-element elementor-element-e9b3acb elementor-widget elementor-widget-text-editor\" data-id=\"e9b3acb\" data-element_type=\"widget\" data-e-type=\"widget\" data-widget_type=\"text-editor.default\">\n\t\t\t\t<div class=\"elementor-widget-container\">\n\t\t\t\t\t\t\t\t\t<p><b>PRESS RELEASE<\/b><\/p><p><span style=\"font-weight: 400;\">SOURCE: FONDATION RIVI\u00c8RES<\/span><\/p><p><b>Montr\u00e9al, le 17 septembre 2024 \u2013\u00a0 <\/b>PL 69 : <span style=\"font-weight: 400;\">La Fondation Rivi\u00e8res s\u2019inqui\u00e8te de la centralisation des d\u00e9cisions sur l\u2019avenir \u00e9nerg\u00e9tique aux mains du ministre de l\u2019\u00c9nergie, de l\u2019ouverture \u00e0 l\u2019autoproduction industrielle et \u00e0 la production priv\u00e9e d\u2019\u00e9lectricit\u00e9, ainsi que de la hausse \u00e0 100 MW du<\/span><span style=\"font-weight: 400;\"> seuil de puissance de nouveaux projets de centrales hydro\u00e9lectriques priv\u00e9es. Sous pr\u00e9texte d\u2019acc\u00e9l\u00e9rer la production d\u2019\u00e9nergie, le projet de loi 69 (PL 69) ouvre la porte \u00e0 une privatisation de la production sans contr\u00f4le ad\u00e9quat, mena\u00e7ant l\u2019environnement, l\u2019\u00e9conomie et la paix sociale, particuli\u00e8rement en r\u00e9gion.<\/span><\/p><p><span style=\"font-weight: 400;\">La Fondation Rivi\u00e8res pr\u00e9sentera son m\u00e9moire sur le PL 69 devant la Commission de l&rsquo;agriculture, des p\u00eacheries, de l&rsquo;\u00e9nergie et des ressources naturelles <\/span><b>\u00e0 16h55 aujourd\u2019hui. <\/b><span style=\"font-weight: 400;\">Elle sera accompagn\u00e9e de <\/span><span style=\"font-weight: 400;\">Carole Neill de la r\u00e9gion de la Mauricie qui viendra raconter aux \u00e9lus \u00e0 quel point le projet de TES Canada de construire 130 \u00e9oliennes dans la r\u00e9gion pour une usine de production d\u2019hydrog\u00e8ne provoque un rejet en bloc par les citoyen.nes de la fili\u00e8re \u00e9olienne. Shawn Bourdages, de la Table r\u00e9gionale des organismes communautaires de la C\u00f4te-Nord, viendra de Baie-Comeau pour t\u00e9moigner de la profonde inqui\u00e9tude des communaut\u00e9s de la C\u00f4te-Nord de voir aboutir quatre grands projets industriels de production et d\u2019exportation d\u2019hydrog\u00e8ne.\u00a0<\/span><\/p><p><span style=\"font-weight: 400;\">Cette course vers la production priv\u00e9e d\u2019\u00e9nergie \u00e9olienne constitue une menace pour les rivi\u00e8res, puisque les industries ont besoin d\u2019une source d\u2019\u00e9nergie hydro\u00e9lectrique constante pour combler la variabilit\u00e9 de la production \u00e9olienne. Or, le PL 69 fait passer de 50 \u00e0 100 m\u00e9gawatts le seuil qui permettra au secteur priv\u00e9 de proposer la construction de nouvelles petites centrales hydro\u00e9lectriques sur tout le territoire et on s\u2019inqui\u00e8te des nouveaux pouvoirs qui pourraient permettre au ministre d\u2019imposer des contrats de gr\u00e9 \u00e0 gr\u00e9 entre Hydro-Qu\u00e9bec et des promoteurs priv\u00e9s.<\/span><\/p>\t\t\t\t\t\t\t\t<\/div>\n\t\t\t\t<\/div>\n\t\t\t\t<div class=\"elementor-element elementor-element-4c5d0f7 elementor-cta--skin-classic elementor-animated-content elementor-bg-transform elementor-bg-transform-zoom-in elementor-widget elementor-widget-call-to-action\" data-id=\"4c5d0f7\" data-element_type=\"widget\" data-e-type=\"widget\" data-widget_type=\"call-to-action.default\">\n\t\t\t\t<div class=\"elementor-widget-container\">\n\t\t\t\t\t\t\t<a class=\"elementor-cta\" href=\"https:\/\/signup-can.keela.co\/infolettre-url-invitation-hydroelectricite\" target=\"_blank\" rel=\"noopener\">\n\t\t\t\t\t\t\t<div class=\"elementor-cta__content\">\n\t\t\t\t\t\t\t\t\t<div class=\"elementor-content-item elementor-cta__content-item elementor-icon-wrapper elementor-cta__icon elementor-view-default\">\n\t\t\t\t\t\t<div class=\"elementor-icon\">\n\t\t\t\t\t\t\t<i aria-hidden=\"true\" class=\"fas fa-mail-bulk\"><\/i>\t\t\t\t\t\t<\/div>\n\t\t\t\t\t<\/div>\n\t\t\t\t\n\t\t\t\t\t\t\t\t\t<h3 class=\"elementor-cta__title elementor-cta__content-item elementor-content-item\">\n\t\t\t\t\t\tStay informed of our actions for less impact energy\t\t\t\t\t<\/h3>\n\t\t\t\t\n\t\t\t\t\n\t\t\t\t\t\t\t\t\t<div class=\"elementor-cta__button-wrapper elementor-cta__content-item elementor-content-item\">\n\t\t\t\t\t<span class=\"elementor-cta__button elementor-button elementor-size-\">\n\t\t\t\t\t\tSubscribe to our newsletter\t\t\t\t\t<\/span>\n\t\t\t\t\t<\/div>\n\t\t\t\t\t\t\t<\/div>\n\t\t\t\t\t\t<\/a>\n\t\t\t\t\t\t<\/div>\n\t\t\t\t<\/div>\n\t\t\t\t<div class=\"elementor-element elementor-element-4e96a63 elementor-widget elementor-widget-text-editor\" data-id=\"4e96a63\" data-element_type=\"widget\" data-e-type=\"widget\" data-widget_type=\"text-editor.default\">\n\t\t\t\t<div class=\"elementor-widget-container\">\n\t\t\t\t\t\t\t\t\t<p><span style=\"font-weight: 400;\">Le gouvernement semble avoir oubli\u00e9 ce qui s\u2019est pass\u00e9 dans les ann\u00e9es 1990, o\u00f9 des dizaines de promoteurs priv\u00e9s avaient alors mis la main, par diff\u00e9rents stratag\u00e8mes, sur des sites avec comme objectif d\u2019harnacher des rivi\u00e8res, ce qui mena au rapport d\u2019enqu\u00eate de 1997 de la Commission d\u2019enqu\u00eate sur l\u2019achat d\u2019\u00e9lectricit\u00e9 aupr\u00e8s des producteurs priv\u00e9s, apr\u00e8s une ann\u00e9e d\u2019audiences pr\u00e9sid\u00e9es par le juge Doyon.<\/span><\/p><p><span style=\"font-weight: 400;\"> Ce rapport a fait \u00e9tat de nombreux d\u00e9rapages dans l\u2019attribution de contrats \u00e0 des producteurs de tout acabit, avec tr\u00e8s peu de contr\u00f4les gouvernementaux, sans comp\u00e9tition sur les prix et avec des conditions tr\u00e8s lucratives qui le demeurent encore aujourd\u2019hui, 20 ans plus tard. La Commission recommandait qu\u2019Hydro-Qu\u00e9bec proc\u00e8de par appel d\u2019offres ax\u00e9 sur une parfaite d\u00e9finition des besoins \u00e9nerg\u00e9tiques et offrant un cadre d\u00e9cisionnel ind\u00e9pendant des int\u00e9r\u00eats \u00e9conomiques locaux.\u00a0<\/span><\/p><p><span style=\"font-weight: 400;\">Notons l&rsquo;absence de plan int\u00e9gr\u00e9 des ressources dans le PL 69, qui permettrait justement de s\u2019assurer d\u2019une \u00e9valuation ad\u00e9quate des besoins \u00e9nerg\u00e9tiques du Qu\u00e9bec pour la n\u00e9cessaire d\u00e9carbonation.<\/span><\/p><p><span style=\"font-weight: 400;\">Finalement, le Qu\u00e9bec dispose d\u2019un avantage concurrentiel extraordinaire avec ses <\/span><span style=\"font-weight: 400;\">r\u00e9servoirs d\u2019une puissance install\u00e9e de 33 000 MW. Les barrages, \u00e9troitement coupl\u00e9s \u00e0 l\u2019\u00e9nergie \u00e9olienne, pourraient se transformer en v\u00e9ritables batteries de stockage hydrauliques. Multiplier le nombre de turbines sur des r\u00e9servoirs d\u00e9j\u00e0 existants aurait certainement moins de cons\u00e9quences n\u00e9gatives pour la biodiversit\u00e9 et plus de cons\u00e9quences positives sur les profits d\u2019Hydro-Qu\u00e9bec que de construire de nouveaux barrages et turb<\/span><span style=\"font-weight: 400;\">ines sur des cours d\u2019eau vierges. Tout comme il deviendrait possible de transporter avec moins d\u2019impacts cette \u00e9nergie additionnelle dans les corridors \u00e9lectriques existants, quitte \u00e0 les \u00e9largir, plut\u00f4t que d\u2019en cr\u00e9er de nouveaux.<\/span><\/p><p><span style=\"font-weight: 400;\">C\u2019est l\u00e0 une opportunit\u00e9 qui serait en phase avec la r\u00e9cente strat\u00e9gie \u00e9olienne d\u2019Hydro-Qu\u00e9bec, mais qui n\u2019a pas \u00e9t\u00e9 suffisamment document\u00e9e.\u00a0<\/span><\/p>\t\t\t\t\t\t\t\t<\/div>\n\t\t\t\t<\/div>\n\t\t\t\t<div class=\"elementor-element elementor-element-9e258a7 elementor-widget elementor-widget-heading\" data-id=\"9e258a7\" data-element_type=\"widget\" data-e-type=\"widget\" data-widget_type=\"heading.default\">\n\t\t\t\t<div class=\"elementor-widget-container\">\n\t\t\t\t\t<h2 class=\"elementor-heading-title elementor-size-default\">About the Fondation Rivi\u00e8res<\/h2>\t\t\t\t<\/div>\n\t\t\t\t<\/div>\n\t\t\t\t<div class=\"elementor-element elementor-element-41085cc elementor-widget elementor-widget-text-editor\" data-id=\"41085cc\" data-element_type=\"widget\" data-e-type=\"widget\" data-widget_type=\"text-editor.default\">\n\t\t\t\t<div class=\"elementor-widget-container\">\n\t\t\t\t\t\t\t\t\t<p><span style=\"font-weight: 400;\">For the past 20 years, Fondation Rivi\u00e8res has been working to preserve, restore and enhance the natural character of rivers, and to help ensure water quality and access to water for the people of Quebec, taking into account social, environmental and economic dimensions. It carries out bacteriological quality studies for various municipalities, including Beloeil and Chambly.<\/span><\/p>\t\t\t\t\t\t\t\t<\/div>\n\t\t\t\t<\/div>\n\t\t\t\t<div class=\"elementor-element elementor-element-bd713c6 elementor-widget elementor-widget-heading\" data-id=\"bd713c6\" data-element_type=\"widget\" data-e-type=\"widget\" data-widget_type=\"heading.default\">\n\t\t\t\t<div class=\"elementor-widget-container\">\n\t\t\t\t\t<p class=\"elementor-heading-title elementor-size-default\">Documentation:<\/p>\t\t\t\t<\/div>\n\t\t\t\t<\/div>\n\t\t\t\t<div class=\"elementor-element elementor-element-cc66908 elementor-widget elementor-widget-text-editor\" data-id=\"cc66908\" data-element_type=\"widget\" data-e-type=\"widget\" data-widget_type=\"text-editor.default\">\n\t\t\t\t<div class=\"elementor-widget-container\">\n\t\t\t\t\t\t\t\t\t<p><span style=\"font-weight: 400;\">\u00a0<\/span><a href=\"https:\/\/fondationrivieres.org\/en\/memoire-projet-de-loi-69-assurant-la-gouvernance-responsable-des-ressources-energetiques-et-modifiant-diverses-dispositions-legislatives\/#:~:text=Pour%20la%20Fondation%20Rivi%C3%A8res%2C%20l,distribution%20%C3%A9lectrique%20pour%20le%20priv%C3%A9.\" target=\"_blank\" rel=\"noopener\">Memory<\/a><\/p>\t\t\t\t\t\t\t\t<\/div>\n\t\t\t\t<\/div>\n\t\t\t\t<div class=\"elementor-element elementor-element-87a2f5c elementor-widget elementor-widget-heading\" data-id=\"87a2f5c\" data-element_type=\"widget\" data-e-type=\"widget\" data-widget_type=\"heading.default\">\n\t\t\t\t<div class=\"elementor-widget-container\">\n\t\t\t\t\t<p class=\"elementor-heading-title elementor-size-default\">For further information:<\/p>\t\t\t\t<\/div>\n\t\t\t\t<\/div>\n\t\t\t\t<div class=\"elementor-element elementor-element-b36aaa1 elementor-widget elementor-widget-text-editor\" data-id=\"b36aaa1\" data-element_type=\"widget\" data-e-type=\"widget\" data-widget_type=\"text-editor.default\">\n\t\t\t\t<div class=\"elementor-widget-container\">\n\t\t\t\t\t\t\t\t\t<p><span style=\"font-weight: 400;\">Yannick. B. G\u00e9linas<\/span><\/p><p><span style=\"color: var( --e-global-color-accent );\">Communications Manager<\/span><\/p>\n<p><span style=\"font-weight: 400;\">514 272-2666, ext. 307<\/span><span style=\"font-weight: 400;\"><br><\/span><a href=\"mailto:communications@fondationrivieres.org\"><span style=\"font-weight: 400;\">communications@fondationrivieres.org<\/span><\/a><\/p>\t\t\t\t\t\t\t\t<\/div>\n\t\t\t\t<\/div>\n\t\t\t\t\t<\/div>\n\t\t\t\t<\/div>\n\t\t\t\t<\/div>","protected":false},"excerpt":{"rendered":"<p>Fondation Rivi\u00e8res is concerned about the centralization of decisions on the future of energy in the hands of the Minister of Energy, the opening up to industrial self-generation and private electricity production, and the increase to 100 MW of the capacity threshold for new private hydroelectric power plant projects. Under the pretext of accelerating energy production, Bill 69 opens the door to privatization of production without adequate control, threatening the environment, the economy and social peace, particularly in the regions.<\/p>","protected":false},"author":30,"featured_media":69619,"comment_status":"closed","ping_status":"open","sticky":false,"template":"","format":"standard","meta":{"footnotes":""},"categories":[5],"tags":[47,57,69],"class_list":["post-69618","post","type-post","status-publish","format-standard","has-post-thumbnail","hentry","category-communiques","tag-energie","tag-hydroelectricite","tag-mobilisation"],"_links":{"self":[{"href":"https:\/\/fondationrivieres.org\/en\/wp-json\/wp\/v2\/posts\/69618","targetHints":{"allow":["GET"]}}],"collection":[{"href":"https:\/\/fondationrivieres.org\/en\/wp-json\/wp\/v2\/posts"}],"about":[{"href":"https:\/\/fondationrivieres.org\/en\/wp-json\/wp\/v2\/types\/post"}],"author":[{"embeddable":true,"href":"https:\/\/fondationrivieres.org\/en\/wp-json\/wp\/v2\/users\/30"}],"replies":[{"embeddable":true,"href":"https:\/\/fondationrivieres.org\/en\/wp-json\/wp\/v2\/comments?post=69618"}],"version-history":[{"count":43,"href":"https:\/\/fondationrivieres.org\/en\/wp-json\/wp\/v2\/posts\/69618\/revisions"}],"predecessor-version":[{"id":70871,"href":"https:\/\/fondationrivieres.org\/en\/wp-json\/wp\/v2\/posts\/69618\/revisions\/70871"}],"wp:featuredmedia":[{"embeddable":true,"href":"https:\/\/fondationrivieres.org\/en\/wp-json\/wp\/v2\/media\/69619"}],"wp:attachment":[{"href":"https:\/\/fondationrivieres.org\/en\/wp-json\/wp\/v2\/media?parent=69618"}],"wp:term":[{"taxonomy":"category","embeddable":true,"href":"https:\/\/fondationrivieres.org\/en\/wp-json\/wp\/v2\/categories?post=69618"},{"taxonomy":"post_tag","embeddable":true,"href":"https:\/\/fondationrivieres.org\/en\/wp-json\/wp\/v2\/tags?post=69618"}],"curies":[{"name":"wp","href":"https:\/\/api.w.org\/{rel}","templated":true}]}}