{"id":68085,"date":"2024-06-20T15:22:28","date_gmt":"2024-06-20T19:22:28","guid":{"rendered":"https:\/\/fondationrivieres.org\/?p=68085"},"modified":"2024-06-27T18:14:51","modified_gmt":"2024-06-27T22:14:51","slug":"grand-splash-vieux-port-2024-2","status":"publish","type":"post","link":"https:\/\/fondationrivieres.org\/en\/grand-splash-vieux-port-2024-2\/","title":{"rendered":"Big Splash at the Old Port of Montreal 2024"},"content":{"rendered":"<div data-elementor-type=\"wp-post\" data-elementor-id=\"68085\" class=\"elementor elementor-68085\" data-elementor-post-type=\"post\">\n\t\t\t\t<div class=\"elementor-element elementor-element-1b8972e e-flex e-con-boxed e-con e-parent\" data-id=\"1b8972e\" data-element_type=\"container\" data-e-type=\"container\" data-settings=\"{&quot;jet_parallax_layout_list&quot;:[]}\">\n\t\t\t\t\t<div class=\"e-con-inner\">\n\t\t\t\t<div class=\"elementor-element elementor-element-3ed3769 elementor-widget elementor-widget-text-editor\" data-id=\"3ed3769\" data-element_type=\"widget\" data-e-type=\"widget\" data-widget_type=\"text-editor.default\">\n\t\t\t\t<div class=\"elementor-widget-container\">\n\t\t\t\t\t\t\t\t\t<p><span style=\"font-weight: 400;\"><a href=\"https:\/\/fondationrivieres.org\/en\/our-actions\/grand-splash\/\">The Big Splash<\/a> \u00e9claboussera encore cette ann\u00e9e le quai Jacques-Cartier dans le Vieux-Port de Montr\u00e9al <strong>jeudi le 4 juillet \u00e0 12h30<\/strong>, dans un festif cri du c\u0153ur pour l\u2019acc\u00e8s public \u00e0 la baignade. Cet \u00e9v\u00e9nement constitue l&rsquo;occasion de formuler une demande claire pour davantage d&rsquo;<a href=\"https:\/\/fondationrivieres.org\/en\/our-actions\/acces-public-a-leau\/\">acc\u00e8s \u00e0 l&rsquo;eau<\/a> pour les citoyens et citoyennes. On oublie trop souvent que l\u2019\u00e9v\u00e9nement du Grand Splash est d\u2019abord l\u2019occasion de r\u00e9clamer notre droit \u00e0 ce bien commun.<\/span><\/p><p><span style=\"font-weight: 400;\">La lourdeur de <a href=\"https:\/\/www.journaldemontreal.com\/2024\/06\/17\/vague-de-chaleur-seulement-le-tiers-des-piscines-exterieures-ouvertes-a-montreal\" target=\"_blank\" rel=\"noopener\">nos canicules<\/a> s\u2019accentue, et l\u2019acc\u00e8s aux cours d\u2019eau peut jouer un r\u00f4le d\u00e9terminant pour contribuer \u00e0 rafra\u00eechir toute la population, sans devoir attendre l\u2019ouverture des <a href=\"https:\/\/www.lapresse.ca\/actualites\/chroniques\/2024-06-19\/baywatch-penuries-et-piscines-publiques.php\" target=\"_blank\" rel=\"noopener\">acc\u00e8s aux piscines municipales<\/a>.<\/span><\/p><p><span style=\"font-weight: 400;\">Ensemble, on se mouille pour le <a href=\"https:\/\/www.facebook.com\/grandsplash\" target=\"_blank\" rel=\"noopener\">Grand Splash 2024<\/a>!<\/span><\/p><p><span style=\"font-weight: 400;\"><a href=\"https:\/\/fondationrivieres.org\/en\/inscription-grand-splash-2024\/\">Subscribe<\/a> au Grand Splash pour sauter dans l&rsquo;eau du fleuve en toute s\u00e9curit\u00e9. Des vestes de flottaison seront fournies gratuitement, et des sauveteurs seront pr\u00e9sents pour superviser l\u2019\u00e9v\u00e9nement.<\/span><\/p><p>L&rsquo;eau est de bonne qualit\u00e9 pour se baigner dans le bassin Jacques-Cartier en r\u00e8gle g\u00e9n\u00e9rale. Un avis de vuln\u00e9rabilit\u00e9 sera publi\u00e9 24 \u00e0 48 heures avant l&rsquo;\u00e9v\u00e9nement afin de valider la qualit\u00e9 de l&rsquo;eau.<\/p>\t\t\t\t\t\t\t\t<\/div>\n\t\t\t\t<\/div>\n\t\t\t\t\t<\/div>\n\t\t\t\t<\/div>\n\t\t<div class=\"elementor-element elementor-element-c9722e9 e-flex e-con-boxed e-con e-parent\" data-id=\"c9722e9\" data-element_type=\"container\" data-e-type=\"container\" data-settings=\"{&quot;jet_parallax_layout_list&quot;:[]}\">\n\t\t\t\t\t<div class=\"e-con-inner\">\n\t\t\t\t<div class=\"elementor-element elementor-element-076cf75 elementor-widget elementor-widget-text-editor\" data-id=\"076cf75\" data-element_type=\"widget\" data-e-type=\"widget\" data-widget_type=\"text-editor.default\">\n\t\t\t\t<div class=\"elementor-widget-container\">\n\t\t\t\t\t\t\t\t\t<p>Date : <strong>jeudi 4 juillet 2024<\/strong><\/p><p>Heure : <strong>12h30\u00a0h \u00e0 14h<\/strong><\/p><p>Lieu :\u00a0 <strong>Quai Jacques-Cartier, pr\u00e8s de l\u2019embarcad\u00e8re du bateau-mouche<\/strong><\/p><p><strong>Old Port of Montreal<\/strong><\/p>\t\t\t\t\t\t\t\t<\/div>\n\t\t\t\t<\/div>\n\t\t\t\t\t<\/div>\n\t\t\t\t<\/div>\n\t\t<div class=\"elementor-element elementor-element-be8eb90 e-flex e-con-boxed e-con e-parent\" data-id=\"be8eb90\" data-element_type=\"container\" data-e-type=\"container\" data-settings=\"{&quot;jet_parallax_layout_list&quot;:[]}\">\n\t\t\t\t\t<div class=\"e-con-inner\">\n\t\t\t\t<div class=\"elementor-element elementor-element-a215996 elementor-align-center elementor-widget elementor-widget-button\" data-id=\"a215996\" data-element_type=\"widget\" data-e-type=\"widget\" data-widget_type=\"button.default\">\n\t\t\t\t<div class=\"elementor-widget-container\">\n\t\t\t\t\t\t\t\t\t<div class=\"elementor-button-wrapper\">\n\t\t\t\t\t<a class=\"elementor-button elementor-button-link elementor-size-sm\" href=\"https:\/\/fondationrivieres.org\/en\/inscription-grand-splash-2024\/\">\n\t\t\t\t\t\t<span class=\"elementor-button-content-wrapper\">\n\t\t\t\t\t\t<span class=\"elementor-button-icon\">\n\t\t\t\t<i aria-hidden=\"true\" class=\"fas fa-arrow-right\"><\/i>\t\t\t<\/span>\n\t\t\t\t\t\t\t\t\t<span class=\"elementor-button-text\">REGISTRATION<\/span>\n\t\t\t\t\t<\/span>\n\t\t\t\t\t<\/a>\n\t\t\t\t<\/div>\n\t\t\t\t\t\t\t\t<\/div>\n\t\t\t\t<\/div>\n\t\t\t\t\t<\/div>\n\t\t\t\t<\/div>\n\t\t\t\t<\/div>","protected":false},"excerpt":{"rendered":"<p>Grand Splash au Vieux-Port de Montr\u00e9al 2024: pour un acc\u00e8s public \u00e0 l&rsquo;eau du fleuve Saint-Laurent<\/p>","protected":false},"author":27,"featured_media":68108,"comment_status":"closed","ping_status":"open","sticky":false,"template":"","format":"standard","meta":{"footnotes":""},"categories":[3],"tags":[12,19],"class_list":["post-68085","post","type-post","status-publish","format-standard","has-post-thumbnail","hentry","category-actualites","tag-acces-a-leau","tag-baignade"],"_links":{"self":[{"href":"https:\/\/fondationrivieres.org\/en\/wp-json\/wp\/v2\/posts\/68085","targetHints":{"allow":["GET"]}}],"collection":[{"href":"https:\/\/fondationrivieres.org\/en\/wp-json\/wp\/v2\/posts"}],"about":[{"href":"https:\/\/fondationrivieres.org\/en\/wp-json\/wp\/v2\/types\/post"}],"author":[{"embeddable":true,"href":"https:\/\/fondationrivieres.org\/en\/wp-json\/wp\/v2\/users\/27"}],"replies":[{"embeddable":true,"href":"https:\/\/fondationrivieres.org\/en\/wp-json\/wp\/v2\/comments?post=68085"}],"version-history":[{"count":17,"href":"https:\/\/fondationrivieres.org\/en\/wp-json\/wp\/v2\/posts\/68085\/revisions"}],"predecessor-version":[{"id":68290,"href":"https:\/\/fondationrivieres.org\/en\/wp-json\/wp\/v2\/posts\/68085\/revisions\/68290"}],"wp:featuredmedia":[{"embeddable":true,"href":"https:\/\/fondationrivieres.org\/en\/wp-json\/wp\/v2\/media\/68108"}],"wp:attachment":[{"href":"https:\/\/fondationrivieres.org\/en\/wp-json\/wp\/v2\/media?parent=68085"}],"wp:term":[{"taxonomy":"category","embeddable":true,"href":"https:\/\/fondationrivieres.org\/en\/wp-json\/wp\/v2\/categories?post=68085"},{"taxonomy":"post_tag","embeddable":true,"href":"https:\/\/fondationrivieres.org\/en\/wp-json\/wp\/v2\/tags?post=68085"}],"curies":[{"name":"wp","href":"https:\/\/api.w.org\/{rel}","templated":true}]}}