{"id":67322,"date":"2024-05-06T11:34:56","date_gmt":"2024-05-06T15:34:56","guid":{"rendered":"https:\/\/fondationrivieres.org\/?p=67322"},"modified":"2024-06-11T15:36:06","modified_gmt":"2024-06-11T19:36:06","slug":"municipalites-arbre-lecorce-energetiques","status":"publish","type":"post","link":"https:\/\/fondationrivieres.org\/en\/municipalites-arbre-lecorce-energetiques\/","title":{"rendered":"Municipalities between a rock and a hard place on energy issues"},"content":{"rendered":"<div data-elementor-type=\"wp-post\" data-elementor-id=\"67322\" class=\"elementor elementor-67322\" data-elementor-post-type=\"post\">\n\t\t\t\t<div class=\"elementor-element elementor-element-0cb1311 e-flex e-con-boxed e-con e-parent\" data-id=\"0cb1311\" data-element_type=\"container\" data-e-type=\"container\" data-settings=\"{&quot;jet_parallax_layout_list&quot;:[]}\">\n\t\t\t\t\t<div class=\"e-con-inner\">\n\t\t\t\t<div class=\"elementor-element elementor-element-e18d81f elementor-widget elementor-widget-text-editor\" data-id=\"e18d81f\" data-element_type=\"widget\" data-e-type=\"widget\" data-widget_type=\"text-editor.default\">\n\t\t\t\t<div class=\"elementor-widget-container\">\n\t\t\t\t\t\t\t\t\t<p><span style=\"font-weight: 400;\">Montreal, April 24, 2024<\/span><\/p><p><span style=\"font-weight: 400;\">TRANSMISSION BY EMAIL<\/span><\/p>\t\t\t\t\t\t\t\t<\/div>\n\t\t\t\t<\/div>\n\t\t\t\t<div class=\"elementor-element elementor-element-da34e78 elementor-widget elementor-widget-text-editor\" data-id=\"da34e78\" data-element_type=\"widget\" data-e-type=\"widget\" data-widget_type=\"text-editor.default\">\n\t\t\t\t<div class=\"elementor-widget-container\">\n\t\t\t\t\t\t\t\t\t<p><span style=\"font-weight: 400;\">Letter to the presidents of the Union des municipalit\u00e9s du Qu\u00e9bec, the F\u00e9d\u00e9ration qu\u00e9b\u00e9coise des municipalit\u00e9s, the Communaut\u00e9 m\u00e9tropolitaine de Montr\u00e9al and the Communaut\u00e9 m\u00e9tropolitaine de Qu\u00e9bec <\/span><\/p>\t\t\t\t\t\t\t\t<\/div>\n\t\t\t\t<\/div>\n\t\t\t\t<div class=\"elementor-element elementor-element-f9b66c3 elementor-widget elementor-widget-heading\" data-id=\"f9b66c3\" data-element_type=\"widget\" data-e-type=\"widget\" data-widget_type=\"heading.default\">\n\t\t\t\t<div class=\"elementor-widget-container\">\n\t\t\t\t\t<h2 class=\"elementor-heading-title elementor-size-default\">Subject: Municipalities between tree and bark on energy issues<\/h2>\t\t\t\t<\/div>\n\t\t\t\t<\/div>\n\t\t\t\t<div class=\"elementor-element elementor-element-a83f455 elementor-widget elementor-widget-text-editor\" data-id=\"a83f455\" data-element_type=\"widget\" data-e-type=\"widget\" data-widget_type=\"text-editor.default\">\n\t\t\t\t<div class=\"elementor-widget-container\">\n\t\t\t\t\t\t\t\t\t<p><span style=\"font-weight: 400;\">On April 11, Bernard Thompson, prefect of the MRC de M\u00e9kinac and mayor of H\u00e9rouxville, announced his resignation in the face of an unprecedented mobilization of local citizens against multinational TES Canada's plan to build 140 mega-wind turbines on farmland in the Mauricie region. If the past is any indication of the future, this toxic climate is likely to be reproduced elsewhere in Quebec, where the Legault government has chosen to allow large-scale industry to embark on the massive production of electricity on the territory, without any overall vision or adequate consultation. And it's the citizens and your members, the elected municipal officials, who are paying the price.\u00a0<\/span><\/p><p><span style=\"font-weight: 400;\">At Fondation Rivi\u00e8res, we're worried and concerned. We come across more and more citizens who reject wind power projects out of hand, as if the industry itself were intrinsically harmful. Yet we will need this form of energy both to decarbonize the economy and to prevent our energy systems from becoming more vulnerable to climate change. <\/span><a href=\"https:\/\/fondationrivieres.org\/en\/our-actions\/energie-barrages-hydroelectriques\/25-rivieres-sauvages\/\"><span style=\"font-weight: 400;\">last great rivers<\/span><\/a><span style=\"font-weight: 400;\"> be disfigured by the construction of large dams, as illustrated by the documentary <\/span><a href=\"https:\/\/fondationrivieres.org\/en\/apres-la-romaine\/\"><i><span style=\"font-weight: 400;\">After the Roman<\/span><\/i><\/a><span style=\"font-weight: 400;\">released a year ago.\u00a0<\/span><\/p><p>Until now, electricity generation in Quebec has relied on large dams, and it's the aboriginal communities who have seen large portions of their territories flooded. For us southerners, electricity generation has been virtually invisible, apart from the high-voltage lines that scar the landscape. Today, for the first time in our history, we can see the impact of energy production close to us, in the inhabited territories of the St. Lawrence Valley, and we are in a better position to understand how aboriginal communities feel.\u00a0<span style=\"font-weight: 400;\"><br \/><\/span><\/p>\t\t\t\t\t\t\t\t<\/div>\n\t\t\t\t<\/div>\n\t\t\t\t<div class=\"elementor-element elementor-element-8ddad24 elementor-cta--layout-image-right elementor-widget__width-initial elementor-cta--skin-classic elementor-animated-content elementor-bg-transform elementor-bg-transform-zoom-in elementor-widget elementor-widget-call-to-action\" data-id=\"8ddad24\" data-element_type=\"widget\" data-e-type=\"widget\" data-widget_type=\"call-to-action.default\">\n\t\t\t\t<div class=\"elementor-widget-container\">\n\t\t\t\t\t\t\t<a class=\"elementor-cta\" href=\"https:\/\/signup-can.keela.co\/infolettre-acces-a-leau\" target=\"_blank\" rel=\"noopener\">\n\t\t\t\t\t\t\t<div class=\"elementor-cta__content\">\n\t\t\t\t\t\t\t\t\t<div class=\"elementor-content-item elementor-cta__content-item elementor-icon-wrapper elementor-cta__icon elementor-view-default\">\n\t\t\t\t\t\t<div class=\"elementor-icon\">\n\t\t\t\t\t\t\t<i aria-hidden=\"true\" class=\"fas fa-mail-bulk\"><\/i>\t\t\t\t\t\t<\/div>\n\t\t\t\t\t<\/div>\n\t\t\t\t\n\t\t\t\t\t\t\t\t\t<div class=\"elementor-cta__title elementor-cta__content-item elementor-content-item\">\n\t\t\t\t\t\tKeep up to date with our actions for public access to waterways\t\t\t\t\t<\/div>\n\t\t\t\t\n\t\t\t\t\n\t\t\t\t\t\t\t\t\t<div class=\"elementor-cta__button-wrapper elementor-cta__content-item elementor-content-item\">\n\t\t\t\t\t<span class=\"elementor-cta__button elementor-button elementor-size-\">\n\t\t\t\t\t\tI subscribe to the newsletter \u2192\t\t\t\t\t<\/span>\n\t\t\t\t\t<\/div>\n\t\t\t\t\t\t\t<\/div>\n\t\t\t\t\t\t<\/a>\n\t\t\t\t\t\t<\/div>\n\t\t\t\t<\/div>\n\t\t\t\t<div class=\"elementor-element elementor-element-c4622d3 elementor-widget elementor-widget-text-editor\" data-id=\"c4622d3\" data-element_type=\"widget\" data-e-type=\"widget\" data-widget_type=\"text-editor.default\">\n\t\t\t\t<div class=\"elementor-widget-container\">\n\t\t\t\t\t\t\t\t\t<p><span style=\"font-weight: 400;\">While Quebec is committed to protecting biodiversity on 30% of its territory, particularly in southern Quebec, major industries are piling on energy production projects, with no overall vision, no coherence, as if the territory were unlimited.<\/span><\/p><p><span style=\"font-weight: 400;\">For months now, we and a large number of civil society players have been calling on the government to consult the public on our energy future, to hold a generic BAPE on the issue. We have not heard from you on this issue. Your members are caught between a rock and a hard place, and will have to face their constituents in 18 months' time. What will they be able to tell them? That they had no choice?\u00a0<\/span><\/p><p><span style=\"font-weight: 400;\">Energy production affects land use planning, and is at the heart of the mandate of your members, municipalities and RCMs. Through your proximity to citizens, you can lead these consultations and debates, put energy efficiency initiatives into action and support alternatives, such as integrating photovoltaic, geothermal and wind power production into electricity microgrids inspired by the model deployed at Lac-M\u00e9gantic.\u00a0<\/span><\/p><p><span style=\"font-weight: 400;\">Added to this unbridled industrial production is the irresponsibility of the Legault government, which refuses to tackle energy overconsumption. These two ingredients combine to force us to produce more and more energy closer and closer to densely populated areas, and this production will have a cost on the landscape and an impact on the territory. However, in the current context, private enterprise takes decisions as if it owned the land, whereas its development is the responsibility of our elected municipal officials. You have powers, so please exercise them.\u00a0<\/span><\/p><p><span style=\"font-weight: 400;\">Initiate the dialogue, open up discussions with citizens, and like many other civil society organizations, we will be willing to collaborate. We look forward to your invitation.\u00a0<\/span><\/p>\t\t\t\t\t\t\t\t<\/div>\n\t\t\t\t<\/div>\n\t\t\t\t<div class=\"elementor-element elementor-element-119df6b elementor-widget elementor-widget-text-editor\" data-id=\"119df6b\" data-element_type=\"widget\" data-e-type=\"widget\" data-widget_type=\"text-editor.default\">\n\t\t\t\t<div class=\"elementor-widget-container\">\n\t\t\t\t\t\t\t\t\t<p>Andr\u00e9 B\u00e9langer<br \/>General Manager<br \/>Fondation Rivi\u00e8res<\/p>\t\t\t\t\t\t\t\t<\/div>\n\t\t\t\t<\/div>\n\t\t\t\t\t<\/div>\n\t\t\t\t<\/div>\n\t\t<div class=\"elementor-element elementor-element-c26aadb e-flex e-con-boxed e-con e-parent\" data-id=\"c26aadb\" data-element_type=\"container\" data-e-type=\"container\" data-settings=\"{&quot;jet_parallax_layout_list&quot;:[]}\">\n\t\t\t\t\t<div class=\"e-con-inner\">\n\t\t\t\t\t<\/div>\n\t\t\t\t<\/div>\n\t\t\t\t<\/div>","protected":false},"excerpt":{"rendered":"<p>On April 11, Bernard Thompson, prefect of the MRC de M\u00e9kinac and mayor of H\u00e9rouxville, announced his resignation in the face of an unprecedented mobilization of local citizens against multinational TES Canada's plan to build 140 mega-wind turbines on farmland in the Mauricie region. If the past is any indication of the future, this toxic climate is likely to be reproduced elsewhere in Quebec, where the Legault government has chosen to allow large-scale industry to embark on the massive production of electricity on the territory, without any overall vision or adequate consultation. And it's the citizens and your members, the elected municipal officials, who are paying the price. Energy issues divide your communities. <\/p>","protected":false},"author":19,"featured_media":67323,"comment_status":"closed","ping_status":"open","sticky":false,"template":"","format":"standard","meta":{"footnotes":""},"categories":[9,10],"tags":[57,69],"class_list":["post-67322","post","type-post","status-publish","format-standard","has-post-thumbnail","hentry","category-plaintes-lettres-aux-gouvernements","category-prises-de-position","tag-hydroelectricite","tag-mobilisation"],"_links":{"self":[{"href":"https:\/\/fondationrivieres.org\/en\/wp-json\/wp\/v2\/posts\/67322","targetHints":{"allow":["GET"]}}],"collection":[{"href":"https:\/\/fondationrivieres.org\/en\/wp-json\/wp\/v2\/posts"}],"about":[{"href":"https:\/\/fondationrivieres.org\/en\/wp-json\/wp\/v2\/types\/post"}],"author":[{"embeddable":true,"href":"https:\/\/fondationrivieres.org\/en\/wp-json\/wp\/v2\/users\/19"}],"replies":[{"embeddable":true,"href":"https:\/\/fondationrivieres.org\/en\/wp-json\/wp\/v2\/comments?post=67322"}],"version-history":[{"count":14,"href":"https:\/\/fondationrivieres.org\/en\/wp-json\/wp\/v2\/posts\/67322\/revisions"}],"predecessor-version":[{"id":67752,"href":"https:\/\/fondationrivieres.org\/en\/wp-json\/wp\/v2\/posts\/67322\/revisions\/67752"}],"wp:featuredmedia":[{"embeddable":true,"href":"https:\/\/fondationrivieres.org\/en\/wp-json\/wp\/v2\/media\/67323"}],"wp:attachment":[{"href":"https:\/\/fondationrivieres.org\/en\/wp-json\/wp\/v2\/media?parent=67322"}],"wp:term":[{"taxonomy":"category","embeddable":true,"href":"https:\/\/fondationrivieres.org\/en\/wp-json\/wp\/v2\/categories?post=67322"},{"taxonomy":"post_tag","embeddable":true,"href":"https:\/\/fondationrivieres.org\/en\/wp-json\/wp\/v2\/tags?post=67322"}],"curies":[{"name":"wp","href":"https:\/\/api.w.org\/{rel}","templated":true}]}}