{"id":66293,"date":"2024-04-11T18:06:37","date_gmt":"2024-04-11T22:06:37","guid":{"rendered":"https:\/\/fondationrivieres.org\/?p=66293"},"modified":"2024-04-12T13:50:18","modified_gmt":"2024-04-12T17:50:18","slug":"vendre-vent-tuer-hydro-quebec-lautel-prive","status":"publish","type":"post","link":"https:\/\/fondationrivieres.org\/en\/vendre-vent-tuer-hydro-quebec-lautel-prive\/","title":{"rendered":"Sell the wind, kill Hydro-Qu\u00e9bec on the altar of the private sector"},"content":{"rendered":"<div data-elementor-type=\"wp-post\" data-elementor-id=\"66293\" class=\"elementor elementor-66293\" data-elementor-post-type=\"post\">\n\t\t\t\t<div class=\"elementor-element elementor-element-f34c665 e-flex e-con-boxed e-con e-parent\" data-id=\"f34c665\" data-element_type=\"container\" data-e-type=\"container\" data-settings=\"{&quot;jet_parallax_layout_list&quot;:[]}\">\n\t\t\t\t\t<div class=\"e-con-inner\">\n\t\t\t\t<div class=\"elementor-element elementor-element-ecedab0 elementor-widget elementor-widget-heading\" data-id=\"ecedab0\" data-element_type=\"widget\" data-e-type=\"widget\" data-widget_type=\"heading.default\">\n\t\t\t\t<div class=\"elementor-widget-container\">\n\t\t\t\t\t<h2 class=\"elementor-heading-title elementor-size-default\">Self-generation and the risk of skyrocketing electricity rates<\/h2>\t\t\t\t<\/div>\n\t\t\t\t<\/div>\n\t\t\t\t<div class=\"elementor-element elementor-element-fe9a192 elementor-widget elementor-widget-text-editor\" data-id=\"fe9a192\" data-element_type=\"widget\" data-e-type=\"widget\" data-widget_type=\"text-editor.default\">\n\t\t\t\t<div class=\"elementor-widget-container\">\n\t\t\t\t\t\t\t\t\t<p><span style=\"font-weight: 400;\">In January 2018, Hydro-Qu\u00e9bec CEO \u00c9ric Martel said, \"if people start self-generating with solar, it's going to cause electricity rates to skyrocket: that's the risk of <\/span>\u201c <a href=\"https:\/\/www.journaldequebec.com\/2018\/01\/09\/hydro-pourrait-se-lancer-dans-les-maisons-intelligentes\" target=\"_blank\" rel=\"noopener\">the death spiral<\/a><span style=\"font-weight: 400;\"> \". His logic was as follows: if some customers start self-generating, that means fewer customers to share the bill for Hydro-Qu\u00e9bec's fixed costs. Increased costs would become inevitable, pushing more customers to opt for self-generation. A downward spiral of customer attrition and economic death would follow.<\/span><\/p>\t\t\t\t\t\t\t\t<\/div>\n\t\t\t\t<\/div>\n\t\t\t\t<div class=\"elementor-element elementor-element-694f552 elementor-widget elementor-widget-heading\" data-id=\"694f552\" data-element_type=\"widget\" data-e-type=\"widget\" data-widget_type=\"heading.default\">\n\t\t\t\t<div class=\"elementor-widget-container\">\n\t\t\t\t\t<h3 class=\"elementor-heading-title elementor-size-default\">Industrial self-production<\/h3>\t\t\t\t<\/div>\n\t\t\t\t<\/div>\n\t\t\t\t<div class=\"elementor-element elementor-element-2147921 elementor-widget elementor-widget-text-editor\" data-id=\"2147921\" data-element_type=\"widget\" data-e-type=\"widget\" data-widget_type=\"text-editor.default\">\n\t\t\t\t<div class=\"elementor-widget-container\">\n\t\t\t\t\t\t\t\t\t<p><span style=\"font-weight: 400;\">By 2024, it's industrial self-generation that threatens Hydro-Qu\u00e9bec's profitability and could lead to a death spiral. This is the direction advocated by Minister Fitzgibbon, and it's what's happening right now with the industrial project. <a href=\"https:\/\/fondationrivieres.org\/en\/tes-mauricie-met-nos-rivieres-en-peril\/\">TES Canada in Shawinigan<\/a> which intends to produce hydrogen. This private company is proposing to erect 140 mega-wind turbines on farmland within a 60 km radius of the plant: it becomes a self-producer to meet its own energy needs. Such an installation alone could produce almost half a Roman, or 800 MW, enough to power 235,000 homes.<\/span><\/p><p><span style=\"font-weight: 400;\">The death spiral? What are we talking about? Hydro-Qu\u00e9bec's operating costs are fixed, and massive investment will be needed to update the power grid. We're talking about <\/span><a href=\"https:\/\/ici.radio-canada.ca\/nouvelle\/2063913\/ligne-transport-electricite-hydro-quebec\" target=\"_blank\" rel=\"noopener\"><span style=\"font-weight: 400;\">50 Billion<\/span><\/a><span style=\"font-weight: 400;\"> only for the installation of new high-voltage lines. And Hydro-Qu\u00e9bec's customers are likely to be saddled with a hefty bill, as they have to absorb the rising costs of new generation, maintenance of the network which suffers from a chronic lack of investment, not to mention the impact of extreme weather events on the grid. These costs would no longer be shared with this independent self-generating clientele, unfairly placing the economic burden of Hydro-Qu\u00e9bec's viability on the shoulders of the public.<\/span><\/p><p><span style=\"font-weight: 400;\">Now look at the big picture: if large companies turn to self-generation, who will foot the bill for the future?<\/span><\/p>\t\t\t\t\t\t\t\t<\/div>\n\t\t\t\t<\/div>\n\t\t\t\t\t<\/div>\n\t\t\t\t<\/div>\n\t\t<div class=\"elementor-element elementor-element-2f71a09 e-flex e-con-boxed e-con e-parent\" data-id=\"2f71a09\" data-element_type=\"container\" data-e-type=\"container\" data-settings=\"{&quot;jet_parallax_layout_list&quot;:[]}\">\n\t\t\t\t\t<div class=\"e-con-inner\">\n\t\t\t\t<div class=\"elementor-element elementor-element-c275caf elementor-widget elementor-widget-heading\" data-id=\"c275caf\" data-element_type=\"widget\" data-e-type=\"widget\" data-widget_type=\"heading.default\">\n\t\t\t\t<div class=\"elementor-widget-container\">\n\t\t\t\t\t<h3 class=\"elementor-heading-title elementor-size-default\">Rio Tinto Alcan's self-production model<\/h3>\t\t\t\t<\/div>\n\t\t\t\t<\/div>\n\t\t\t\t<div class=\"elementor-element elementor-element-7708823 elementor-widget elementor-widget-image\" data-id=\"7708823\" data-element_type=\"widget\" data-e-type=\"widget\" data-widget_type=\"image.default\">\n\t\t\t\t<div class=\"elementor-widget-container\">\n\t\t\t\t\t\t\t\t\t\t\t\t<figure class=\"wp-caption\">\n\t\t\t\t\t\t\t\t\t\t<img fetchpriority=\"high\" decoding=\"async\" width=\"800\" height=\"451\" src=\"https:\/\/fondationrivieres.org\/wp-content\/uploads\/2024\/04\/AGA-2023-Couverture-Evenement-Facebook-9-1024x577.png\" class=\"attachment-large size-large wp-image-66314\" alt=\"P\u00e9ribonka River, photo credit Fr\u00e9d\u00e9ric Plumey, special collaboration, La Presse archives\" srcset=\"https:\/\/fondationrivieres.org\/wp-content\/uploads\/2024\/04\/AGA-2023-Couverture-Evenement-Facebook-9-1024x577.png 1024w, https:\/\/fondationrivieres.org\/wp-content\/uploads\/2024\/04\/AGA-2023-Couverture-Evenement-Facebook-9-300x169.png 300w, https:\/\/fondationrivieres.org\/wp-content\/uploads\/2024\/04\/AGA-2023-Couverture-Evenement-Facebook-9-768x433.png 768w, https:\/\/fondationrivieres.org\/wp-content\/uploads\/2024\/04\/AGA-2023-Couverture-Evenement-Facebook-9-1536x865.png 1536w, https:\/\/fondationrivieres.org\/wp-content\/uploads\/2024\/04\/AGA-2023-Couverture-Evenement-Facebook-9-18x10.png 18w, https:\/\/fondationrivieres.org\/wp-content\/uploads\/2024\/04\/AGA-2023-Couverture-Evenement-Facebook-9.png 1640w\" sizes=\"(max-width: 800px) 100vw, 800px\" \/>\t\t\t\t\t\t\t\t\t\t\t<figcaption class=\"widget-image-caption wp-caption-text\">P\u00e9ribonka River, photo credit Fr\u00e9d\u00e9ric Plumey, special collaboration, La Presse archives<\/figcaption>\n\t\t\t\t\t\t\t\t\t\t<\/figure>\n\t\t\t\t\t\t\t\t\t<\/div>\n\t\t\t\t<\/div>\n\t\t\t\t<div class=\"elementor-element elementor-element-bccfd0a elementor-widget elementor-widget-text-editor\" data-id=\"bccfd0a\" data-element_type=\"widget\" data-e-type=\"widget\" data-widget_type=\"text-editor.default\">\n\t\t\t\t<div class=\"elementor-widget-container\">\n\t\t\t\t\t\t\t\t\t<p><span style=\"font-weight: 400;\">The model set by Pierre Fitzgibbon, Minister of the Economy, Innovation and Energy, is the Lac Saint-Jean-based company Rio Tinto ALCAN, which obtained the privilege of building dams on the Saguenay and P\u00e9ribonka rivers, without paying any compensation to the State. Today, Rio Tinto ALCAN<\/span><span style=\"font-weight: 400;\"> produces much of the electricity needed for its aluminum production<\/span><span style=\"font-weight: 400;\"> with <a href=\"https:\/\/energie.riotinto.com\/energie-electrique\/installations\/\" target=\"_blank\" rel=\"noopener\">seven dams<\/a> on the Saguenay and P\u00e9ribonka rivers.\u00a0<\/span><\/p><p><span style=\"font-weight: 400;\">Minister Fitzgibbon recently authorized multinational Rio Tinto ALCAN to build its own <a href=\"https:\/\/ici.radio-canada.ca\/nouvelle\/2041669\/autoproduction-rio-tinto-energie-quebec-eoliennes\" target=\"_blank\" rel=\"noopener\">wind farm<\/a> to meet all its electricity needs. These are mega wind turbines of 5 MW or more on the best wind deposits in the region. Rio Tinto ALCAN's wind turbines are coupled with its existing river mining operations, the ultimate means of guaranteeing the energy autonomy of this huge mining multinational. It's important to realize that without coupling with Quebec's hydraulic capacity, none of these projects is viable.<\/span><\/p>\t\t\t\t\t\t\t\t<\/div>\n\t\t\t\t<\/div>\n\t\t\t\t<div class=\"elementor-element elementor-element-2d8d6e7 elementor-widget elementor-widget-heading\" data-id=\"2d8d6e7\" data-element_type=\"widget\" data-e-type=\"widget\" data-widget_type=\"heading.default\">\n\t\t\t\t<div class=\"elementor-widget-container\">\n\t\t\t\t\t<h3 class=\"elementor-heading-title elementor-size-default\">Balancing wind power by damming new rivers<\/h3>\t\t\t\t<\/div>\n\t\t\t\t<\/div>\n\t\t\t\t<div class=\"elementor-element elementor-element-9692ef3 elementor-widget elementor-widget-text-editor\" data-id=\"9692ef3\" data-element_type=\"widget\" data-e-type=\"widget\" data-widget_type=\"text-editor.default\">\n\t\t\t\t<div class=\"elementor-widget-container\">\n\t\t\t\t\t\t\t\t\t<p><span style=\"font-weight: 400;\">Industry needs constant electricity production. By definition, wind power is variable. So a predictable source is needed to compensate for wind variations, and hydroelectric power plants provide this stability. And with power plants already stretched to capacity to meet demand, we can expect industrial pressure to build new dams to soar in the years ahead. Hydro-Qu\u00e9bec will have to compensate for power fluctuations with its existing reservoirs, or harness new rivers nearby to compensate for power fluctuations from wind power.<\/span><\/p>\t\t\t\t\t\t\t\t<\/div>\n\t\t\t\t<\/div>\n\t\t\t\t<div class=\"elementor-element elementor-element-8333006 elementor-widget elementor-widget-heading\" data-id=\"8333006\" data-element_type=\"widget\" data-e-type=\"widget\" data-widget_type=\"heading.default\">\n\t\t\t\t<div class=\"elementor-widget-container\">\n\t\t\t\t\t<h3 class=\"elementor-heading-title elementor-size-default\">Denationalization of Hydro-Qu\u00e9bec<\/h3>\t\t\t\t<\/div>\n\t\t\t\t<\/div>\n\t\t\t\t<div class=\"elementor-element elementor-element-a8332c0 elementor-widget elementor-widget-text-editor\" data-id=\"a8332c0\" data-element_type=\"widget\" data-e-type=\"widget\" data-widget_type=\"text-editor.default\">\n\t\t\t\t<div class=\"elementor-widget-container\">\n\t\t\t\t\t\t\t\t\t<p><span style=\"font-weight: 400;\">We're talking about the creation of mega-wind farms that extend over vast territories, with the potential to supply energy to neighboring industries. These multinationals would then have their own industrial distribution networks parallel to that of Hydro-Qu\u00e9bec. Our state-owned company would be obliged to supply blocks of energy at very low cost to industry from existing reservoirs, while buying back surplus electricity from industrial wind farms at high prices during peak winter periods, when winds are strong. To add insult to injury, these companies could compete with Hydro-Qu\u00e9bec. Not surprisingly, Hydro-Qu\u00e9bec's employee unions are sounding the alarm, denouncing a move that could lead to the company's demise.\u00a0<\/span><a href=\"https:\/\/fondationrivieres.org\/en\/denationalisation-electricite-debat-public\/\"><span style=\"font-weight: 400;\">denationalization<\/span><\/a><span style=\"font-weight: 400;\"> of electricity in Qu\u00e9bec<\/span><b>.\u00a0<\/b><\/p><p><span style=\"font-weight: 400;\">That's what we're seeing with TES Canada's private hydrogen production project in the Mauricie region, whose business model is <\/span><a href=\"https:\/\/www.lesoleil.com\/actualites\/le-fil-des-coops\/2024\/04\/09\/tes-canada-a-t-il-une-carte-cachee-J563CD3QBJG6HF6PR4XLZ4AIDI\/\" target=\"_blank\" rel=\"noopener\"><span style=\"font-weight: 400;\">denounced by experts<\/span><\/a><span style=\"font-weight: 400;\"> who believe that Hydro-Qu\u00e9bec is the big loser in the equation. <\/span><\/p>\t\t\t\t\t\t\t\t<\/div>\n\t\t\t\t<\/div>\n\t\t\t\t\t<\/div>\n\t\t\t\t<\/div>\n\t\t<div class=\"elementor-element elementor-element-9f7be11 e-flex e-con-boxed e-con e-parent\" data-id=\"9f7be11\" data-element_type=\"container\" data-e-type=\"container\" data-settings=\"{&quot;jet_parallax_layout_list&quot;:[]}\">\n\t\t\t\t\t<div class=\"e-con-inner\">\n\t\t\t\t<div class=\"elementor-element elementor-element-95a6256 elementor-widget elementor-widget-heading\" data-id=\"95a6256\" data-element_type=\"widget\" data-e-type=\"widget\" data-widget_type=\"heading.default\">\n\t\t\t\t<div class=\"elementor-widget-container\">\n\t\t\t\t\t<h3 class=\"elementor-heading-title elementor-size-default\">30,000 MW of industrial demand<\/h3>\t\t\t\t<\/div>\n\t\t\t\t<\/div>\n\t\t\t\t<div class=\"elementor-element elementor-element-4edd04b elementor-widget elementor-widget-image\" data-id=\"4edd04b\" data-element_type=\"widget\" data-e-type=\"widget\" data-widget_type=\"image.default\">\n\t\t\t\t<div class=\"elementor-widget-container\">\n\t\t\t\t\t\t\t\t\t\t\t\t\t\t\t<img decoding=\"async\" width=\"800\" height=\"348\" src=\"https:\/\/fondationrivieres.org\/wp-content\/uploads\/2012\/12\/hydro-quebec-1024x446.jpg\" class=\"attachment-large size-large wp-image-52724\" alt=\"Hydro-Quebec\" srcset=\"https:\/\/fondationrivieres.org\/wp-content\/uploads\/2012\/12\/hydro-quebec-1024x446.jpg 1024w, https:\/\/fondationrivieres.org\/wp-content\/uploads\/2012\/12\/hydro-quebec-300x131.jpg 300w, https:\/\/fondationrivieres.org\/wp-content\/uploads\/2012\/12\/hydro-quebec-768x335.jpg 768w, https:\/\/fondationrivieres.org\/wp-content\/uploads\/2012\/12\/hydro-quebec-1536x669.jpg 1536w, https:\/\/fondationrivieres.org\/wp-content\/uploads\/2012\/12\/hydro-quebec-18x8.jpg 18w, https:\/\/fondationrivieres.org\/wp-content\/uploads\/2012\/12\/hydro-quebec.jpg 2048w\" sizes=\"(max-width: 800px) 100vw, 800px\" \/>\t\t\t\t\t\t\t\t\t\t\t\t\t\t\t<\/div>\n\t\t\t\t<\/div>\n\t\t\t\t<div class=\"elementor-element elementor-element-b69a5b7 elementor-widget elementor-widget-text-editor\" data-id=\"b69a5b7\" data-element_type=\"widget\" data-e-type=\"widget\" data-widget_type=\"text-editor.default\">\n\t\t\t\t<div class=\"elementor-widget-container\">\n\t\t\t\t\t\t\t\t\t<p><span style=\"font-weight: 400;\">For <a href=\"https:\/\/ici.radio-canada.ca\/nouvelle\/2015630\/fitzgibbon-explosion-demande-megawatts\" target=\"_blank\" rel=\"noopener\">30,000 megawatts<\/a> of industrial projects on Minister Pierre Fitzgibbon's desk, i.e. nearly 75% of the total current electricity consumption of 42,000 MW.<\/span> <span style=\"font-weight: 400;\">Why is that? Because we offer some of the lowest electricity rates in the world, attractive government consumer financing programs and incentives for research and job creation.<\/span><\/p><p><span style=\"font-weight: 400;\">In Quebec, this discounted energy is only for industry. For the industrial world, our electric power may be among the cheapest in the world, but our leaders are even prepared to cede territory for autonomous production. We even offer<\/span><a href=\"https:\/\/www.journaldemontreal.com\/2024\/02\/21\/tout-le-monde-sest-garroche-les-rabais-delectricite-de-20--font-saliver-les-grands-industriels#:~:text=Avec%20le%20rabais%20de%2020,de%2010%20cents%20le%20kWh\" target=\"_blank\" rel=\"noopener\"><span style=\"font-weight: 400;\"> additional subsidies<\/span><\/a><span style=\"font-weight: 400;\"> to industry to stimulate investment. Industrial consumption should be targeted as the sector with the greatest capacity to contribute to Hydro-Qu\u00e9bec's revenues, but the bill continues to be passed on to consumers.\u00a0<\/span><\/p><p><span style=\"font-weight: 400;\">Obviously, it's impossible for Hydro-Qu\u00e9bec to meet such unbridled demand, when it has to support the <\/span><a href=\"https:\/\/fondationrivieres.org\/en\/our-actions\/energie-barrages-hydroelectriques\/14-revendications-avenir-energetique\/\"><span style=\"font-weight: 400;\">decarbonation<\/span><\/a><span style=\"font-weight: 400;\"> of the economy. It's obvious that former Hydro-Qu\u00e9bec CEO Sophie Brochu left at the same time as Fitzgibbon caused Hydro-Qu\u00e9bec's industrial order book to explode. And naturally, since it's impossible for Hydro-Qu\u00e9bec to keep up with demand, we have to turn to private production.<\/span><\/p>\t\t\t\t\t\t\t\t<\/div>\n\t\t\t\t<\/div>\n\t\t\t\t<div class=\"elementor-element elementor-element-b176d1d elementor-widget elementor-widget-heading\" data-id=\"b176d1d\" data-element_type=\"widget\" data-e-type=\"widget\" data-widget_type=\"heading.default\">\n\t\t\t\t<div class=\"elementor-widget-container\">\n\t\t\t\t\t<h3 class=\"elementor-heading-title elementor-size-default\">Don't kill the wind energy industry<\/h3>\t\t\t\t<\/div>\n\t\t\t\t<\/div>\n\t\t\t\t<div class=\"elementor-element elementor-element-f85d6f8 elementor-widget elementor-widget-text-editor\" data-id=\"f85d6f8\" data-element_type=\"widget\" data-e-type=\"widget\" data-widget_type=\"text-editor.default\">\n\t\t\t\t<div class=\"elementor-widget-container\">\n\t\t\t\t\t\t\t\t\t<p><span style=\"font-weight: 400;\">The best wind farms located close to transmission lines and industrial production sites are offered to private enterprise. These sites are often located in populated and agricultural areas. <\/span>The result will be a charred territory, farmland sacrificed and landscapes scarred by the anarchic development of private wind farms. To hell with wind power's true potential for decarbonization: we're left with a wind power industry that's burnt out for lack of social acceptability.<\/p>\t\t\t\t\t\t\t\t<\/div>\n\t\t\t\t<\/div>\n\t\t\t\t<div class=\"elementor-element elementor-element-4aaf8cf elementor-blockquote--skin-boxed elementor-widget elementor-widget-blockquote\" data-id=\"4aaf8cf\" data-element_type=\"widget\" data-e-type=\"widget\" data-widget_type=\"blockquote.default\">\n\t\t\t\t<div class=\"elementor-widget-container\">\n\t\t\t\t\t\t\t<blockquote class=\"elementor-blockquote\">\n\t\t\t<p class=\"elementor-blockquote__content\">\n\t\t\t\t\"The result will be a territory butchered, farmland sacrificed and landscapes scarred by the anarchic development of private wind farms. To hell with wind power's true potential for decarbonization: we're left with a wind power industry that's burnt out for lack of social acceptability.\n\"\n\t\t\t<\/p>\n\t\t\t\t\t<\/blockquote>\n\t\t\t\t\t\t<\/div>\n\t\t\t\t<\/div>\n\t\t\t\t<div class=\"elementor-element elementor-element-b08e490 elementor-widget elementor-widget-text-editor\" data-id=\"b08e490\" data-element_type=\"widget\" data-e-type=\"widget\" data-widget_type=\"text-editor.default\">\n\t\t\t\t<div class=\"elementor-widget-container\">\n\t\t\t\t\t\t\t\t\t<p><span style=\"font-weight: 400;\">Are we not currently witnessing the implementation of a <\/span>\"accelerated death spiral for Hydro-Qu\u00e9bec\".<span style=\"font-weight: 400;\">? Industries turn to industrial self-generation and leave Hydro-Qu\u00e9bec's order book. Hydro-Qu\u00e9bec will have fewer industrial customers and will have to raise its prices. This will lead even more industries to jump ship and demand self-generation.<\/span><\/p>\t\t\t\t\t\t\t\t<\/div>\n\t\t\t\t<\/div>\n\t\t\t\t<div class=\"elementor-element elementor-element-a2d07e4 elementor-widget elementor-widget-author-box\" data-id=\"a2d07e4\" data-element_type=\"widget\" data-e-type=\"widget\" data-widget_type=\"author-box.default\">\n\t\t\t\t<div class=\"elementor-widget-container\">\n\t\t\t\t\t\t\t<div class=\"elementor-author-box\">\n\t\t\t\t\t\t\t<a href=\"https:\/\/fondationrivieres.org\/en\/team\/normand-beaudet\/\" class=\"elementor-author-box__avatar\">\n\t\t\t\t\t<img decoding=\"async\" src=\"https:\/\/fondationrivieres.org\/wp-content\/uploads\/2023\/09\/Normand-Beaudet-300x281.jpeg\" alt=\"Picture of Normand Beaudet\" loading=\"lazy\">\n\t\t\t\t<\/a>\n\t\t\t\n\t\t\t<div class=\"elementor-author-box__text\">\n\t\t\t\t\t\t\t\t\t<a href=\"https:\/\/fondationrivieres.org\/en\/team\/normand-beaudet\/\">\n\t\t\t\t\t\t<h4 class=\"elementor-author-box__name\">\n\t\t\t\t\t\t\tNorman Beaudet\t\t\t\t\t\t<\/h4>\n\t\t\t\t\t<\/a>\n\t\t\t\t\n\t\t\t\t\t\t\t\t\t<div class=\"elementor-author-box__bio\">\n\t\t\t\t\t\t<p>Normand is responsible for mobilization strategies, energy and climate for Fondation Rivi\u00e8res.<\/p>\n\t\t\t\t\t<\/div>\n\t\t\t\t\n\t\t\t\t\t\t\t<\/div>\n\t\t<\/div>\n\t\t\t\t\t\t<\/div>\n\t\t\t\t<\/div>\n\t\t\t\t\t<\/div>\n\t\t\t\t<\/div>\n\t\t\t\t<\/div>","protected":false},"excerpt":{"rendered":"<p>In January 2018, Hydro-Qu\u00e9bec CEO \u00c9ric Martel said, \"If people start self-generating with solar, it's going to make electricity rates explode: it's the risk of the 'death spiral'.\" His logic was as follows: if customers start self-generating, there will be fewer customers to share Hydro-Qu\u00e9bec's fixed-cost bill. Rising costs would become inevitable, pushing more customers to opt for self-generation. A downward spiral of customer attrition and economic death would follow.<\/p>","protected":false},"author":27,"featured_media":66299,"comment_status":"closed","ping_status":"open","sticky":false,"template":"","format":"standard","meta":{"footnotes":""},"categories":[3],"tags":[47,69],"class_list":["post-66293","post","type-post","status-publish","format-standard","has-post-thumbnail","hentry","category-actualites","tag-energie","tag-mobilisation"],"_links":{"self":[{"href":"https:\/\/fondationrivieres.org\/en\/wp-json\/wp\/v2\/posts\/66293","targetHints":{"allow":["GET"]}}],"collection":[{"href":"https:\/\/fondationrivieres.org\/en\/wp-json\/wp\/v2\/posts"}],"about":[{"href":"https:\/\/fondationrivieres.org\/en\/wp-json\/wp\/v2\/types\/post"}],"author":[{"embeddable":true,"href":"https:\/\/fondationrivieres.org\/en\/wp-json\/wp\/v2\/users\/27"}],"replies":[{"embeddable":true,"href":"https:\/\/fondationrivieres.org\/en\/wp-json\/wp\/v2\/comments?post=66293"}],"version-history":[{"count":27,"href":"https:\/\/fondationrivieres.org\/en\/wp-json\/wp\/v2\/posts\/66293\/revisions"}],"predecessor-version":[{"id":66332,"href":"https:\/\/fondationrivieres.org\/en\/wp-json\/wp\/v2\/posts\/66293\/revisions\/66332"}],"wp:featuredmedia":[{"embeddable":true,"href":"https:\/\/fondationrivieres.org\/en\/wp-json\/wp\/v2\/media\/66299"}],"wp:attachment":[{"href":"https:\/\/fondationrivieres.org\/en\/wp-json\/wp\/v2\/media?parent=66293"}],"wp:term":[{"taxonomy":"category","embeddable":true,"href":"https:\/\/fondationrivieres.org\/en\/wp-json\/wp\/v2\/categories?post=66293"},{"taxonomy":"post_tag","embeddable":true,"href":"https:\/\/fondationrivieres.org\/en\/wp-json\/wp\/v2\/tags?post=66293"}],"curies":[{"name":"wp","href":"https:\/\/api.w.org\/{rel}","templated":true}]}}