{"id":65636,"date":"2024-02-29T12:02:35","date_gmt":"2024-02-29T17:02:35","guid":{"rendered":"https:\/\/fondationrivieres.org\/?p=65636"},"modified":"2024-02-29T15:50:29","modified_gmt":"2024-02-29T20:50:29","slug":"projet-northvolt-leau-grande-oubliee","status":"publish","type":"post","link":"https:\/\/fondationrivieres.org\/en\/projet-northvolt-leau-grande-oubliee\/","title":{"rendered":"Northvolt project: water is the forgotten resource"},"content":{"rendered":"<div data-elementor-type=\"wp-post\" data-elementor-id=\"65636\" class=\"elementor elementor-65636\" data-elementor-post-type=\"post\">\n\t\t\t\t<div class=\"elementor-element elementor-element-661c476 e-flex e-con-boxed e-con e-parent\" data-id=\"661c476\" data-element_type=\"container\" data-e-type=\"container\" data-settings=\"{&quot;jet_parallax_layout_list&quot;:[]}\">\n\t\t\t\t\t<div class=\"e-con-inner\">\n\t\t\t\t<div class=\"elementor-element elementor-element-88e425d elementor-widget elementor-widget-heading\" data-id=\"88e425d\" data-element_type=\"widget\" data-e-type=\"widget\" data-widget_type=\"heading.default\">\n\t\t\t\t<div class=\"elementor-widget-container\">\n\t\t\t\t\t<h2 class=\"elementor-heading-title elementor-size-default\">Lettre adress\u00e9e \u00e0 Paolo Cerruti, pr\u00e9sident de Northvolt Am\u00e9rique du Nord<\/h2>\t\t\t\t<\/div>\n\t\t\t\t<\/div>\n\t\t\t\t<div class=\"elementor-element elementor-element-566a811 elementor-widget elementor-widget-text-editor\" data-id=\"566a811\" data-element_type=\"widget\" data-e-type=\"widget\" data-widget_type=\"text-editor.default\">\n\t\t\t\t<div class=\"elementor-widget-container\">\n\t\t\t\t\t\t\t\t\t<p><span style=\"font-weight: 400;\">Il y a quelques semaines, vous avez d\u00e9plor\u00e9 que des groupes \u00e9cologistes s\u2019en prennent \u00e0 votre engagement environnemental, alors le Projet Northvolt Qu\u00e9bec aurait suivi toutes les directives gouvernementales. Ne saviez-vous pas que c\u2019est du c\u00f4t\u00e9 des mouvements citoyens et environnementaux que vous trouverez une coh\u00e9rence environnementale, et <a href=\"https:\/\/ici.radio-canada.ca\/nouvelle\/2052601\/northvolt-ministere-environnement-gestion-crise-interne\" target=\"_blank\" rel=\"nofollow noopener\">non pas du gouvernement<\/a>? \u00c0 vous de mettre en place un dialogue avec les citoyens et citoyennes afin de faire la lumi\u00e8re sur les enjeux li\u00e9s \u00e0 vos activit\u00e9s. La population est inqui\u00e8te, car actuellement tout se discute derri\u00e8re les portes closes du minist\u00e8re de l\u2019Environnement!<\/span><\/p><p><span style=\"text-align: var(--text-align); color: var( --e-global-color-accent );\">Vous dites \u00eatre sensible \u00e0 l\u2019environnement, mais n\u2019avez-vous pas trouv\u00e9 discutable le choix du site, alors que d\u2019autres sites industriels auraient pu s\u2019av\u00e9rer plus ad\u00e9quats? Votre projet m\u00e8ne \u00e0 la destruction de pr\u00e9cieux milieux humides et de bois\u00e9s. \u00cates-vous conscient de la raret\u00e9 de tels milieux, qui ont <\/span><a style=\"text-align: var(--text-align); background-color: #ffffff;\" href=\"https:\/\/ici.radio-canada.ca\/nouvelle\/1974400\/milieux-humides-lacunes-rapport-commissaire-developpement-durable\" target=\"_blank\" rel=\"nofollow noopener\">fondu comme peau de chagrin<\/a><span style=\"text-align: var(--text-align); color: var( --e-global-color-accent );\"> dans les derni\u00e8res d\u00e9cennies, en n\u2019\u00e9tant gu\u00e8re compens\u00e9s r\u00e9ellement malgr\u00e9 de nombreux engagements \u00e0 le faire?<\/span><\/p>\t\t\t\t\t\t\t\t<\/div>\n\t\t\t\t<\/div>\n\t\t\t\t\t<\/div>\n\t\t\t\t<\/div>\n\t\t<div class=\"elementor-element elementor-element-8a8234b e-flex e-con-boxed e-con e-parent\" data-id=\"8a8234b\" data-element_type=\"container\" data-e-type=\"container\" data-settings=\"{&quot;jet_parallax_layout_list&quot;:[]}\">\n\t\t\t\t\t<div class=\"e-con-inner\">\n\t\t\t\t<div class=\"elementor-element elementor-element-5b44d25 elementor-widget elementor-widget-heading\" data-id=\"5b44d25\" data-element_type=\"widget\" data-e-type=\"widget\" data-widget_type=\"heading.default\">\n\t\t\t\t<div class=\"elementor-widget-container\">\n\t\t\t\t\t<h3 class=\"elementor-heading-title elementor-size-default\">La rivi\u00e8re Richelieu en p\u00e9ril<\/h3>\t\t\t\t<\/div>\n\t\t\t\t<\/div>\n\t\t\t\t<div class=\"elementor-element elementor-element-d1241e1 elementor-widget elementor-widget-text-editor\" data-id=\"d1241e1\" data-element_type=\"widget\" data-e-type=\"widget\" data-widget_type=\"text-editor.default\">\n\t\t\t\t<div class=\"elementor-widget-container\">\n\t\t\t\t\t\t\t\t\t<p><span style=\"font-weight: 400;\">Et que dire de la pr\u00e9cieuse rivi\u00e8re Richelieu en bordure de votre projet industriel? Si vous avez \u00e0 c\u0153ur l\u2019environnement, vous avez le devoir de prendre grand soin de ce cours d\u2019eau. Vous ratez une occasion de faire les choses avec rigueur en collaboration avec la communaut\u00e9 afin de paver la voie \u00e0 des pratiques exemplaires en termes de respect de l\u2019eau.<\/span><\/p><p><span style=\"font-weight: 400;\">Voici quelques \u00e9l\u00e9ments que la communaut\u00e9 scientifique et les sp\u00e9cialistes en environnement savent fondamentaux, et pour lesquels des solutions doivent rapidement \u00eatre mises en place:<\/span><\/p>\t\t\t\t\t\t\t\t<\/div>\n\t\t\t\t<\/div>\n\t\t\t\t<div class=\"elementor-element elementor-element-1120e47 elementor-widget elementor-widget-image\" data-id=\"1120e47\" data-element_type=\"widget\" data-e-type=\"widget\" data-widget_type=\"image.default\">\n\t\t\t\t<div class=\"elementor-widget-container\">\n\t\t\t\t\t\t\t\t\t\t\t\t<figure class=\"wp-caption\">\n\t\t\t\t\t\t\t\t\t\t<img fetchpriority=\"high\" decoding=\"async\" width=\"600\" height=\"305\" src=\"https:\/\/fondationrivieres.org\/wp-content\/uploads\/2022\/10\/AUR_Logo2022_Couleurs.png\" class=\"attachment-large size-large wp-image-49776\" alt=\"Adoptez une rivi\u00e8re - Fondation Rivi\u00e8res - Logo - Lumea\" srcset=\"https:\/\/fondationrivieres.org\/wp-content\/uploads\/2022\/10\/AUR_Logo2022_Couleurs.png 600w, https:\/\/fondationrivieres.org\/wp-content\/uploads\/2022\/10\/AUR_Logo2022_Couleurs-300x153.png 300w\" sizes=\"(max-width: 600px) 100vw, 600px\" \/>\t\t\t\t\t\t\t\t\t\t\t<figcaption class=\"widget-image-caption wp-caption-text\"><\/figcaption>\n\t\t\t\t\t\t\t\t\t\t<\/figure>\n\t\t\t\t\t\t\t\t\t<\/div>\n\t\t\t\t<\/div>\n\t\t\t\t<div class=\"elementor-element elementor-element-9a301ef elementor-align-center elementor-widget elementor-widget-button\" data-id=\"9a301ef\" data-element_type=\"widget\" data-e-type=\"widget\" data-widget_type=\"button.default\">\n\t\t\t\t<div class=\"elementor-widget-container\">\n\t\t\t\t\t\t\t\t\t<div class=\"elementor-button-wrapper\">\n\t\t\t\t\t<a class=\"elementor-button elementor-button-link elementor-size-md\" href=\"https:\/\/fondationrivieres.org\/en\/projects\/adoptez-une-riviere-richelieu\/\">\n\t\t\t\t\t\t<span class=\"elementor-button-content-wrapper\">\n\t\t\t\t\t\t<span class=\"elementor-button-icon\">\n\t\t\t\t<i aria-hidden=\"true\" class=\"fas fa-arrow-right\"><\/i>\t\t\t<\/span>\n\t\t\t\t\t\t\t\t\t<span class=\"elementor-button-text\">Adopt the Richelieu River<\/span>\n\t\t\t\t\t<\/span>\n\t\t\t\t\t<\/a>\n\t\t\t\t<\/div>\n\t\t\t\t\t\t\t\t<\/div>\n\t\t\t\t<\/div>\n\t\t\t\t<div class=\"elementor-element elementor-element-8a5e6a1 elementor-widget elementor-widget-spacer\" data-id=\"8a5e6a1\" data-element_type=\"widget\" data-e-type=\"widget\" data-widget_type=\"spacer.default\">\n\t\t\t\t<div class=\"elementor-widget-container\">\n\t\t\t\t\t\t\t<div class=\"elementor-spacer\">\n\t\t\t<div class=\"elementor-spacer-inner\"><\/div>\n\t\t<\/div>\n\t\t\t\t\t\t<\/div>\n\t\t\t\t<\/div>\n\t\t\t\t\t<\/div>\n\t\t\t\t<\/div>\n\t\t<div class=\"elementor-element elementor-element-4a8fc67 e-flex e-con-boxed e-con e-parent\" data-id=\"4a8fc67\" data-element_type=\"container\" data-e-type=\"container\" data-settings=\"{&quot;jet_parallax_layout_list&quot;:[]}\">\n\t\t\t\t\t<div class=\"e-con-inner\">\n\t\t\t\t<div class=\"elementor-element elementor-element-0fc7ffa elementor-widget elementor-widget-heading\" data-id=\"0fc7ffa\" data-element_type=\"widget\" data-e-type=\"widget\" data-widget_type=\"heading.default\">\n\t\t\t\t<div class=\"elementor-widget-container\">\n\t\t\t\t\t<h4 class=\"elementor-heading-title elementor-size-default\">1. Terres imperm\u00e9abilis\u00e9es: <\/h4>\t\t\t\t<\/div>\n\t\t\t\t<\/div>\n\t\t\t\t<div class=\"elementor-element elementor-element-5e05503 elementor-widget elementor-widget-text-editor\" data-id=\"5e05503\" data-element_type=\"widget\" data-e-type=\"widget\" data-widget_type=\"text-editor.default\">\n\t\t\t\t<div class=\"elementor-widget-container\">\n\t\t\t\t\t\t\t\t\t<p><span style=\"font-weight: 400;\">Il est vrai qu&rsquo;une partie du terrain acquis par le projet Northvolt a d\u00e9j\u00e0 \u00e9t\u00e9 industriel et qu\u2019il s\u2019est naturalis\u00e9 depuis 20 ans. Depuis, ses milieux humides agissent \u00e0 titre d\u2019\u00e9ponge qui att\u00e9nuent les inondations en absorbant les fortes pluies et les crues printani\u00e8res, alors qu\u2019on a construit et imperm\u00e9abilis\u00e9 tout autour.<\/span><\/p><p><span style=\"font-weight: 400;\">En choisissant de remblayer ce secteur \u00e0 la h\u00e2te, Projet Northvolt met en p\u00e9ril son propre site et les terrains adjacents en augmentant consid\u00e9rablement les risques d&rsquo;inondations, alors que votre usine est partiellement en zone inondable, sans oublier l\u2019impact sur la recharge de la nappe phr\u00e9atique dans une r\u00e9gion o\u00f9 on commence \u00e0 manquer d\u2019eau.<\/span><\/p><p><span style=\"font-weight: 400;\">Savez-vous que ces zones sont essentielles au bon fonctionnement de la rivi\u00e8re, et encore plus dans le contexte d\u2019adaptation aux changements climatiques? Il est imp\u00e9ratif de maintenir une bande riveraine bois\u00e9e d\u2019au moins 15 m\u00e8tres, et il vous faut agir tr\u00e8s vite avant que ce soit ras\u00e9!<\/span><\/p><p><span style=\"font-weight: 400;\">Votre promesse de recr\u00e9er 30 \u00e0 50 hectares de zones de protection fauniques dans la r\u00e9gion alors qu\u2019il n\u2019y en a pas de disponible ne permettra pas de compenser la disparition de ces zones-\u00e9ponges. <\/span><\/p><p><span style=\"font-weight: 400;\">Avez-vous song\u00e9 aux solutions qui s&rsquo;offrent \u00e0 vous, dont des techniques d\u2019am\u00e9nagement permettant de r\u00e9duire la min\u00e9ralisation tous azimuts et d\u2019\u00e9liminer les drainages nocifs, dont ceux des vastes nouvelles toitures? Avez-vous envisag\u00e9 de mettre en place des stationnements qui permettent \u00e0 l\u2019eau de s\u2019infiltrer? Il est aussi possible de limiter leur nombre en offrant des navettes depuis la gare \u00e0 proximit\u00e9, en favorisant le transport collectif et actif. <\/span><span style=\"font-weight: 400;\">Avez-vous song\u00e9 \u00e0 la construction de bassins de r\u00e9tention d\u2019eau de pluie et de fonte des neiges? <\/span><\/p><p><span style=\"font-weight: 400;\">\u00c0 vous de saisir l\u2019occasion de cr\u00e9er un mod\u00e8le, une usine-\u00e9ponge, comme on fait des <\/span><a href=\"https:\/\/fr.wikipedia.org\/wiki\/Ville_%C3%A9ponge\" target=\"_blank\" rel=\"noopener\"><span style=\"font-weight: 400;\">villes \u00e9ponges<\/span><\/a><span style=\"font-weight: 400;\">. Devenez une r\u00e9f\u00e9rence en mati\u00e8re de pratiques industrielles innovantes!<\/span><\/p>\t\t\t\t\t\t\t\t<\/div>\n\t\t\t\t<\/div>\n\t\t\t\t<div class=\"elementor-element elementor-element-7d2aa18 elementor-widget elementor-widget-image\" data-id=\"7d2aa18\" data-element_type=\"widget\" data-e-type=\"widget\" data-widget_type=\"image.default\">\n\t\t\t\t<div class=\"elementor-widget-container\">\n\t\t\t\t\t\t\t\t\t\t\t\t<figure class=\"wp-caption\">\n\t\t\t\t\t\t\t\t\t\t<img decoding=\"async\" width=\"800\" height=\"448\" src=\"https:\/\/fondationrivieres.org\/wp-content\/uploads\/2022\/06\/Riviere-Richelieu_Hiver_5_Credit-Gilles-Croteau_autorisation-donnee-1024x573.jpg\" class=\"attachment-large size-large wp-image-39718\" alt=\"Rivi\u00e8re Richelieu Hiver, Cr\u00e9dit : Gilles Croteau\" srcset=\"https:\/\/fondationrivieres.org\/wp-content\/uploads\/2022\/06\/Riviere-Richelieu_Hiver_5_Credit-Gilles-Croteau_autorisation-donnee-1024x573.jpg 1024w, https:\/\/fondationrivieres.org\/wp-content\/uploads\/2022\/06\/Riviere-Richelieu_Hiver_5_Credit-Gilles-Croteau_autorisation-donnee-300x168.jpg 300w, https:\/\/fondationrivieres.org\/wp-content\/uploads\/2022\/06\/Riviere-Richelieu_Hiver_5_Credit-Gilles-Croteau_autorisation-donnee-768x430.jpg 768w, https:\/\/fondationrivieres.org\/wp-content\/uploads\/2022\/06\/Riviere-Richelieu_Hiver_5_Credit-Gilles-Croteau_autorisation-donnee.jpg 1500w\" sizes=\"(max-width: 800px) 100vw, 800px\" \/>\t\t\t\t\t\t\t\t\t\t\t<figcaption class=\"widget-image-caption wp-caption-text\">Rivi\u00e8re Richelieu en hiver par Gilles Croteau<\/figcaption>\n\t\t\t\t\t\t\t\t\t\t<\/figure>\n\t\t\t\t\t\t\t\t\t<\/div>\n\t\t\t\t<\/div>\n\t\t\t\t\t<\/div>\n\t\t\t\t<\/div>\n\t\t<div class=\"elementor-element elementor-element-6891c81 e-flex e-con-boxed e-con e-parent\" data-id=\"6891c81\" data-element_type=\"container\" data-e-type=\"container\" data-settings=\"{&quot;jet_parallax_layout_list&quot;:[]}\">\n\t\t\t\t\t<div class=\"e-con-inner\">\n\t\t\t\t<div class=\"elementor-element elementor-element-ed7f479 elementor-widget elementor-widget-spacer\" data-id=\"ed7f479\" data-element_type=\"widget\" data-e-type=\"widget\" data-widget_type=\"spacer.default\">\n\t\t\t\t<div class=\"elementor-widget-container\">\n\t\t\t\t\t\t\t<div class=\"elementor-spacer\">\n\t\t\t<div class=\"elementor-spacer-inner\"><\/div>\n\t\t<\/div>\n\t\t\t\t\t\t<\/div>\n\t\t\t\t<\/div>\n\t\t\t\t<div class=\"elementor-element elementor-element-4779e82 elementor-widget elementor-widget-heading\" data-id=\"4779e82\" data-element_type=\"widget\" data-e-type=\"widget\" data-widget_type=\"heading.default\">\n\t\t\t\t<div class=\"elementor-widget-container\">\n\t\t\t\t\t<h4 class=\"elementor-heading-title elementor-size-default\">2. \nLa temp\u00e9rature de l\u2019eau<\/h4>\t\t\t\t<\/div>\n\t\t\t\t<\/div>\n\t\t\t\t<div class=\"elementor-element elementor-element-07215c5 elementor-widget elementor-widget-text-editor\" data-id=\"07215c5\" data-element_type=\"widget\" data-e-type=\"widget\" data-widget_type=\"text-editor.default\">\n\t\t\t\t<div class=\"elementor-widget-container\">\n\t\t\t\t\t\t\t\t\t<p><span style=\"font-weight: 400;\">Vous pr\u00e9voyez pomper l\u2019eau, l\u2019utiliser dans vos proc\u00e9d\u00e9s, la r\u00e9chauffer et la rejeter dans la rivi\u00e8re. Avez-vous pens\u00e9 \u00e0 l\u2019impact de ce r\u00e9chauffement de l\u2019eau? La rivi\u00e8re est riche en biodiversit\u00e9 avec une vingtaine d\u2019esp\u00e8ces en situation pr\u00e9caire dont l\u2019habitat est situ\u00e9 dans l\u2019ensemble du chenal de la rivi\u00e8re. Saviez-vous que le Richelieu est peupl\u00e9 par le <a href=\"https:\/\/www.ledevoir.com\/environnement\/805800\/environnement-northvolt-pourrait-heurter-chevalier-cuivre\" target=\"_blank\" rel=\"noopener\">chevalier cuivr\u00e9<\/a>, ce poisson unique au monde et en p\u00e9ril? Quelles solutions ont \u00e9t\u00e9 envisag\u00e9es afin d\u2019annuler l\u2019impact du r\u00e9chauffement de l\u2019eau? \u00cates-vous en mesure de nous assurer que vos rejets n\u2019auront pas d\u2019impact sur la rivi\u00e8re?<\/span><\/p>\t\t\t\t\t\t\t\t<\/div>\n\t\t\t\t<\/div>\n\t\t\t\t\t<\/div>\n\t\t\t\t<\/div>\n\t\t<div class=\"elementor-element elementor-element-38a0dae e-flex e-con-boxed e-con e-parent\" data-id=\"38a0dae\" data-element_type=\"container\" data-e-type=\"container\" data-settings=\"{&quot;jet_parallax_layout_list&quot;:[]}\">\n\t\t\t\t\t<div class=\"e-con-inner\">\n\t\t\t\t<div class=\"elementor-element elementor-element-55c4a44 elementor-widget elementor-widget-heading\" data-id=\"55c4a44\" data-element_type=\"widget\" data-e-type=\"widget\" data-widget_type=\"heading.default\">\n\t\t\t\t<div class=\"elementor-widget-container\">\n\t\t\t\t\t<h4 class=\"elementor-heading-title elementor-size-default\">3. Une occasion d\u2019ouvrir des acc\u00e8s aux berges<\/h4>\t\t\t\t<\/div>\n\t\t\t\t<\/div>\n\t\t\t\t<div class=\"elementor-element elementor-element-9eb17be elementor-widget elementor-widget-text-editor\" data-id=\"9eb17be\" data-element_type=\"widget\" data-e-type=\"widget\" data-widget_type=\"text-editor.default\">\n\t\t\t\t<div class=\"elementor-widget-container\">\n\t\t\t\t\t\t\t\t\t<p><span style=\"font-weight: 400;\">Une grande majorit\u00e9 des municipalit\u00e9s le long de la rivi\u00e8re se concertent en ce moment afin d\u2019augmenter le nombre d\u2019<a href=\"https:\/\/fondationrivieres.org\/en\/our-actions\/acces-public-a-leau\/\">acc\u00e8s publics aux berges<\/a> sur la rivi\u00e8re. Et si vous choisissiez de faire partie de la solution? Pourquoi ne pas cr\u00e9er un parc naturel public en bordure de la rivi\u00e8re? <\/span><\/p>\t\t\t\t\t\t\t\t<\/div>\n\t\t\t\t<\/div>\n\t\t\t\t\t<\/div>\n\t\t\t\t<\/div>\n\t\t<div class=\"elementor-element elementor-element-81c8f3e e-flex e-con-boxed e-con e-parent\" data-id=\"81c8f3e\" data-element_type=\"container\" data-e-type=\"container\" data-settings=\"{&quot;jet_parallax_layout_list&quot;:[]}\">\n\t\t\t\t\t<div class=\"e-con-inner\">\n\t\t\t\t<div class=\"elementor-element elementor-element-4973ee4 elementor-widget elementor-widget-heading\" data-id=\"4973ee4\" data-element_type=\"widget\" data-e-type=\"widget\" data-widget_type=\"heading.default\">\n\t\t\t\t<div class=\"elementor-widget-container\">\n\t\t\t\t\t<h4 class=\"elementor-heading-title elementor-size-default\">4. On nous a refus\u00e9 un BAPE<\/h4>\t\t\t\t<\/div>\n\t\t\t\t<\/div>\n\t\t\t\t<div class=\"elementor-element elementor-element-d077a63 elementor-widget elementor-widget-text-editor\" data-id=\"d077a63\" data-element_type=\"widget\" data-e-type=\"widget\" data-widget_type=\"text-editor.default\">\n\t\t\t\t<div class=\"elementor-widget-container\">\n\t\t\t\t\t\t\t\t\t<p><span style=\"font-weight: 400;\">Le dialogue avec le public et les experts est indispensable pour r\u00e9aliser un bon projet, respectueux de la r\u00e9alit\u00e9 de cette r\u00e9gion et de la rivi\u00e8re. C\u2019est pour cela que <a href=\"https:\/\/www.ledevoir.com\/environnement\/807936\/sondage-favorable-bape-northvolt-monteregie\" target=\"_blank\" rel=\"noopener\">nous demandons la tenue d\u2019audiences publiques par le Bureau d\u2019audiences publiques sur l\u2019environnement<\/a> afin d\u2018\u00e9clairer.<\/span><\/p><p><span style=\"font-weight: 400;\">Sous pr\u00e9texte d&rsquo;acc\u00e9l\u00e9rer la prise de d\u00e9cision, notre gouvernement nous a refus\u00e9 un BAPE, alors que cet outil capital de consultation publique est une boussole pour aider \u00e0 faire des choix en coh\u00e9rence avec les valeurs que vous pr\u00e9tendez d\u00e9fendre. Puisque l\u2019insertion harmonieuse de votre projet dans la communaut\u00e9 vous importe, peut-\u00eatre devriez-vous nous soutenir et exiger des consultations publiques aupr\u00e8s du <a href=\"https:\/\/www.environnement.gouv.qc.ca\/\" target=\"_blank\" rel=\"noopener\">MELCCFP<\/a>?<\/span><\/p>\t\t\t\t\t\t\t\t<\/div>\n\t\t\t\t<\/div>\n\t\t\t\t\t<\/div>\n\t\t\t\t<\/div>\n\t\t<div class=\"elementor-element elementor-element-4e1e81b e-flex e-con-boxed e-con e-parent\" data-id=\"4e1e81b\" data-element_type=\"container\" data-e-type=\"container\" data-settings=\"{&quot;jet_parallax_layout_list&quot;:[]}\">\n\t\t\t\t\t<div class=\"e-con-inner\">\n\t\t\t\t<div class=\"elementor-element elementor-element-7a111cd elementor-widget elementor-widget-heading\" data-id=\"7a111cd\" data-element_type=\"widget\" data-e-type=\"widget\" data-widget_type=\"heading.default\">\n\t\t\t\t<div class=\"elementor-widget-container\">\n\t\t\t\t\t<h3 class=\"elementor-heading-title elementor-size-default\">Le Projet Northvolt doit \u00eatre transparent<\/h3>\t\t\t\t<\/div>\n\t\t\t\t<\/div>\n\t\t\t\t<div class=\"elementor-element elementor-element-4133994 elementor-widget elementor-widget-text-editor\" data-id=\"4133994\" data-element_type=\"widget\" data-e-type=\"widget\" data-widget_type=\"text-editor.default\">\n\t\t\t\t<div class=\"elementor-widget-container\">\n\t\t\t\t\t\t\t\t\t<p><span style=\"font-weight: 400;\">Les Qu\u00e9b\u00e9cois et Qu\u00e9b\u00e9coises ont \u00e9t\u00e9 injustement d\u00e9pouill\u00e9s d\u2019outils de consultation citoyenne et il est dans votre int\u00e9r\u00eat de faire preuve de la <a href=\"https:\/\/www.ledevoir.com\/opinion\/idees\/807969\/idees-ce-ne-passe-plus-northvolt\" target=\"_blank\" rel=\"noopener\">plus grande transparence<\/a>. Des informations importantes demeurent cach\u00e9es. Nous apprenons encore actuellement au compte-goutte des informations-cl\u00e9s concernant l\u2019installation de votre usine et leurs cons\u00e9quences, c\u2019est compl\u00e8tement inadmissible.<\/span><\/p><p><span style=\"font-weight: 400;\">La balle est maintenant dans votre camp, vous pouvez encore b\u00e9n\u00e9ficier d\u2019une expertise collective.\u00a0 Soyez \u00e0 la hauteur de la r\u00e9putation que vous souhaitez montrer, au-del\u00e0 de l\u2019empressement de notre gouvernement!<\/span><\/p>\t\t\t\t\t\t\t\t<\/div>\n\t\t\t\t<\/div>\n\t\t\t\t\t<\/div>\n\t\t\t\t<\/div>\n\t\t<div class=\"elementor-element elementor-element-7566dec e-flex e-con-boxed e-con e-parent\" data-id=\"7566dec\" data-element_type=\"container\" data-e-type=\"container\" data-settings=\"{&quot;jet_parallax_layout_list&quot;:[]}\">\n\t\t\t\t\t<div class=\"e-con-inner\">\n\t\t\t\t<div class=\"elementor-element elementor-element-8997789 elementor-widget__width-initial elementor-widget elementor-widget-author-box\" data-id=\"8997789\" data-element_type=\"widget\" data-e-type=\"widget\" data-widget_type=\"author-box.default\">\n\t\t\t\t<div class=\"elementor-widget-container\">\n\t\t\t\t\t\t\t<div class=\"elementor-author-box\">\n\t\t\t\t\t\t\t<a href=\"https:\/\/fondationrivieres.org\/en\/team\/andre-belanger\/\" class=\"elementor-author-box__avatar\">\n\t\t\t\t\t<img decoding=\"async\" src=\"https:\/\/fondationrivieres.org\/wp-content\/uploads\/2022\/11\/Andre\u0301-Be\u0301langer_2023-261x300.jpeg\" alt=\"Picture of Andr\u00e9 B\u00e9langer\" loading=\"lazy\">\n\t\t\t\t<\/a>\n\t\t\t\n\t\t\t<div class=\"elementor-author-box__text\">\n\t\t\t\t\t\t\t\t\t<a href=\"https:\/\/fondationrivieres.org\/en\/team\/andre-belanger\/\">\n\t\t\t\t\t\t<h4 class=\"elementor-author-box__name\">\n\t\t\t\t\t\t\tAndr\u00e9 B\u00e9langer\t\t\t\t\t\t<\/h4>\n\t\t\t\t\t<\/a>\n\t\t\t\t\n\t\t\t\t\t\t\t\t\t<div class=\"elementor-author-box__bio\">\n\t\t\t\t\t\t<p>Directeur g\u00e9n\u00e9ral de la Fondation Rivi\u00e8res<\/p>\n\t\t\t\t\t<\/div>\n\t\t\t\t\n\t\t\t\t\t\t\t<\/div>\n\t\t<\/div>\n\t\t\t\t\t\t<\/div>\n\t\t\t\t<\/div>\n\t\t\t\t<div class=\"elementor-element elementor-element-25cdd77 elementor-widget__width-initial elementor-widget elementor-widget-image\" data-id=\"25cdd77\" data-element_type=\"widget\" data-e-type=\"widget\" data-widget_type=\"image.default\">\n\t\t\t\t<div class=\"elementor-widget-container\">\n\t\t\t\t\t\t\t\t\t\t\t\t<figure class=\"wp-caption\">\n\t\t\t\t\t\t\t\t\t\t<img decoding=\"async\" width=\"519\" height=\"180\" src=\"https:\/\/fondationrivieres.org\/wp-content\/uploads\/2024\/02\/Belanger-Andre-Signature.png\" class=\"attachment-large size-large wp-image-65697\" alt=\"Signature Andr\u00e9 B\u00e9langer\" srcset=\"https:\/\/fondationrivieres.org\/wp-content\/uploads\/2024\/02\/Belanger-Andre-Signature.png 519w, https:\/\/fondationrivieres.org\/wp-content\/uploads\/2024\/02\/Belanger-Andre-Signature-300x104.png 300w, https:\/\/fondationrivieres.org\/wp-content\/uploads\/2024\/02\/Belanger-Andre-Signature-18x6.png 18w\" sizes=\"(max-width: 519px) 100vw, 519px\" \/>\t\t\t\t\t\t\t\t\t\t\t<figcaption class=\"widget-image-caption wp-caption-text\"><\/figcaption>\n\t\t\t\t\t\t\t\t\t\t<\/figure>\n\t\t\t\t\t\t\t\t\t<\/div>\n\t\t\t\t<\/div>\n\t\t\t\t\t<\/div>\n\t\t\t\t<\/div>\n\t\t<div class=\"elementor-element elementor-element-3dce8cc e-flex e-con-boxed e-con e-parent\" data-id=\"3dce8cc\" data-element_type=\"container\" data-e-type=\"container\" data-settings=\"{&quot;jet_parallax_layout_list&quot;:[]}\">\n\t\t\t\t\t<div class=\"e-con-inner\">\n\t\t\t\t<div class=\"elementor-element elementor-element-ed499e6 elementor-widget-divider--view-line elementor-widget elementor-widget-divider\" data-id=\"ed499e6\" data-element_type=\"widget\" data-e-type=\"widget\" data-widget_type=\"divider.default\">\n\t\t\t\t<div class=\"elementor-widget-container\">\n\t\t\t\t\t\t\t<div class=\"elementor-divider\">\n\t\t\t<span class=\"elementor-divider-separator\">\n\t\t\t\t\t\t<\/span>\n\t\t<\/div>\n\t\t\t\t\t\t<\/div>\n\t\t\t\t<\/div>\n\t\t\t\t\t<\/div>\n\t\t\t\t<\/div>\n\t\t\t\t<\/div>","protected":false},"excerpt":{"rendered":"<p>Lettre adress\u00e9e \u00e0 Paolo Cerruti, pr\u00e9sident du Projet Northvolt Am\u00e9rique du Nord, pour exiger transparence et protection de la rivi\u00e8re Richelieu.<\/p>","protected":false},"author":27,"featured_media":65781,"comment_status":"closed","ping_status":"open","sticky":false,"template":"","format":"standard","meta":{"footnotes":""},"categories":[9],"tags":[],"class_list":["post-65636","post","type-post","status-publish","format-standard","has-post-thumbnail","hentry","category-plaintes-lettres-aux-gouvernements"],"_links":{"self":[{"href":"https:\/\/fondationrivieres.org\/en\/wp-json\/wp\/v2\/posts\/65636","targetHints":{"allow":["GET"]}}],"collection":[{"href":"https:\/\/fondationrivieres.org\/en\/wp-json\/wp\/v2\/posts"}],"about":[{"href":"https:\/\/fondationrivieres.org\/en\/wp-json\/wp\/v2\/types\/post"}],"author":[{"embeddable":true,"href":"https:\/\/fondationrivieres.org\/en\/wp-json\/wp\/v2\/users\/27"}],"replies":[{"embeddable":true,"href":"https:\/\/fondationrivieres.org\/en\/wp-json\/wp\/v2\/comments?post=65636"}],"version-history":[{"count":0,"href":"https:\/\/fondationrivieres.org\/en\/wp-json\/wp\/v2\/posts\/65636\/revisions"}],"wp:featuredmedia":[{"embeddable":true,"href":"https:\/\/fondationrivieres.org\/en\/wp-json\/wp\/v2\/media\/65781"}],"wp:attachment":[{"href":"https:\/\/fondationrivieres.org\/en\/wp-json\/wp\/v2\/media?parent=65636"}],"wp:term":[{"taxonomy":"category","embeddable":true,"href":"https:\/\/fondationrivieres.org\/en\/wp-json\/wp\/v2\/categories?post=65636"},{"taxonomy":"post_tag","embeddable":true,"href":"https:\/\/fondationrivieres.org\/en\/wp-json\/wp\/v2\/tags?post=65636"}],"curies":[{"name":"wp","href":"https:\/\/api.w.org\/{rel}","templated":true}]}}