{"id":55971,"date":"2023-05-15T07:00:00","date_gmt":"2023-05-15T11:00:00","guid":{"rendered":"https:\/\/fondationrivieres.org\/?p=55971"},"modified":"2023-06-05T12:43:46","modified_gmt":"2023-06-05T16:43:46","slug":"consultation-sur-lenergie-lefficacite-energetique-brille-par-son-absence","status":"publish","type":"post","link":"https:\/\/fondationrivieres.org\/en\/consultation-sur-lenergie-lefficacite-energetique-brille-par-son-absence\/","title":{"rendered":"Energy consultation: energy efficiency conspicuous by its absence"},"content":{"rendered":"<div data-elementor-type=\"wp-post\" data-elementor-id=\"55971\" class=\"elementor elementor-55971\" data-elementor-post-type=\"post\">\n\t\t\t\t\t\t<section class=\"elementor-section elementor-top-section elementor-element elementor-element-5f7604d elementor-section-boxed elementor-section-height-default elementor-section-height-default\" data-id=\"5f7604d\" data-element_type=\"section\" data-e-type=\"section\" data-settings=\"{&quot;jet_parallax_layout_list&quot;:[]}\">\n\t\t\t\t\t\t<div class=\"elementor-container elementor-column-gap-default\">\n\t\t\t\t\t<div class=\"elementor-column elementor-col-100 elementor-top-column elementor-element elementor-element-8b7f2d9\" data-id=\"8b7f2d9\" data-element_type=\"column\" data-e-type=\"column\">\n\t\t\t<div class=\"elementor-widget-wrap elementor-element-populated\">\n\t\t\t\t\t\t<div class=\"elementor-element elementor-element-4a64597 elementor-widget elementor-widget-text-editor\" data-id=\"4a64597\" data-element_type=\"widget\" data-e-type=\"widget\" data-widget_type=\"text-editor.default\">\n\t\t\t\t<div class=\"elementor-widget-container\">\n\t\t\t\t\t\t\t\t\t<p style=\"text-align: right;\"><b>PRESS RELEASE<br \/><\/b><span style=\"font-weight: 400;\">FOR BROADCAST ON MONDAY, MAY 15 AT 7:00 A.M.<\/span><\/p><p><b>Montreal, May 15, 2023 \u2013<\/b><span style=\"font-weight: 400;\"> The Quebec government largely underestimates the energy efficiency potential, which could even double in the coming years. However, the consultation on the supervision and development of clean energies in Quebec, which is being held today, focuses exclusively on production. Demand management is not on the agenda of the event which brings together several experts from the energy sector.<\/span><\/p><p><span style=\"font-weight: 400;\">According to Hydro-Qu\u00e9bec&#039;s assessments, making investments in energy savings is becoming an increasingly profitable option. The profitable potential for energy savings would have increased considerably since the call for tenders for wind energy last summer and it could double if we decide to build new dams. In the residential sector alone, the technical-economic potential could thus explode and go from 8 TWh to 20 TWh (+125 %) based on the calculation of avoided costs used by Hydro-Qu\u00e9bec experts to evaluate the cost-effectiveness of energy efficiency measures.<\/span><\/p>\t\t\t\t\t\t\t\t<\/div>\n\t\t\t\t<\/div>\n\t\t\t\t<div class=\"elementor-element elementor-element-52df6e8 elementor-widget elementor-widget-jet-button\" data-id=\"52df6e8\" data-element_type=\"widget\" data-e-type=\"widget\" data-widget_type=\"jet-button.default\">\n\t\t\t\t<div class=\"elementor-widget-container\">\n\t\t\t\t\t<div class=\"elementor-jet-button jet-elements\"><div class=\"jet-button__container\">\n\t<a class=\"jet-button__instance jet-button__instance--icon-left hover-effect-0\" href=\"https:\/\/signup-can.keela.co\/infolettre-url-invitation-hydroelectricite?utm_source=Communique+de+presse&amp;utm_medium=Web&amp;utm_campaign=Hydro&amp;utm_id=Hydro\" target=\"_blank\" rel=\"noopener\">\n\t\t<div class=\"jet-button__plane jet-button__plane-normal\"><\/div>\n\t\t<div class=\"jet-button__plane jet-button__plane-hover\"><\/div>\n\t\t<div class=\"jet-button__state jet-button__state-normal\">\n\t\t\t<span class=\"jet-button__label\">+ Stay informed<\/span>\t\t<\/div>\n\t\t<div class=\"jet-button__state jet-button__state-hover\">\n\t\t\t<span class=\"jet-button__label\">+ Subscribe to the newsletter<\/span>\t\t<\/div>\n\t<\/a>\n<\/div>\n<\/div>\t\t\t\t<\/div>\n\t\t\t\t<\/div>\n\t\t\t\t\t<\/div>\n\t\t<\/div>\n\t\t\t\t\t<\/div>\n\t\t<\/section>\n\t\t\t\t<section class=\"elementor-section elementor-top-section elementor-element elementor-element-978e476 elementor-section-boxed elementor-section-height-default elementor-section-height-default\" data-id=\"978e476\" data-element_type=\"section\" data-e-type=\"section\" data-settings=\"{&quot;jet_parallax_layout_list&quot;:[]}\">\n\t\t\t\t\t\t<div class=\"elementor-container elementor-column-gap-default\">\n\t\t\t\t\t<div class=\"elementor-column elementor-col-100 elementor-top-column elementor-element elementor-element-90c8bc7\" data-id=\"90c8bc7\" data-element_type=\"column\" data-e-type=\"column\">\n\t\t\t<div class=\"elementor-widget-wrap elementor-element-populated\">\n\t\t\t\t\t\t<div class=\"elementor-element elementor-element-bfcc9de elementor-widget elementor-widget-text-editor\" data-id=\"bfcc9de\" data-element_type=\"widget\" data-e-type=\"widget\" data-widget_type=\"text-editor.default\">\n\t\t\t\t<div class=\"elementor-widget-container\">\n\t\t\t\t\t\t\t\t\t<p><span style=\"font-weight: 400;\">\u201cAs a general rule, the more expensive the next kilowatt hour is to produce, the more beneficial it will be to save. And more energy-saving measures that weren&#039;t cost-effective before are now becoming cost-effective. In 2013, the avoided cost was around 8 cents per KWh, it would have recently increased to around 11 cents and it could double if the government embarks on the construction of new dams,\u201d according to Jean-Pierre Finet, analyst and spokesperson. word from the Group of Environmental Energy Organizations (ROE\u00c9) of which Fondation Rivi\u00e8res is a member.<\/span><\/p>\t\t\t\t\t\t\t\t<\/div>\n\t\t\t\t<\/div>\n\t\t\t\t\t<\/div>\n\t\t<\/div>\n\t\t\t\t\t<\/div>\n\t\t<\/section>\n\t\t\t\t<section class=\"elementor-section elementor-top-section elementor-element elementor-element-6196931 elementor-section-boxed elementor-section-height-default elementor-section-height-default\" data-id=\"6196931\" data-element_type=\"section\" data-e-type=\"section\" data-settings=\"{&quot;jet_parallax_layout_list&quot;:[]}\">\n\t\t\t\t\t\t<div class=\"elementor-container elementor-column-gap-default\">\n\t\t\t\t\t<div class=\"elementor-column elementor-col-100 elementor-top-column elementor-element elementor-element-3f498dc\" data-id=\"3f498dc\" data-element_type=\"column\" data-e-type=\"column\">\n\t\t\t<div class=\"elementor-widget-wrap elementor-element-populated\">\n\t\t\t\t\t\t<div class=\"elementor-element elementor-element-2d9898d elementor-widget elementor-widget-image\" data-id=\"2d9898d\" data-element_type=\"widget\" data-e-type=\"widget\" data-widget_type=\"image.default\">\n\t\t\t\t<div class=\"elementor-widget-container\">\n\t\t\t\t\t\t\t\t\t\t\t\t<figure class=\"wp-caption\">\n\t\t\t\t\t\t\t\t\t\t<img fetchpriority=\"high\" decoding=\"async\" width=\"710\" height=\"431\" src=\"https:\/\/fondationrivieres.org\/wp-content\/uploads\/2023\/05\/Courbe-de-potentiel-deconomie-denergie-au-secteur-residentiel_Hydro-Quebec.png\" class=\"attachment-large size-large wp-image-55973\" alt=\"Energy saving potential curve in the residential sector. Source: Hydro-Qu\u00e9bec\" srcset=\"https:\/\/fondationrivieres.org\/wp-content\/uploads\/2023\/05\/Courbe-de-potentiel-deconomie-denergie-au-secteur-residentiel_Hydro-Quebec.png 710w, https:\/\/fondationrivieres.org\/wp-content\/uploads\/2023\/05\/Courbe-de-potentiel-deconomie-denergie-au-secteur-residentiel_Hydro-Quebec-300x182.png 300w, https:\/\/fondationrivieres.org\/wp-content\/uploads\/2023\/05\/Courbe-de-potentiel-deconomie-denergie-au-secteur-residentiel_Hydro-Quebec-18x12.png 18w\" sizes=\"(max-width: 710px) 100vw, 710px\" \/>\t\t\t\t\t\t\t\t\t\t\t<figcaption class=\"widget-image-caption wp-caption-text\">Energy saving potential curve in the residential sector. Source: Hydro-Qu\u00e9bec<\/figcaption>\n\t\t\t\t\t\t\t\t\t\t<\/figure>\n\t\t\t\t\t\t\t\t\t<\/div>\n\t\t\t\t<\/div>\n\t\t\t\t<div class=\"elementor-element elementor-element-4dc811b elementor-widget elementor-widget-text-editor\" data-id=\"4dc811b\" data-element_type=\"widget\" data-e-type=\"widget\" data-widget_type=\"text-editor.default\">\n\t\t\t\t<div class=\"elementor-widget-container\">\n\t\t\t\t\t\t\t\t\t<p><span style=\"font-weight: 400;\">\u201cWe are preparing to artificialize our last natural jewels when we could obtain the equivalent of half of our new needs just by consuming less energy. And we\u2019re not even talking about consuming better yet,\u201d according to Andr\u00e9 B\u00e9langer, general director of Fondation Rivi\u00e8res.<\/span><\/p>\t\t\t\t\t\t\t\t<\/div>\n\t\t\t\t<\/div>\n\t\t\t\t\t<\/div>\n\t\t<\/div>\n\t\t\t\t\t<\/div>\n\t\t<\/section>\n\t\t\t\t<section class=\"elementor-section elementor-top-section elementor-element elementor-element-ee97887 elementor-section-boxed elementor-section-height-default elementor-section-height-default\" data-id=\"ee97887\" data-element_type=\"section\" data-e-type=\"section\" data-settings=\"{&quot;jet_parallax_layout_list&quot;:[]}\">\n\t\t\t\t\t\t<div class=\"elementor-container elementor-column-gap-default\">\n\t\t\t\t\t<div class=\"elementor-column elementor-col-100 elementor-top-column elementor-element elementor-element-03b97f3\" data-id=\"03b97f3\" data-element_type=\"column\" data-e-type=\"column\">\n\t\t\t<div class=\"elementor-widget-wrap elementor-element-populated\">\n\t\t\t\t\t\t<div class=\"elementor-element elementor-element-29546eb elementor-widget elementor-widget-jet-button\" data-id=\"29546eb\" data-element_type=\"widget\" data-e-type=\"widget\" data-widget_type=\"jet-button.default\">\n\t\t\t\t<div class=\"elementor-widget-container\">\n\t\t\t\t\t<div class=\"elementor-jet-button jet-elements\"><div class=\"jet-button__container\">\n\t<a class=\"jet-button__instance jet-button__instance--icon-left hover-effect-0\" href=\"https:\/\/fondationrivieres.org\/en\/impliquez-vous\/faites-un-don\/\">\n\t\t<div class=\"jet-button__plane jet-button__plane-normal\"><\/div>\n\t\t<div class=\"jet-button__plane jet-button__plane-hover\"><\/div>\n\t\t<div class=\"jet-button__state jet-button__state-normal\">\n\t\t\t<span class=\"jet-button__label\">+ Support us<\/span>\t\t<\/div>\n\t\t<div class=\"jet-button__state jet-button__state-hover\">\n\t\t\t<span class=\"jet-button__label\">+ Donate<\/span>\t\t<\/div>\n\t<\/a>\n<\/div>\n<\/div>\t\t\t\t<\/div>\n\t\t\t\t<\/div>\n\t\t\t\t\t<\/div>\n\t\t<\/div>\n\t\t\t\t\t<\/div>\n\t\t<\/section>\n\t\t\t\t<section class=\"elementor-section elementor-top-section elementor-element elementor-element-c275dec elementor-section-boxed elementor-section-height-default elementor-section-height-default\" data-id=\"c275dec\" data-element_type=\"section\" data-e-type=\"section\" data-settings=\"{&quot;jet_parallax_layout_list&quot;:[]}\">\n\t\t\t\t\t\t<div class=\"elementor-container elementor-column-gap-default\">\n\t\t\t\t\t<div class=\"elementor-column elementor-col-100 elementor-top-column elementor-element elementor-element-45372f1\" data-id=\"45372f1\" data-element_type=\"column\" data-e-type=\"column\">\n\t\t\t<div class=\"elementor-widget-wrap elementor-element-populated\">\n\t\t\t\t\t\t<div class=\"elementor-element elementor-element-64c86a7 elementor-widget elementor-widget-text-editor\" data-id=\"64c86a7\" data-element_type=\"widget\" data-e-type=\"widget\" data-widget_type=\"text-editor.default\">\n\t\t\t\t<div class=\"elementor-widget-container\">\n\t\t\t\t\t\t\t\t\t<p><span style=\"font-weight: 400;\">As a participant in today&#039;s consultation, Jean-Pierre Finet is sorry that there is no time on the agenda to discuss demand management.<\/span><\/p><p><span style=\"font-weight: 400;\">\u201cNew production costs are exploding and we are preparing to pass this bill on to future generations when we must quickly look at the profitable potential in energy efficiency,\u201d adds Jean-Pierre Finet.\u00a0<\/span><\/p><p><span style=\"font-weight: 400;\">About thirty environmental, social, citizen and union groups <a href=\"https:\/\/fondationrivieres.org\/en\/consultation-avenir-energetique-quebec-loin-debat-societe-promis\/\">denounced on April 27 the discrepancy<\/a> between the Prime Minister&#039;s commitment to holding a &quot;real societal debate&quot; on energy and the format of the consultation announced the day before by the office of the Minister of the Economy, Innovation and Energy, M . Pierre Fitzgibbon.\u00a0<\/span><\/p><p style=\"text-align: center;\"><span style=\"font-weight: 400;\">-30-<\/span><\/p><p><b>Documentation<\/b><span style=\"font-weight: 400;\">\u00a0<\/span><\/p><ul><li><a href=\"http:\/\/www.regie-energie.qc.ca\/audiences\/Suivis\/Suivi%20D-2019-088\/20210921_Suivi%20administratif%20de%20la%20d%C3%A9cision%20D-2019-088_PT%C3%89_20210908.pdf\" target=\"_blank\" rel=\"noopener\" data-wplink-edit=\"true\">Studies of technico-economic potential in energy, Hydro-Qu\u00e9bec. <\/a><i>See Figure 4 <\/i>Energy saving potential curve in the residential sector<i>, p. 33 (shown above)<\/i><\/li><\/ul><div><i>\u00a0<\/i><\/div><div><i>Photo: Max Bender\/Unsplash<\/i><\/div>\t\t\t\t\t\t\t\t<\/div>\n\t\t\t\t<\/div>\n\t\t\t\t\t<\/div>\n\t\t<\/div>\n\t\t\t\t\t<\/div>\n\t\t<\/section>\n\t\t\t\t<section class=\"elementor-section elementor-top-section elementor-element elementor-element-5576fcb elementor-section-boxed elementor-section-height-default elementor-section-height-default\" data-id=\"5576fcb\" data-element_type=\"section\" data-e-type=\"section\" data-settings=\"{&quot;jet_parallax_layout_list&quot;:[]}\">\n\t\t\t\t\t\t<div class=\"elementor-container elementor-column-gap-default\">\n\t\t\t\t\t<div class=\"elementor-column elementor-col-100 elementor-top-column elementor-element elementor-element-cf1938c\" data-id=\"cf1938c\" data-element_type=\"column\" data-e-type=\"column\">\n\t\t\t<div class=\"elementor-widget-wrap elementor-element-populated\">\n\t\t\t\t\t\t<div class=\"elementor-element elementor-element-004b9c3 elementor-widget elementor-widget-heading\" data-id=\"004b9c3\" data-element_type=\"widget\" data-e-type=\"widget\" data-widget_type=\"heading.default\">\n\t\t\t\t<div class=\"elementor-widget-container\">\n\t\t\t\t\t<h3 class=\"elementor-heading-title elementor-size-default\">Source<\/h3>\t\t\t\t<\/div>\n\t\t\t\t<\/div>\n\t\t\t\t<div class=\"elementor-element elementor-element-82822c6 elementor-widget elementor-widget-author-box\" data-id=\"82822c6\" data-element_type=\"widget\" data-e-type=\"widget\" data-widget_type=\"author-box.default\">\n\t\t\t\t<div class=\"elementor-widget-container\">\n\t\t\t\t\t\t\t<div class=\"elementor-author-box\">\n\t\t\t\t\t\t\t<a href=\"https:\/\/fondationrivieres.org\/en\/team\/sophie-lachance\/\" class=\"elementor-author-box__avatar\">\n\t\t\t\t\t<img decoding=\"async\" src=\"https:\/\/fondationrivieres.org\/wp-content\/uploads\/2022\/02\/Sophie_Lachance-300x292.jpg\" alt=\"Picture of Sophie Lachance\" loading=\"lazy\">\n\t\t\t\t<\/a>\n\t\t\t\n\t\t\t<div class=\"elementor-author-box__text\">\n\t\t\t\t\t\t\t\t\t<a href=\"https:\/\/fondationrivieres.org\/en\/team\/sophie-lachance\/\">\n\t\t\t\t\t\t<h4 class=\"elementor-author-box__name\">\n\t\t\t\t\t\t\tSophie Lachance\t\t\t\t\t\t<\/h4>\n\t\t\t\t\t<\/a>\n\t\t\t\t\n\t\t\t\t\t\t\t\t\t<div class=\"elementor-author-box__bio\">\n\t\t\t\t\t\t<p>Communications and Mobilization Manager<br \/>\nFondation Rivi\u00e8res<br \/>\n514-272-2666, ext. 307 <\/p>\n\t\t\t\t\t<\/div>\n\t\t\t\t\n\t\t\t\t\t\t\t<\/div>\n\t\t<\/div>\n\t\t\t\t\t\t<\/div>\n\t\t\t\t<\/div>\n\t\t\t\t<div class=\"elementor-element elementor-element-d76864d elementor-widget elementor-widget-spacer\" data-id=\"d76864d\" data-element_type=\"widget\" data-e-type=\"widget\" data-widget_type=\"spacer.default\">\n\t\t\t\t<div class=\"elementor-widget-container\">\n\t\t\t\t\t\t\t<div class=\"elementor-spacer\">\n\t\t\t<div class=\"elementor-spacer-inner\"><\/div>\n\t\t<\/div>\n\t\t\t\t\t\t<\/div>\n\t\t\t\t<\/div>\n\t\t\t\t\t<\/div>\n\t\t<\/div>\n\t\t\t\t\t<\/div>\n\t\t<\/section>\n\t\t\t\t<section class=\"elementor-section elementor-top-section elementor-element elementor-element-0fa1ebb elementor-section-boxed elementor-section-height-default elementor-section-height-default\" data-id=\"0fa1ebb\" data-element_type=\"section\" data-e-type=\"section\" data-settings=\"{&quot;jet_parallax_layout_list&quot;:[]}\">\n\t\t\t\t\t\t<div class=\"elementor-container elementor-column-gap-default\">\n\t\t\t\t\t<div class=\"elementor-column elementor-col-100 elementor-top-column elementor-element elementor-element-fbae288\" data-id=\"fbae288\" data-element_type=\"column\" data-e-type=\"column\">\n\t\t\t<div class=\"elementor-widget-wrap elementor-element-populated\">\n\t\t\t\t\t\t<div class=\"elementor-element elementor-element-cb126f7 elementor-widget elementor-widget-heading\" data-id=\"cb126f7\" data-element_type=\"widget\" data-e-type=\"widget\" data-widget_type=\"heading.default\">\n\t\t\t\t<div class=\"elementor-widget-container\">\n\t\t\t\t\t<h4 class=\"elementor-heading-title elementor-size-default\">To go further<\/h4>\t\t\t\t<\/div>\n\t\t\t\t<\/div>\n\t\t\t\t<div class=\"elementor-element elementor-element-7bc4ac7 elementor-widget elementor-widget-elementskit-page-list\" data-id=\"7bc4ac7\" data-element_type=\"widget\" data-e-type=\"widget\" data-widget_type=\"elementskit-page-list.default\">\n\t\t\t\t<div class=\"elementor-widget-container\">\n\t\t\t\t\t<div class=\"ekit-wid-con\" >\t\t<div class=\"elementor-icon-list-items\">\n\t\t\t\t\t\t\t<div class=\"elementor-icon-list-item\">\n\t\t\t\t\t\t<a class=\"elementor-repeater-item-94a3d32 ekit_badge_left\" href=\"https:\/\/fondationrivieres.org\/en\/our-actions\/energie-barrages-hydroelectriques\/\">\n\t\t\t\t\t\t\t<div class=\"ekit_page_list_content\">\n\t\t\t\t\t\t\t\t\t\t\t\t\t\t\t\t\t<span class=\"elementor-icon-list-icon\">\n\t\t\t\t\t\t\t\t\t\t<i aria-hidden=\"true\" class=\"fas fa-bolt\"><\/i>\t\t\t\t\t\t\t\t\t<\/span>\n\t\t\t\t\t\t\t\t\t\t\t\t\t\t\t\t<span class=\"elementor-icon-list-text\">\n\t\t\t\t\t\t\t\t\t<span class=\"ekit_page_list_title_title\">Our actions \u2013 Energy and hydroelectric dams<\/span>\n\t\t\t\t\t\t\t\t\t\t\t\t\t\t\t\t\t<\/span>\n\t\t\t\t\t\t\t<\/div>\n\t\t\t\t\t\t\t\t\t\t\t\t\t<\/a>\n\t\t\t\t\t<\/div>\n\t\t\t\t\t\t\t\t<div class=\"elementor-icon-list-item\">\n\t\t\t\t\t\t<a class=\"elementor-repeater-item-8622d26 ekit_badge_left\" href=\"https:\/\/fondationrivieres.org\/en\/our-actions\/impact-environnemental-barrages-hydroelectriques\/\">\n\t\t\t\t\t\t\t<div class=\"ekit_page_list_content\">\n\t\t\t\t\t\t\t\t\t\t\t\t\t\t\t\t\t<span class=\"elementor-icon-list-icon\">\n\t\t\t\t\t\t\t\t\t\t<i aria-hidden=\"true\" class=\"fas fa-bolt\"><\/i>\t\t\t\t\t\t\t\t\t<\/span>\n\t\t\t\t\t\t\t\t\t\t\t\t\t\t\t\t<span class=\"elementor-icon-list-text\">\n\t\t\t\t\t\t\t\t\t<span class=\"ekit_page_list_title_title\">What is the environmental impact of hydroelectric dams?<\/span>\n\t\t\t\t\t\t\t\t\t\t\t\t\t\t\t\t\t<\/span>\n\t\t\t\t\t\t\t<\/div>\n\t\t\t\t\t\t\t\t\t\t\t\t\t<\/a>\n\t\t\t\t\t<\/div>\n\t\t\t\t\t\t\t\t<div class=\"elementor-icon-list-item\">\n\t\t\t\t\t\t<a class=\"elementor-repeater-item-8ac0156 ekit_badge_left\" href=\"https:\/\/fondationrivieres.org\/en\/our-actions\/energie-barrages-hydroelectriques\/on-peut-faire-mieux\/\">\n\t\t\t\t\t\t\t<div class=\"ekit_page_list_content\">\n\t\t\t\t\t\t\t\t\t\t\t\t\t\t\t\t\t<span class=\"elementor-icon-list-icon\">\n\t\t\t\t\t\t\t\t\t\t<i aria-hidden=\"true\" class=\"fas fa-bolt\"><\/i>\t\t\t\t\t\t\t\t\t<\/span>\n\t\t\t\t\t\t\t\t\t\t\t\t\t\t\t\t<span class=\"elementor-icon-list-text\">\n\t\t\t\t\t\t\t\t\t<span class=\"ekit_page_list_title_title\">Write to the government of Quebec that we can do better than dams<\/span>\n\t\t\t\t\t\t\t\t\t\t\t\t\t\t\t\t\t<\/span>\n\t\t\t\t\t\t\t<\/div>\n\t\t\t\t\t\t\t\t\t\t\t\t\t<\/a>\n\t\t\t\t\t<\/div>\n\t\t\t\t\t\t<\/div>\n\t\t<\/div>\t\t\t\t<\/div>\n\t\t\t\t<\/div>\n\t\t\t\t\t<\/div>\n\t\t<\/div>\n\t\t\t\t\t<\/div>\n\t\t<\/section>\n\t\t\t\t<\/div>","protected":false},"excerpt":{"rendered":"<p>Press release \u2013 The Quebec government largely underestimates the energy efficiency potential, which could even double in the coming years. However, the consultation on the supervision and development of clean energies in Quebec, which is being held today, focuses exclusively on production. <\/p>","protected":false},"author":17,"featured_media":55979,"comment_status":"closed","ping_status":"open","sticky":false,"template":"","format":"standard","meta":{"footnotes":""},"categories":[5],"tags":[47,57],"class_list":["post-55971","post","type-post","status-publish","format-standard","has-post-thumbnail","hentry","category-communiques","tag-energie","tag-hydroelectricite"],"_links":{"self":[{"href":"https:\/\/fondationrivieres.org\/en\/wp-json\/wp\/v2\/posts\/55971","targetHints":{"allow":["GET"]}}],"collection":[{"href":"https:\/\/fondationrivieres.org\/en\/wp-json\/wp\/v2\/posts"}],"about":[{"href":"https:\/\/fondationrivieres.org\/en\/wp-json\/wp\/v2\/types\/post"}],"author":[{"embeddable":true,"href":"https:\/\/fondationrivieres.org\/en\/wp-json\/wp\/v2\/users\/17"}],"replies":[{"embeddable":true,"href":"https:\/\/fondationrivieres.org\/en\/wp-json\/wp\/v2\/comments?post=55971"}],"version-history":[{"count":0,"href":"https:\/\/fondationrivieres.org\/en\/wp-json\/wp\/v2\/posts\/55971\/revisions"}],"wp:featuredmedia":[{"embeddable":true,"href":"https:\/\/fondationrivieres.org\/en\/wp-json\/wp\/v2\/media\/55979"}],"wp:attachment":[{"href":"https:\/\/fondationrivieres.org\/en\/wp-json\/wp\/v2\/media?parent=55971"}],"wp:term":[{"taxonomy":"category","embeddable":true,"href":"https:\/\/fondationrivieres.org\/en\/wp-json\/wp\/v2\/categories?post=55971"},{"taxonomy":"post_tag","embeddable":true,"href":"https:\/\/fondationrivieres.org\/en\/wp-json\/wp\/v2\/tags?post=55971"}],"curies":[{"name":"wp","href":"https:\/\/api.w.org\/{rel}","templated":true}]}}