{"id":55344,"date":"2023-04-21T07:00:00","date_gmt":"2023-04-21T11:00:00","guid":{"rendered":"https:\/\/fondationrivieres.org\/?p=55344"},"modified":"2023-12-01T14:14:58","modified_gmt":"2023-12-01T19:14:58","slug":"lettre-aux-ministres-pour-une-transition-energetique-respectueuse-des-dernieres-rivieres-sauvages","status":"publish","type":"post","link":"https:\/\/fondationrivieres.org\/en\/lettre-aux-ministres-pour-une-transition-energetique-respectueuse-des-dernieres-rivieres-sauvages\/","title":{"rendered":"Letter to ministers: For an energy transition that respects the last wild rivers"},"content":{"rendered":"<div data-elementor-type=\"wp-post\" data-elementor-id=\"55344\" class=\"elementor elementor-55344\" data-elementor-post-type=\"post\">\n\t\t\t\t\t\t<section class=\"elementor-section elementor-top-section elementor-element elementor-element-5054ae7 elementor-section-boxed elementor-section-height-default elementor-section-height-default\" data-id=\"5054ae7\" data-element_type=\"section\" data-e-type=\"section\" data-settings=\"{&quot;jet_parallax_layout_list&quot;:[]}\">\n\t\t\t\t\t\t<div class=\"elementor-container elementor-column-gap-default\">\n\t\t\t\t\t<div class=\"elementor-column elementor-col-100 elementor-top-column elementor-element elementor-element-d5e54ca\" data-id=\"d5e54ca\" data-element_type=\"column\" data-e-type=\"column\">\n\t\t\t<div class=\"elementor-widget-wrap elementor-element-populated\">\n\t\t\t\t\t\t<div class=\"elementor-element elementor-element-f153aa4 elementor-widget elementor-widget-text-editor\" data-id=\"f153aa4\" data-element_type=\"widget\" data-e-type=\"widget\" data-widget_type=\"text-editor.default\">\n\t\t\t\t<div class=\"elementor-widget-container\">\n\t\t\t\t\t\t\t\t\t<p style=\"text-align: right;\"><strong>April 20, 2023<\/strong><\/p><p>Mr. Fran\u00e7ois Legault, Prime Minister of Quebec<br \/>Mr. Pierre Fitzgibbon, Minister of the Economy, Innovation and Energy and Minister responsible for Regional Economic Development<br \/>Mr. Benoit Charette, Minister of the Environment, the Fight against Climate Change, Wildlife and Parks<br \/>Mr. Ian Lafreni\u00e8re, Minister responsible for Relations with First Nations and Inuit<\/p><p>cc: Philippe Archambault, Head of Media and Government Affairs, Hydro-Qu\u00e9bec<\/p>\t\t\t\t\t\t\t\t<\/div>\n\t\t\t\t<\/div>\n\t\t\t\t\t<\/div>\n\t\t<\/div>\n\t\t\t\t\t<\/div>\n\t\t<\/section>\n\t\t\t\t<section class=\"elementor-section elementor-top-section elementor-element elementor-element-32142d3 elementor-section-boxed elementor-section-height-default elementor-section-height-default\" data-id=\"32142d3\" data-element_type=\"section\" data-e-type=\"section\" data-settings=\"{&quot;jet_parallax_layout_list&quot;:[]}\">\n\t\t\t\t\t\t<div class=\"elementor-container elementor-column-gap-default\">\n\t\t\t\t\t<div class=\"elementor-column elementor-col-100 elementor-top-column elementor-element elementor-element-0667672\" data-id=\"0667672\" data-element_type=\"column\" data-e-type=\"column\">\n\t\t\t<div class=\"elementor-widget-wrap elementor-element-populated\">\n\t\t\t\t\t\t<div class=\"elementor-element elementor-element-101fe98 elementor-widget elementor-widget-heading\" data-id=\"101fe98\" data-element_type=\"widget\" data-e-type=\"widget\" data-widget_type=\"heading.default\">\n\t\t\t\t<div class=\"elementor-widget-container\">\n\t\t\t\t\t<h2 class=\"elementor-heading-title elementor-size-default\">Subject: For an energy transition that respects the last wild rivers <\/h2>\t\t\t\t<\/div>\n\t\t\t\t<\/div>\n\t\t\t\t\t<\/div>\n\t\t<\/div>\n\t\t\t\t\t<\/div>\n\t\t<\/section>\n\t\t\t\t<section class=\"elementor-section elementor-top-section elementor-element elementor-element-fcefcf5 elementor-section-boxed elementor-section-height-default elementor-section-height-default\" data-id=\"fcefcf5\" data-element_type=\"section\" data-e-type=\"section\" data-settings=\"{&quot;jet_parallax_layout_list&quot;:[]}\">\n\t\t\t\t\t\t<div class=\"elementor-container elementor-column-gap-default\">\n\t\t\t\t\t<div class=\"elementor-column elementor-col-100 elementor-top-column elementor-element elementor-element-b67fa6f\" data-id=\"b67fa6f\" data-element_type=\"column\" data-e-type=\"column\">\n\t\t\t<div class=\"elementor-widget-wrap elementor-element-populated\">\n\t\t\t\t\t\t<div class=\"elementor-element elementor-element-a2bbd0e elementor-widget elementor-widget-text-editor\" data-id=\"a2bbd0e\" data-element_type=\"widget\" data-e-type=\"widget\" data-widget_type=\"text-editor.default\">\n\t\t\t\t<div class=\"elementor-widget-container\">\n\t\t\t\t\t\t\t\t\t<p class=\"p1\">Prime Minister,<br \/>Ministers,<\/p><p class=\"p1\">We are deeply concerned to learn that Hydro-Qu\u00e9bec plans to launch preliminary studies to evaluate the hydroelectric potential of the Petit M\u00e9catina River, on the North Shore, especially following the release of the <a href=\"https:\/\/fondationrivieres.org\/en\/apres-la-romaine\/\">documentary<i> After the Roman<\/i><\/a>\u00a0on the airwaves of Radio-Canada which highlights the exceptional character of <a href=\"https:\/\/fondationrivieres.org\/en\/projects\/adoptez-une-riviere-magpie\/\">Magpie River<\/a>.<span class=\"Apple-converted-space\">\u00a0<\/span><\/p><p class=\"p1\">If this project were carried out, 43 %s in the C\u00f4te-Nord watersheds would be subject to hydroelectric development and a modification of their hydrological regime, which would bring the number of power stations in Quebec to 174 on 121 rivers. This is what we learned from the <a href=\"https:\/\/www.bape.gouv.qc.ca\/fr\/dossiers\/amenagement-un-complexe-hydroelectrique-riviere-romaine\/\" target=\"_blank\" rel=\"noopener\">commission of inquiry of the Bureau d&#039;audiences publique sur l&#039;environnement (BAPE) on the Romaine River project in 2009<\/a>.<span class=\"Apple-converted-space\">\u00a0<\/span><\/p><h3 class=\"p1\">There are few large intact rivers left such as the Petit M\u00e9catina, the George and the Rivi\u00e8re \u00e0 la Baleine.<\/h3><p class=\"p1\">Places of ancestral anchorage of indigenous cultures, they are at the heart of ecosystems preserved from industrialization. Your government has made a commitment to protect 30 % of the territory by 2030, but where are your commitments to protect our last major rivers which ensure the health of terrestrial and aquatic ecosystems? No river has yet obtained the status of aquatic reserve, a mechanism for protecting biodiversity announced more than 20 years ago.<\/p><p class=\"p1\">Furthermore, we were surprised to learn that the CAQ Political Commission presents the construction of new hydroelectric power stations as an essential condition for successful electrification of Quebec. Nothing, to date, however, allows us to make such an assertion. Even Hydro-Qu\u00e9bec has not published a notice to this effect. In addition, the CAQ presents hydroelectricity as a clean energy. However, we know that the hydroelectric sector has major social and environmental effects. These consequences could also be more significant than we believe: the cumulative impacts of all the dams in Quebec have never been evaluated.<\/p>\t\t\t\t\t\t\t\t<\/div>\n\t\t\t\t<\/div>\n\t\t\t\t\t<\/div>\n\t\t<\/div>\n\t\t\t\t\t<\/div>\n\t\t<\/section>\n\t\t\t\t<section class=\"elementor-section elementor-top-section elementor-element elementor-element-7c8ea19 elementor-section-boxed elementor-section-height-default elementor-section-height-default\" data-id=\"7c8ea19\" data-element_type=\"section\" data-e-type=\"section\" data-settings=\"{&quot;jet_parallax_layout_list&quot;:[]}\">\n\t\t\t\t\t\t<div class=\"elementor-container elementor-column-gap-default\">\n\t\t\t\t\t<div class=\"elementor-column elementor-col-100 elementor-top-column elementor-element elementor-element-a0015bf\" data-id=\"a0015bf\" data-element_type=\"column\" data-e-type=\"column\">\n\t\t\t<div class=\"elementor-widget-wrap elementor-element-populated\">\n\t\t\t\t\t\t<div class=\"elementor-element elementor-element-3a53d0e elementor-widget elementor-widget-text-editor\" data-id=\"3a53d0e\" data-element_type=\"widget\" data-e-type=\"widget\" data-widget_type=\"text-editor.default\">\n\t\t\t\t<div class=\"elementor-widget-container\">\n\t\t\t\t\t\t\t\t\t<p class=\"p1\">The firm <a href=\"https:\/\/www.dunsky.com\/dunsky-advises-government-of-quebec-on-pathways-to-achieve-climate-targets\/\" target=\"_blank\" rel=\"noopener\">Dunsky Energy+Climate<\/a>, which your government has mandated to equip you to establish strategies towards carbon neutrality in Quebec, emphasizes the potential for reducing energy consumption and the wind potential.<\/p><h3 class=\"p1\">The construction of new hydroelectric dams is not one of the options favored by this firm of experts.<\/h3><p class=\"p1\">This opinion is shared by the vast majority of specialists, including the director of the chair of energy sector management at HEC Montr\u00e9al, <a href=\"https:\/\/www.journaldemontreal.com\/2023\/02\/17\/pas-besoin-de-nouveaux-barrages-au-quebec\" target=\"_blank\" rel=\"noopener\"><span class=\"s2\">Pierre-Olivier Pineau<\/span><\/a>, professor of physics and scientific director of the Trottier Energy Institute at Polytechnique Montr\u00e9al, <a href=\"https:\/\/www.lapresse.ca\/actualites\/2022-09-07\/les-barrages-hydroelectriques-ne-sont-pas-une-panacee-selon-des-experts.php\" target=\"_blank\" rel=\"noopener\"><span class=\"s2\">Norman Mousseau<\/span><\/a> and engineers Bernard Saulnier and R\u00e9al Reid. In fact, according to the latter two, Quebec could save approximately 3.2 G$ per year, become carbon neutral and ensure its energy self-sufficiency by pairing the production of wind and solar sectors with the storage capacities of Hydro-Qu\u00e9bec&#039;s hydraulic reservoirs currently in operation. exploitation.<\/p><p class=\"p1\">Keeping the door open to dams on untouched rivers keeps us in our old ways. There is better to do: your government has a duty to support public policies to minimize the demand for electricity associated with the electrification of transport by promoting active and collective mobility, to modernize construction and renovation standards to move towards buildings with net zero energy consumption, improve the insulation of buildings, encourage the installation of heat accumulators and heat pumps, promote geothermal energy, diversify sources of supply of renewable energies such as solar and wind, to optimize existing dams and wind farms. Let&#039;s be visionary.<\/p><p class=\"p1\">The energy choices we are about to make are too important to be made hastily.<\/p><blockquote><p class=\"p1\" style=\"padding-left: 40px;\">Considering that we have already artificialized too many rivers and that the effects of dams are permanent, we invite you to take the time to consult Quebec society, including indigenous communities, as you promised, through a vast public debate.<\/p><\/blockquote><p class=\"p1\">While awaiting a response on your intentions on this subject, we ask you to receive, Mr Prime Minister, Gentlemen Ministers, our distinguished greetings.<\/p><p class=\"p1\"><b>Signatories: <\/b><\/p><ul class=\"ul1\"><li class=\"li1\">Andr\u00e9 B\u00e9langer, general manager, Fondation Rivi\u00e8res<\/li><li class=\"li1\">Roy Dupuis, co-founder and spokesperson, Fondation Rivi\u00e8res<\/li><li class=\"li1\">Richard R\u00e9my, founder and guide, Karavaniers<\/li><li class=\"li1\">Emilie Dub\u00e9, project manager, Eau Vive Qu\u00e9bec<\/li><li class=\"li1\">Emmanuel Laferri\u00e8re, director of operations, Canot Kayak Qu\u00e9bec<\/li><li class=\"li1\">Chantal Levert, general coordinator, Quebec network of environmental groups RQGE<\/li><li class=\"li1\">Ir\u00e8ne Dupuis, president, Saint-Antoine-de-Tilly Living environment<\/li><li class=\"li1\">Elisabeth Gibeau, coordinator, Common Front for the Energy Transition<\/li><li class=\"li1\">R\u00e9becca P\u00e9trin, general director of Eau Secours<\/li><li class=\"li1\">Emmanuelle Rancourt, project manager, Nature Qu\u00e9bec<\/li><li class=\"li1\">Jean-Fran\u00e7ois Boisvert, president, Montreal Climate Coalition<\/li><li class=\"li1\">Alex Beaudin, municipal councilor of Rivi\u00e8re-Saint-Jean and Magpie<\/li><li class=\"li1\">Carole Dupuis, spokesperson, UNEplan\u00e8te eco-citizen movement<\/li><li class=\"li1\">Christian B\u00e9lisle, administrator, Friends of the Kipawa River<\/li><li class=\"li1\">Jean-Pierre Finet, spokesperson, Group of environmental energy organizations<\/li><li class=\"li1\">Mathieu Bourdon, founder, Noryak Aventures<\/li><li class=\"li1\">Charles Kavanagh, Association Eaux-Vives Minganie<\/li><li class=\"li1\">Caroline Desbiens, professor, Department of Geography, Laval University<\/li><li class=\"li1\">Laurie Guimond, professor, Department of Geography, University of Quebec in Montreal<\/li><li class=\"li1\">Etienne Boucher, professor, Department of Geography, University of Quebec in Montreal<\/li><li class=\"li1\">Jani Bellefleur-Kaltush, Innu filmmaker<\/li><li class=\"li1\">Gabriel Rondeau, citizen of Magpie and guide, Noryak Aventures<\/li><li class=\"li1\">Genevi\u00e8ve Lalumi\u00e8re, citizen of Magpie and market gardener at the Minganie Agroforestry Solidarity Coop \u2013 Le Grenier Bor\u00e9al<\/li><li>Yasmine Fontaine, master&#039;s student in geography and certification coordinator<br \/>Territorial guardian of Laval University<\/li><li>Laura Fontaine, member of the Innu community of Mani-utenam<\/li><\/ul><p><em>This letter was published in <\/em><a href=\"https:\/\/www.ledevoir.com\/opinion\/libre-opinion\/789532\/idees-pour-une-transition-energetique-respectueuse-des-dernieres-rivieres-sauvages\" target=\"_blank\" rel=\"noopener\">The duty<\/a><\/p><p><em>Photo : <a href=\"https:\/\/www.rapideblanc.ca\/\" target=\"_blank\" rel=\"noopener\">Productions du Rapide-Blanc<\/a> - Movie <\/em>After the Roman<\/p>\t\t\t\t\t\t\t\t<\/div>\n\t\t\t\t<\/div>\n\t\t\t\t<div class=\"elementor-element elementor-element-b60aae0 elementor-cta--layout-image-above elementor-cta--skin-classic elementor-animated-content elementor-bg-transform elementor-bg-transform-zoom-in elementor-widget elementor-widget-call-to-action\" data-id=\"b60aae0\" data-element_type=\"widget\" data-e-type=\"widget\" data-widget_type=\"call-to-action.default\">\n\t\t\t\t<div class=\"elementor-widget-container\">\n\t\t\t\t\t\t\t<div class=\"elementor-cta\">\n\t\t\t\t\t<div class=\"elementor-cta__bg-wrapper\">\n\t\t\t\t<div class=\"elementor-cta__bg elementor-bg\" style=\"background-image: url(https:\/\/fondationrivieres.org\/wp-content\/uploads\/2023\/04\/Apres-la-romaine_hydroelectricite_Fondation-Rivieres-1024x614.jpg);\" role=\"img\" aria-label=\"After the Roman_hydroelectricity_Fondation Rivi\u00e8res - Energy transition\"><\/div>\n\t\t\t\t<div class=\"elementor-cta__bg-overlay\"><\/div>\n\t\t\t<\/div>\n\t\t\t\t\t\t\t<div class=\"elementor-cta__content\">\n\t\t\t\t\n\t\t\t\t\t\t\t\t\t<h4 class=\"elementor-cta__title elementor-cta__content-item elementor-content-item\">\n\t\t\t\t\t\tMore dams? We can do better!\t\t\t\t\t<\/h4>\n\t\t\t\t\n\t\t\t\t\t\t\t\t\t<div class=\"elementor-cta__description elementor-cta__content-item elementor-content-item\">\n\t\t\t\t\t\tTell the government to stop building new dams to protect Quebec&#039;s last great rivers\t\t\t\t\t<\/div>\n\t\t\t\t\n\t\t\t\t\t\t\t\t\t<div class=\"elementor-cta__button-wrapper elementor-cta__content-item elementor-content-item\">\n\t\t\t\t\t<a class=\"elementor-cta__button elementor-button elementor-size-\" href=\"https:\/\/fondationrivieres.org\/en\/our-actions\/energie-barrages-hydroelectriques\/on-peut-faire-mieux\/\">\n\t\t\t\t\t\tParticipate\t\t\t\t\t<\/a>\n\t\t\t\t\t<\/div>\n\t\t\t\t\t\t\t<\/div>\n\t\t\t\t\t\t<\/div>\n\t\t\t\t\t\t<\/div>\n\t\t\t\t<\/div>\n\t\t\t\t\t<\/div>\n\t\t<\/div>\n\t\t\t\t\t<\/div>\n\t\t<\/section>\n\t\t\t\t<section class=\"elementor-section elementor-top-section elementor-element elementor-element-17f338f elementor-section-boxed elementor-section-height-default elementor-section-height-default\" data-id=\"17f338f\" data-element_type=\"section\" data-e-type=\"section\" data-settings=\"{&quot;jet_parallax_layout_list&quot;:[]}\">\n\t\t\t\t\t\t<div class=\"elementor-container elementor-column-gap-default\">\n\t\t\t\t\t<div class=\"elementor-column elementor-col-100 elementor-top-column elementor-element elementor-element-167df55\" data-id=\"167df55\" data-element_type=\"column\" data-e-type=\"column\">\n\t\t\t<div class=\"elementor-widget-wrap\">\n\t\t\t\t\t\t\t<\/div>\n\t\t<\/div>\n\t\t\t\t\t<\/div>\n\t\t<\/section>\n\t\t\t\t<\/div>","protected":false},"excerpt":{"rendered":"<p>The Fondation Rivi\u00e8res and around twenty signatories ask the government of Quebec to commit to protecting the last major rivers of Quebec by renouncing the construction of new dams and to launch a major public debate on energy.<\/p>","protected":false},"author":1,"featured_media":54425,"comment_status":"closed","ping_status":"open","sticky":false,"template":"","format":"standard","meta":{"footnotes":""},"categories":[9],"tags":[47,57],"class_list":["post-55344","post","type-post","status-publish","format-standard","has-post-thumbnail","hentry","category-plaintes-lettres-aux-gouvernements","tag-energie","tag-hydroelectricite"],"_links":{"self":[{"href":"https:\/\/fondationrivieres.org\/en\/wp-json\/wp\/v2\/posts\/55344","targetHints":{"allow":["GET"]}}],"collection":[{"href":"https:\/\/fondationrivieres.org\/en\/wp-json\/wp\/v2\/posts"}],"about":[{"href":"https:\/\/fondationrivieres.org\/en\/wp-json\/wp\/v2\/types\/post"}],"author":[{"embeddable":true,"href":"https:\/\/fondationrivieres.org\/en\/wp-json\/wp\/v2\/users\/1"}],"replies":[{"embeddable":true,"href":"https:\/\/fondationrivieres.org\/en\/wp-json\/wp\/v2\/comments?post=55344"}],"version-history":[{"count":1,"href":"https:\/\/fondationrivieres.org\/en\/wp-json\/wp\/v2\/posts\/55344\/revisions"}],"predecessor-version":[{"id":69813,"href":"https:\/\/fondationrivieres.org\/en\/wp-json\/wp\/v2\/posts\/55344\/revisions\/69813"}],"wp:featuredmedia":[{"embeddable":true,"href":"https:\/\/fondationrivieres.org\/en\/wp-json\/wp\/v2\/media\/54425"}],"wp:attachment":[{"href":"https:\/\/fondationrivieres.org\/en\/wp-json\/wp\/v2\/media?parent=55344"}],"wp:term":[{"taxonomy":"category","embeddable":true,"href":"https:\/\/fondationrivieres.org\/en\/wp-json\/wp\/v2\/categories?post=55344"},{"taxonomy":"post_tag","embeddable":true,"href":"https:\/\/fondationrivieres.org\/en\/wp-json\/wp\/v2\/tags?post=55344"}],"curies":[{"name":"wp","href":"https:\/\/api.w.org\/{rel}","templated":true}]}}