{"id":53225,"date":"2023-02-21T10:28:00","date_gmt":"2023-02-21T15:28:00","guid":{"rendered":"https:\/\/fondationrivieres.org\/?p=53225"},"modified":"2023-03-07T11:19:17","modified_gmt":"2023-03-07T16:19:17","slug":"lac-bloom-federal-decision-exiger-solution-rechange-sauver-lacs-condamnes-poubelles-dechets-miniers","status":"publish","type":"post","link":"https:\/\/fondationrivieres.org\/en\/lac-bloom-federal-decision-exiger-solution-rechange-sauver-lacs-condamnes-poubelles-dechets-miniers\/","title":{"rendered":"Bloom Lake: the federal government urged not to rush a decision and to demand an alternative solution to save lakes condemned to becoming mining waste bins"},"content":{"rendered":"\n<p class=\"has-text-align-right\"><strong>COMMUNIQU\u00c9 DE PRESSE<\/strong><br>POUR DIFFUSION IMM\u00c9DIATE <\/p>\n\n\n\n<p><strong>Sept-\u00celes, Qu\u00e9bec, Montr\u00e9al \u2013 21 f\u00e9vrier 2023.&nbsp;<\/strong>Sans remettre en cause l\u2019importance de la mine du Lac Bloom pour la ville de Fermont et les communaut\u00e9s innues, onze organismes r\u00e9gionaux et nationaux ainsi que trois personnes de Mani-utenam et de Moisie demandent d\u2019une m\u00eame voix au ministre f\u00e9d\u00e9ral de l\u2019environnement Steven Guilbeault de ne pas autoriser la destruction des lacs pour stocker des r\u00e9sidus et st\u00e9riles miniers \u00e0 Fermont, tel que propos\u00e9 par Minerai de fer Qu\u00e9bec (MFQ). Ils demandent plut\u00f4t au gouvernement f\u00e9d\u00e9ral d\u2019exiger la mise en place d\u2019une solution de rechange qui minimise l\u2019empreinte environnementale en \u00e9pargnant les lacs menac\u00e9s. Ils demandent \u00e9galement que la d\u00e9cision du f\u00e9d\u00e9ral soit suspendue le temps qu\u2019une demande d\u2019acc\u00e8s \u00e0 l\u2019information cruciale soit trait\u00e9e. Cette demande survient la veille de l\u2019ouverture des&nbsp;<a href=\"https:\/\/www.canada.ca\/fr\/environnement-changement-climatique\/organisation\/transparence\/consultations\/projet-lac-bloom.html\" target=\"_blank\" rel=\"noreferrer noopener\">consultations publiques<\/a>&nbsp;d\u2019Environnement et Changement climatique Canada (ECCC) sur l\u2019\u00e9valuation f\u00e9d\u00e9rale des solutions de rechange et sur le plan compensatoire de l\u2019habitat du poisson concernant le projet d\u2019agrandissement de la mine du lac Bloom qui se tiendront les 21 et 23 f\u00e9vrier, respectivement \u00e0 Fermont puis \u00e0 Sept-\u00celes en offrant la participation \u00e0 distance.&nbsp;<\/p>\n\n\n\n<p>Les organismes, Laura Fontaine, Marc Fafard et Danielle Descent condamnent que la consultation se penche sur le plan compensatoire sur la perte \u00e9ventuelle de l\u2019habitat du poisson alors que la Commission d\u2019enqu\u00eate du Bureau d\u2019audiences publiques sur l\u2019environnement (BAPE) estimait il y a deux ans que MFQ pouvait et devrait d\u00e9velopper une solution de rechange permettant d\u2019\u00e9viter la destruction des lacs.<\/p>\n\n\n\n<p>Ensemble, ils appellent ECCC \u00e0 ne pas c\u00e9der devant l\u2019argument \u00e9conomique du promoteur qui justifie son plan de ne pas remblayer la fosse. Tout projet minier devrait remettre dans la fosse ses d\u00e9chets miniers, conform\u00e9ment au principe inscrit dans la&nbsp;<a href=\"https:\/\/www.legisquebec.gouv.qc.ca\/fr\/document\/lc\/M-13.1?&amp;cible=\" target=\"_blank\" rel=\"noreferrer noopener\">Loi sur les mines<\/a>&nbsp;\u00e0 l\u2019article 232.3.&nbsp;<\/p>\n\n\n\n<p>Le Minist\u00e8re des Ressources naturelles et des For\u00eats (MRNF) a \u00e9mis un avis statuant que le promoteur n\u2019a pas \u00e0 \u00e9tablir un plan de minage \u00e0 long terme dans lequel la rentabilit\u00e9 du potentiel min\u00e9ral situ\u00e9 sous la fosse serait d\u00e9montr\u00e9e. Cet avis a fortement encourag\u00e9 le Minist\u00e8re de l\u2019Environnement et de la Lutte contre les Changements climatiques \u00e0 autoriser la destruction des lacs contre l\u2019avis du BAPE. Pourtant, le MRNF refuse de d\u00e9voiler les fondements justificatifs de l\u2019avis qu\u2019il a \u00e9mis, et ce, en d\u00e9pit d\u2019une demande d\u2019acc\u00e8s \u00e0 l\u2019information lui ayant \u00e9t\u00e9 adress\u00e9e le 25 novembre 2022 par Fondation Rivi\u00e8res. Ces informations sont n\u00e9anmoins d\u00e9terminantes pour que ECCC et la population consult\u00e9e se prononcent sur le bien-fond\u00e9 des solutions de rechange et m\u00eame des plans compensatoires propos\u00e9s par le promoteur. D\u2019o\u00f9 la demande de suspendre la d\u00e9cision d\u2019ECCC le temps de recevoir ces informations.&nbsp;<\/p>\n\n\n\n<p><strong>Au soutien de leur demande, notons :<\/strong><\/p>\n\n\n\n<ul class=\"wp-block-list\">\n<li><strong>La d\u00e9cision du gouvernement du Qu\u00e9bec de sacrifier les lacs a \u00e9t\u00e9 prise contre l\u2019avis du BAPE \u2013<\/strong>&nbsp; Dans son&nbsp;<a href=\"https:\/\/www.bape.gouv.qc.ca\/fr\/dossiers\/projet-augment-entrepos-residus-steriles-mine-lac-bloom\/\" target=\"_blank\" rel=\"noreferrer noopener\">rapport<\/a>, \u00ab la commission d\u2019enqu\u00eate est d\u2019avis que l\u2019initiateur n\u2019a pas fait la d\u00e9monstration que les solutions retenues pour la gestion des rejets miniers sont celles qui minimisent les impacts sur les milieux humides et hydriques [\u2026]. En cons\u00e9quence, la commission recommande que le projet ne soit pas autoris\u00e9 tel que pr\u00e9sent\u00e9. \u00bb<\/li>\n\n\n\n<li><strong>Pas d\u2019acceptabilit\u00e9 sociale pour la destruction des lacs et milieux naturels pour entreposer des d\u00e9chets miniers \u2013<\/strong>&nbsp;Un r\u00e9cent <a href=\"https:\/\/leger360.com\/fr\/sondages\/lindustrie-miniere-au-quebec-3-aout\/\" target=\"_blank\" rel=\"noreferrer noopener\">sondage L\u00e9ger<\/a>&nbsp;indique que pr\u00e8s de neuf personnes sur 10 au Qu\u00e9bec (89%) se disent en faveur d\u2019\u00ab interdire le rejet de d\u00e9chets miniers dans tout lac, rivi\u00e8re ou milieu \u00e9cologique sensible \u00bb.<\/li>\n\n\n\n<li><strong>Des milliers de personnes demandent \u00e0 Qu\u00e9bec de renverser sa d\u00e9cision et d\u2019adopter un r\u00e8glement pour interdire la destruction de lacs par d\u00e9versement de d\u00e9chets miniers \u2013<\/strong>&nbsp;\u00c0 ce jour, 4212 personnes ont sign\u00e9 une&nbsp;<a href=\"https:\/\/eausecours.org\/agir\/fr-petition-mine-bloom\/\" target=\"_blank\" rel=\"noreferrer noopener\">p\u00e9tition<\/a>&nbsp;demandant au gouvernement du Qu\u00e9bec de r\u00e9voquer l\u2019autorisation accord\u00e9e \u00e0 MFQ de d\u00e9truire huit lacs pour y d\u00e9verser ses d\u00e9chets miniers et d\u2019adopter un r\u00e8glement interdisant clairement cette pratique. La p\u00e9tition est une initiative des organismes Eau Secours et de la Coalition Qu\u00e9bec meilleure mine et demeure ouverte aux signatures.&nbsp;<\/li>\n<\/ul>\n\n\n\n<h3 class=\"wp-block-heading\">Rappels :&nbsp;<\/h3>\n\n\n\n<ul class=\"wp-block-list\">\n<li>La mine de fer du lac Bloom est l\u2019actuelle propri\u00e9t\u00e9 de Minerai de Fer Qu\u00e9bec, une filiale de la multinationale australienne Champion Iron. Il s\u2019agit d\u2019une immense mine de fer \u00e0 ciel ouvert situ\u00e9e sur le Nitassinan dans la r\u00e9gion administrative de la C\u00f4te-Nord pr\u00e8s de Fermont.&nbsp;<\/li>\n\n\n\n<li>Lors de son lancement en 2008, le projet devait \u00eatre relativement d\u2019une petite dimension. \u00c0 coup de d\u00e9crets et de promesses non tenues qu\u2019il n\u2019y aurait pas d\u2019agrandissements additionnels, les promoteurs pass\u00e9s et actuel ont d\u00e9velopp\u00e9 une m\u00e9ga-mine visant l\u2019extraction de 16 000 000 tonnes de minerai de fer par an sans proc\u00e9der \u00e0 une \u00e9valuation globale des impacts du projet.&nbsp;<\/li>\n\n\n\n<li>Une telle croissance r\u00e9alis\u00e9e sans planification ni consultations ad\u00e9quates pr\u00e9alables a permis au promoteur de g\u00e9n\u00e9rer d\u00e9sormais des centaines de millions de tonnes de d\u00e9chets miniers qui le poussent maintenant \u00e0 vouloir sacrifier huit lacs pour les entreposer.<\/li>\n\n\n\n<li>Les analyses r\u00e9alis\u00e9es dans le cadre du BAPE ont d\u00e9montr\u00e9 que le potentiel min\u00e9ral que cherche \u00e0 pr\u00e9server le promoteur n\u2019a pas \u00e9t\u00e9 quantifi\u00e9 dans un rapport technique officiel. Ces r\u00e9serves&nbsp;<em>potentielles<\/em>&nbsp;seraient par ailleurs issues de gisements dont la teneur est relativement faible, comparativement au gisement principal, et leur rentabilit\u00e9 s\u2019appuierait sur des pr\u00e9visions \u00e9conomiques peu conservatrices.&nbsp;<\/li>\n<\/ul>\n\n\n\n<p class=\"has-text-align-center\">-30-<\/p>\n\n\n\n<h3 class=\"wp-block-heading\"><strong>Pour information<\/strong><\/h3>\n\n\n\n<p>Marc Fafard, citoyen de Moisie, 418-961-3517&nbsp;<\/p>\n\n\n\n<p>R\u00e9becca P\u00e9trin, Eau Secours, 514-246-9075<\/p>\n\n\n\n<p>Andr\u00e9 B\u00e9langer, Fondation Rivi\u00e8res, 514-272-2666, poste 301<\/p>\n\n\n\n<p>Rodrigue Turgeon, Coalition Qu\u00e9bec meilleure mine et MiningWatch Canada, 819-444-9226&nbsp;<\/p>\n\n\n\n<h3 class=\"wp-block-heading\"><strong>Signataires<\/strong><\/h3>\n\n\n\n<ul class=\"wp-block-list\">\n<li>Action bor\u00e9ale<\/li>\n\n\n\n<li>Association qu\u00e9b\u00e9coise des m\u00e9decins pour l\u2019environnement (AQME)<\/li>\n\n\n\n<li>Centre de recherche en \u00e9ducation et formation relatives \u00e0 l\u2019environnement (UQAM)<\/li>\n\n\n\n<li>Coalition Qu\u00e9bec meilleure mine<\/li>\n\n\n\n<li>Danielle Descent, Mani-utenam<\/li>\n\n\n\n<li>Eau Secours&nbsp;<\/li>\n\n\n\n<li>Fondation Rivi\u00e8res<\/li>\n\n\n\n<li>Laura Fontaine, Innue de Mani-utenam<\/li>\n\n\n\n<li>Marc Fafard, citoyen de Moisie et porte-parole Sept-\u00celes sans uranium<\/li>\n\n\n\n<li>M\u00e8res au front&nbsp;<\/li>\n\n\n\n<li>MiningWatch Canada<\/li>\n\n\n\n<li>Nature Qu\u00e9bec<\/li>\n\n\n\n<li>Organisme de bassin versant Manicouagan<\/li>\n\n\n\n<li>Regroupement Vigilance Mines de l\u2019Abitibi et du T\u00e9miscamingue (REVIMAT)<\/li>\n\n\n\n<li>R\u00e9seau qu\u00e9b\u00e9cois des groupes \u00e9cologistes<\/li>\n<\/ul>\n\n\n\n<h3 class=\"wp-block-heading\"><strong>Citations<\/strong><\/h3>\n\n\n\n<p><em>\u00ab Avec son immense mine \u00e0 ciel ouvert sur la ligne de partage des eaux, on est loin du petit projet acceptable qu\u2019on nous pr\u00e9sentait dans les d\u00e9buts. Avant de songer \u00e0 compenser, le f\u00e9d\u00e9ral doit peser de tout son poids pour limiter la destruction des lacs et l\u2019entreposage de d\u00e9chets dans le bassin versant de la rivi\u00e8re Moisie. Si \u00e7a doit se faire, la compensation devra \u00eatre locale, dans les bassins versants impact\u00e9s. C\u2019est d\u2019autant plus vrai que des solutions de rechange existent et permettraient d\u2019\u00e9viter le seul recours \u00e0 cette compensation dont la port\u00e9e ne se limitera qu\u2019aux pertes nettes de milieux naturels et ne tiendra pas suffisamment compte des impacts cumulatifs \u00e0 long terme.\u00bb&nbsp;<\/em><strong>\u2013 Marc Fafard, citoyen et porte-parole de Sept-\u00celes sans uranium<\/strong><\/p>\n\n\n\n<p><em>\u00ab Face \u00e0 l\u2019urgence climatique et l\u2019effondrement de la biodiversit\u00e9, les gouvernements doivent prioriser les d\u00e9cisions qui auront le moins d\u2019impacts sur l\u2019eau et l\u2019environnement pour \u00e9viter de refiler la dette de nos exc\u00e8s aux g\u00e9n\u00e9rations futures \u00bb <\/em>\u2013&nbsp;<strong>R\u00e9becca P\u00e9trin, directrice g\u00e9n\u00e9rale d\u2019Eau Secours<\/strong><\/p>\n\n\n\n<p><em>\u00ab Le rapport du BAPE est clair et il s\u2019appuie sur des avis d\u2019experts. Le gouvernement f\u00e9d\u00e9ral doit en tenir compte \u00bb <\/em>\u2013&nbsp;<strong>Andr\u00e9 B\u00e9langer, directeur g\u00e9n\u00e9ral de la Fondation Rivi\u00e8res<\/strong><\/p>\n\n\n\n<p><em>\u00ab Avant d\u2019avoir \u00e9puis\u00e9 tous les sc\u00e9narios de rechange, il ne sera jamais trop tard pour \u00e9pargner les lacs et sauver l\u2019\u00e2me du territoire et celles de toutes les personnes qui croient encore que sauver la plan\u00e8te ne rime pas avec la d\u00e9truire \u00bb<\/em> \u2013&nbsp;<strong>Rodrigue Turgeon, porte-parole de la coalition Qu\u00e9bec meilleure mine et de MiningWatch Canada<\/strong><\/p>\n\n\n\n<p><em>\u00ab La volont\u00e9 populaire est unanime, qu\u2019elle soit exprim\u00e9e en audience publique, par les groupes \u00e9cologistes, les communaut\u00e9s locales ou via des p\u00e9titions nationales : nous ne voulons pas que nos lacs deviennent des d\u00e9potoirs miniers.&nbsp;\u00bb <\/em>\u2013&nbsp;&nbsp;<strong>Chantal Levert R\u00e9seau qu\u00e9b\u00e9cois des groupes \u00e9cologistes<\/strong><\/p>\n\n\n\n<p><em>\u00ab Le plan de sacrifier des lacs pour maximiser les profits d\u2019une compagnie mini\u00e8re, ce n\u2019est pas de la transition, mais de la r\u00e9gression. La vieille histoire de la destruction incontr\u00f4l\u00e9e de l\u2019environnement au nom de l\u2019\u00e9conomie doit finir maintenant.\u00bb<\/em> \u2013&nbsp;<strong>Cyril Frazao, Nature Qu\u00e9bec<\/strong><\/p>\n\n\n\n<p><em>\u00ab On n\u2019est plus au XIXe si\u00e8cle. Ouvrir des mines et les exploiter pour r\u00e9pondre aux besoins de la consommation humaine, dans le respect de l\u2019environnement et des populations, \u00e7a peut encore aller. Mais sacrifier \u00e0 jamais des lacs pour y entreposer des d\u00e9chets miniers et, aux diff\u00e9rents paliers gouvernementaux, permettre ce type de pratiques dignes d\u2019un Western o\u00f9 la loi n\u2019avait pas encore \u00e9t\u00e9 \u00e9crite, c\u2019est tout simplement inconcevable. Il est temps de mettre fin au syndrome du \u00ab Pas Dans Ma Fosse \u00bb. Champion Iron a l\u2019option de remblayer sa cochonnerie dans son propre trou : qu\u2019elle le fasse.<\/em>&nbsp;<em>\u00bb <\/em>\u2013&nbsp;<strong>Henri Jacob, pr\u00e9sident de l\u2019Action Bor\u00e9ale<\/strong><\/p>\n\n\n\n<p><em>\u00ab La r\u00e9alit\u00e9 est critique. Nous vivons un boom minier au Qu\u00e9bec. Il est maintenant bien d\u00e9montr\u00e9 \u00e0 quel point l\u2019escalade de d\u00e9veloppements industriels extractifs sont porteurs d\u2019impacts n\u00e9gatifs multiples pour l\u2019environnement et pour la sant\u00e9 des personnes \u00e0 court, moyen et long terme, malgr\u00e9 le discours de contribution au d\u00e9veloppement. Nous faisons actuellement face \u00e0 une crise socio-\u00e9cologique majeure et \u00e0 des bouleversements climatiques extr\u00eamement graves qui arrivent \u00e0 un point de non-retour, justement entre autres \u00e0 cause de ce type de d\u00e9veloppements industriels qui se multiplient sans cesse. Est-ce qu\u2019il faut continuer \u00e0 accepter ces r\u00e9alit\u00e9s comme une fatalit\u00e9 face auxquelles nous avons l\u2019obligation de trouver des accommodements ? Aussi, est-il possible de \u00abcompenser\u00bb la destruction d\u2019un habitat, un milieu naturel plein de vie, riche en biodiversit\u00e9 et qui est important pour les communaut\u00e9s de la r\u00e9gion? La transformation d\u2019un lac, d\u2019une rivi\u00e8re ou d\u2019autre milieu sensible en d\u00e9potoir de d\u00e9chets toxiques et par cons\u00e9quent en source de risques et de menaces \u00e0 la sant\u00e9 du milieu et de la population peut-elle \u00eatre compens\u00e9e? S\u2019agit-il d\u2019une solution ? Pour qui? \u00bb \u2013&nbsp;<\/em><strong>Isabel Orellana, directrice, Centre de recherche en \u00e9ducation relative \u00e0 l\u2019environnement et \u00e0 l\u2019\u00e9cocitoyennet\u00e9, UQAM.<\/strong><\/p>\n","protected":false},"excerpt":{"rendered":"<p>Press release \u2013 Eleven regional and national organizations as well as three people from Mani-utenam and Moisie jointly ask Federal Minister of the Environment Steven Guilbeault not to authorize the destruction of lakes to store mining residues and waste rock. in Fermont, as proposed by Ore de fer Qu\u00e9bec (MFQ).<\/p>","protected":false},"author":1,"featured_media":53226,"comment_status":"closed","ping_status":"open","sticky":false,"template":"","format":"standard","meta":{"footnotes":""},"categories":[5],"tags":[21,61,67,68],"class_list":["post-53225","post","type-post","status-publish","format-standard","has-post-thumbnail","hentry","category-communiques","tag-bape","tag-lac-bloom","tag-mine","tag-mine-du-lac-bloom"],"_links":{"self":[{"href":"https:\/\/fondationrivieres.org\/en\/wp-json\/wp\/v2\/posts\/53225","targetHints":{"allow":["GET"]}}],"collection":[{"href":"https:\/\/fondationrivieres.org\/en\/wp-json\/wp\/v2\/posts"}],"about":[{"href":"https:\/\/fondationrivieres.org\/en\/wp-json\/wp\/v2\/types\/post"}],"author":[{"embeddable":true,"href":"https:\/\/fondationrivieres.org\/en\/wp-json\/wp\/v2\/users\/1"}],"replies":[{"embeddable":true,"href":"https:\/\/fondationrivieres.org\/en\/wp-json\/wp\/v2\/comments?post=53225"}],"version-history":[{"count":0,"href":"https:\/\/fondationrivieres.org\/en\/wp-json\/wp\/v2\/posts\/53225\/revisions"}],"wp:featuredmedia":[{"embeddable":true,"href":"https:\/\/fondationrivieres.org\/en\/wp-json\/wp\/v2\/media\/53226"}],"wp:attachment":[{"href":"https:\/\/fondationrivieres.org\/en\/wp-json\/wp\/v2\/media?parent=53225"}],"wp:term":[{"taxonomy":"category","embeddable":true,"href":"https:\/\/fondationrivieres.org\/en\/wp-json\/wp\/v2\/categories?post=53225"},{"taxonomy":"post_tag","embeddable":true,"href":"https:\/\/fondationrivieres.org\/en\/wp-json\/wp\/v2\/tags?post=53225"}],"curies":[{"name":"wp","href":"https:\/\/api.w.org\/{rel}","templated":true}]}}