{"id":51494,"date":"2022-12-22T10:29:20","date_gmt":"2022-12-22T15:29:20","guid":{"rendered":"https:\/\/fondationrivieres.org\/?p=51494"},"modified":"2023-02-17T14:10:31","modified_gmt":"2023-02-17T19:10:31","slug":"hydro-quebec-mise-tout-sur-leolien-lepiphanie-du-ministre-fitzgibbon","status":"publish","type":"post","link":"https:\/\/fondationrivieres.org\/en\/hydro-quebec-mise-tout-sur-leolien-lepiphanie-du-ministre-fitzgibbon\/","title":{"rendered":"Hydro-Qu\u00e9bec is betting everything on wind power: Minister Fitzgibbon&#039;s epiphany"},"content":{"rendered":"<div data-elementor-type=\"wp-post\" data-elementor-id=\"51494\" class=\"elementor elementor-51494\" data-elementor-post-type=\"post\">\n\t\t\t\t\t\t<section class=\"elementor-section elementor-top-section elementor-element elementor-element-da319fa elementor-section-boxed elementor-section-height-default elementor-section-height-default\" data-id=\"da319fa\" data-element_type=\"section\" data-e-type=\"section\" data-settings=\"{&quot;jet_parallax_layout_list&quot;:[]}\">\n\t\t\t\t\t\t<div class=\"elementor-container elementor-column-gap-default\">\n\t\t\t\t\t<div class=\"elementor-column elementor-col-100 elementor-top-column elementor-element elementor-element-12ff087\" data-id=\"12ff087\" data-element_type=\"column\" data-e-type=\"column\">\n\t\t\t<div class=\"elementor-widget-wrap elementor-element-populated\">\n\t\t\t\t\t\t<div class=\"elementor-element elementor-element-a35ae4d elementor-widget elementor-widget-text-editor\" data-id=\"a35ae4d\" data-element_type=\"widget\" data-e-type=\"widget\" data-widget_type=\"text-editor.default\">\n\t\t\t\t<div class=\"elementor-widget-container\">\n\t\t\t\t\t\t\t\t\t<h2>Victory: Hydro-Qu\u00e9bec will close the door to any hydroelectric production project in its next call for tenders<\/h2><p>This call for tenders will make it possible to increase electricity production by 4,000 MW or 10 % during the winter peak period and it will come from wind energy only. All other sectors such as small hydroelectric plants, biomass or solar power have been abandoned for the moment.<\/p><h3>Our wish granted<\/h3><p>This was announced on December 19 by the Minister of the Economy, Innovation and Energy, Pierre Fitzgibbon. And this is exactly what we had defended three days earlier in front of<strong> <a href=\"https:\/\/drive.google.com\/file\/d\/1LUTCqklnySOJcYa5q4oJ3JCSim27-n8i\/view?usp=share_link\" target=\"_blank\" rel=\"noopener\">the Energy Authority<\/a><\/strong> through our partner, <strong><a href=\"https:\/\/www.roee.ca\/\" target=\"_blank\" rel=\"noopener\">the Grouping of Environmental Energy Organizations (ROEE)<\/a><\/strong>.<\/p><p>Minister Fitzgibbon therefore had his epiphany (it&#039;s in season...) and he took note of what <strong><a href=\"https:\/\/www.dunsky.com\/dunsky-advises-government-of-quebec-on-pathways-to-achieve-climate-targets\/\" target=\"_blank\" rel=\"noopener\">all experts<\/a><\/strong> have been repeating for several years: the wind potential in Quebec is immense and inexpensive compared to hydroelectricity. It is first of all through this means that we will be able to achieve our carbon neutrality objectives for 2050.<\/p><p>Better: the minister <strong><a href=\"https:\/\/nouvelles.hydroquebec.com\/fr\/communiques-de-presse\/1907\/une-nouvelle-strategie-pour-assurer-le-developpement-du-plein-potentiel-eolien-du-quebec\/\" target=\"_blank\" rel=\"noopener\">asked Hydro-Qu\u00e9bec<\/a><\/strong> to coordinate the establishment of future wind farms in areas where it will be possible to connect them to the Hydro-Qu\u00e9bec transmission network more quickly and at reasonable costs. This is what we recommended in our <strong><a href=\"https:\/\/drive.google.com\/file\/d\/1eOQsBu-xAutneRdLLCXkuWkv6JqmzTW8\/view?usp=share_link\" target=\"_blank\" rel=\"noopener\">brief submitted to the BAPE<\/a><\/strong> during the study of the La Romaine project in\u2026 2009!<\/p>\t\t\t\t\t\t\t\t<\/div>\n\t\t\t\t<\/div>\n\t\t\t\t\t<\/div>\n\t\t<\/div>\n\t\t\t\t\t<\/div>\n\t\t<\/section>\n\t\t\t\t<section class=\"elementor-section elementor-top-section elementor-element elementor-element-e087f12 elementor-section-boxed elementor-section-height-default elementor-section-height-default\" data-id=\"e087f12\" data-element_type=\"section\" data-e-type=\"section\" data-settings=\"{&quot;jet_parallax_layout_list&quot;:[]}\">\n\t\t\t\t\t\t<div class=\"elementor-container elementor-column-gap-default\">\n\t\t\t\t\t<div class=\"elementor-column elementor-col-100 elementor-top-column elementor-element elementor-element-d75ee68\" data-id=\"d75ee68\" data-element_type=\"column\" data-e-type=\"column\">\n\t\t\t<div class=\"elementor-widget-wrap elementor-element-populated\">\n\t\t\t\t\t\t<div class=\"elementor-element elementor-element-83d1efd elementor-widget elementor-widget-image\" data-id=\"83d1efd\" data-element_type=\"widget\" data-e-type=\"widget\" data-widget_type=\"image.default\">\n\t\t\t\t<div class=\"elementor-widget-container\">\n\t\t\t\t\t\t\t\t\t\t\t\t<figure class=\"wp-caption\">\n\t\t\t\t\t\t\t\t\t\t<img fetchpriority=\"high\" decoding=\"async\" width=\"800\" height=\"600\" src=\"https:\/\/fondationrivieres.org\/wp-content\/uploads\/2022\/12\/Riviere-Romaine-Alliance-Romaine-Credit-Le-Nord-Cotier-1024x768.jpg\" class=\"attachment-large size-large wp-image-51497\" alt=\"Rivi\u00e8re la Romaine Barrage - Alliance Romaine - Cr\u00e9dit le Nord Cotier - Hydro\u00e9lectricit\u00e9\" srcset=\"https:\/\/fondationrivieres.org\/wp-content\/uploads\/2022\/12\/Riviere-Romaine-Alliance-Romaine-Credit-Le-Nord-Cotier-1024x768.jpg 1024w, https:\/\/fondationrivieres.org\/wp-content\/uploads\/2022\/12\/Riviere-Romaine-Alliance-Romaine-Credit-Le-Nord-Cotier-300x225.jpg 300w, https:\/\/fondationrivieres.org\/wp-content\/uploads\/2022\/12\/Riviere-Romaine-Alliance-Romaine-Credit-Le-Nord-Cotier-768x576.jpg 768w, https:\/\/fondationrivieres.org\/wp-content\/uploads\/2022\/12\/Riviere-Romaine-Alliance-Romaine-Credit-Le-Nord-Cotier-16x12.jpg 16w, https:\/\/fondationrivieres.org\/wp-content\/uploads\/2022\/12\/Riviere-Romaine-Alliance-Romaine-Credit-Le-Nord-Cotier.jpg 1320w\" sizes=\"(max-width: 800px) 100vw, 800px\" \/>\t\t\t\t\t\t\t\t\t\t\t<figcaption class=\"widget-image-caption wp-caption-text\">La Romaine - Photo credit: Le Nord-C\u00f4tier\n<\/figcaption>\n\t\t\t\t\t\t\t\t\t\t<\/figure>\n\t\t\t\t\t\t\t\t\t<\/div>\n\t\t\t\t<\/div>\n\t\t\t\t\t<\/div>\n\t\t<\/div>\n\t\t\t\t\t<\/div>\n\t\t<\/section>\n\t\t\t\t<section class=\"elementor-section elementor-top-section elementor-element elementor-element-11e6555 elementor-section-boxed elementor-section-height-default elementor-section-height-default\" data-id=\"11e6555\" data-element_type=\"section\" data-e-type=\"section\" data-settings=\"{&quot;jet_parallax_layout_list&quot;:[]}\">\n\t\t\t\t\t\t<div class=\"elementor-container elementor-column-gap-default\">\n\t\t\t\t\t<div class=\"elementor-column elementor-col-100 elementor-top-column elementor-element elementor-element-17e81fe\" data-id=\"17e81fe\" data-element_type=\"column\" data-e-type=\"column\">\n\t\t\t<div class=\"elementor-widget-wrap elementor-element-populated\">\n\t\t\t\t\t\t<div class=\"elementor-element elementor-element-ac631aa elementor-widget elementor-widget-text-editor\" data-id=\"ac631aa\" data-element_type=\"widget\" data-e-type=\"widget\" data-widget_type=\"text-editor.default\">\n\t\t\t\t<div class=\"elementor-widget-container\">\n\t\t\t\t\t\t\t\t\t<p>Basically, Hydro-Qu\u00e9bec will have to map the territory and identify the areas most suitable for installing wind turbines. This will be an opportunity for us to demand that environmental criteria be included such as the areas to be deforested, the quality of these woodlands, the biodiversity of coveted places, the length of access roads, the protection of landscapes and the distance from residences. Environmental and social acceptability go hand in hand: this is what we defended before the Energy Authority and this is what we will defend in 2023.<\/p><p>This government decision allows us to obtain a short-term reprieve, but we have not won the battle. Against and against the advice of all experts, Prime Minister Legault is still convinced that dams will have to be built to meet the demand for electricity. And energy sobriety is still not seriously put forward.<\/p><p><strong><a href=\"https:\/\/fondationrivieres.org\/en\/impliquez-vous\/\">With your help<\/a>, we will do everything to make him listen to reason.\u00a0<\/strong><\/p>\t\t\t\t\t\t\t\t<\/div>\n\t\t\t\t<\/div>\n\t\t\t\t\t<\/div>\n\t\t<\/div>\n\t\t\t\t\t<\/div>\n\t\t<\/section>\n\t\t\t\t<section class=\"elementor-section elementor-top-section elementor-element elementor-element-c58ce71 elementor-section-boxed elementor-section-height-default elementor-section-height-default\" data-id=\"c58ce71\" data-element_type=\"section\" data-e-type=\"section\" data-settings=\"{&quot;jet_parallax_layout_list&quot;:[]}\">\n\t\t\t\t\t\t<div class=\"elementor-container elementor-column-gap-default\">\n\t\t\t\t\t<div class=\"elementor-column elementor-col-100 elementor-top-column elementor-element elementor-element-2c1f006\" data-id=\"2c1f006\" data-element_type=\"column\" data-e-type=\"column\">\n\t\t\t<div class=\"elementor-widget-wrap elementor-element-populated\">\n\t\t\t\t\t\t<div class=\"elementor-element elementor-element-be71a74 elementor-align-center elementor-widget elementor-widget-button\" data-id=\"be71a74\" data-element_type=\"widget\" data-e-type=\"widget\" data-widget_type=\"button.default\">\n\t\t\t\t<div class=\"elementor-widget-container\">\n\t\t\t\t\t\t\t\t\t<div class=\"elementor-button-wrapper\">\n\t\t\t\t\t<a class=\"elementor-button elementor-button-link elementor-size-xl\" href=\"https:\/\/fondationrivieres.org\/en\/impliquez-vous\/faites-un-don\/\">\n\t\t\t\t\t\t<span class=\"elementor-button-content-wrapper\">\n\t\t\t\t\t\t\t\t\t<span class=\"elementor-button-text\">Make a donation to Fondation Rivi\u00e8res<\/span>\n\t\t\t\t\t<\/span>\n\t\t\t\t\t<\/a>\n\t\t\t\t<\/div>\n\t\t\t\t\t\t\t\t<\/div>\n\t\t\t\t<\/div>\n\t\t\t\t<div class=\"elementor-element elementor-element-baa7ff2 elementor-widget elementor-widget-spacer\" data-id=\"baa7ff2\" data-element_type=\"widget\" data-e-type=\"widget\" data-widget_type=\"spacer.default\">\n\t\t\t\t<div class=\"elementor-widget-container\">\n\t\t\t\t\t\t\t<div class=\"elementor-spacer\">\n\t\t\t<div class=\"elementor-spacer-inner\"><\/div>\n\t\t<\/div>\n\t\t\t\t\t\t<\/div>\n\t\t\t\t<\/div>\n\t\t\t\t\t<\/div>\n\t\t<\/div>\n\t\t\t\t\t<\/div>\n\t\t<\/section>\n\t\t\t\t<section class=\"elementor-section elementor-top-section elementor-element elementor-element-43cc843 elementor-section-boxed elementor-section-height-default elementor-section-height-default\" data-id=\"43cc843\" data-element_type=\"section\" data-e-type=\"section\" data-settings=\"{&quot;jet_parallax_layout_list&quot;:[]}\">\n\t\t\t\t\t\t<div class=\"elementor-container elementor-column-gap-default\">\n\t\t\t\t\t<div class=\"elementor-column elementor-col-100 elementor-top-column elementor-element elementor-element-6d18b64\" data-id=\"6d18b64\" data-element_type=\"column\" data-e-type=\"column\">\n\t\t\t<div class=\"elementor-widget-wrap elementor-element-populated\">\n\t\t\t\t\t\t<div class=\"elementor-element elementor-element-c8109bc elementor-align-center elementor-widget elementor-widget-button\" data-id=\"c8109bc\" data-element_type=\"widget\" data-e-type=\"widget\" data-widget_type=\"button.default\">\n\t\t\t\t<div class=\"elementor-widget-container\">\n\t\t\t\t\t\t\t\t\t<div class=\"elementor-button-wrapper\">\n\t\t\t\t\t<a class=\"elementor-button elementor-button-link elementor-size-xl\" href=\"https:\/\/fondationrivieres.org\/en\/impliquez-vous\/devenez-membre\/\">\n\t\t\t\t\t\t<span class=\"elementor-button-content-wrapper\">\n\t\t\t\t\t\t\t\t\t<span class=\"elementor-button-text\">Become a member of Fondation Rivi\u00e8res<\/span>\n\t\t\t\t\t<\/span>\n\t\t\t\t\t<\/a>\n\t\t\t\t<\/div>\n\t\t\t\t\t\t\t\t<\/div>\n\t\t\t\t<\/div>\n\t\t\t\t\t<\/div>\n\t\t<\/div>\n\t\t\t\t\t<\/div>\n\t\t<\/section>\n\t\t\t\t<\/div>","protected":false},"excerpt":{"rendered":"<p>Victory: Hydro-Qu\u00e9bec will close the door to any hydroelectric production project in its next call for tenders. This call for tenders will make it possible to increase electricity production by 4,000 MW or 10 % during the winter peak period and it will come from wind energy only. <\/p>","protected":false},"author":2,"featured_media":51495,"comment_status":"closed","ping_status":"open","sticky":false,"template":"","format":"standard","meta":{"footnotes":""},"categories":[3],"tags":[47,56,57],"class_list":["post-51494","post","type-post","status-publish","format-standard","has-post-thumbnail","hentry","category-actualites","tag-energie","tag-hydro-quebec","tag-hydroelectricite"],"_links":{"self":[{"href":"https:\/\/fondationrivieres.org\/en\/wp-json\/wp\/v2\/posts\/51494","targetHints":{"allow":["GET"]}}],"collection":[{"href":"https:\/\/fondationrivieres.org\/en\/wp-json\/wp\/v2\/posts"}],"about":[{"href":"https:\/\/fondationrivieres.org\/en\/wp-json\/wp\/v2\/types\/post"}],"author":[{"embeddable":true,"href":"https:\/\/fondationrivieres.org\/en\/wp-json\/wp\/v2\/users\/2"}],"replies":[{"embeddable":true,"href":"https:\/\/fondationrivieres.org\/en\/wp-json\/wp\/v2\/comments?post=51494"}],"version-history":[{"count":0,"href":"https:\/\/fondationrivieres.org\/en\/wp-json\/wp\/v2\/posts\/51494\/revisions"}],"wp:featuredmedia":[{"embeddable":true,"href":"https:\/\/fondationrivieres.org\/en\/wp-json\/wp\/v2\/media\/51495"}],"wp:attachment":[{"href":"https:\/\/fondationrivieres.org\/en\/wp-json\/wp\/v2\/media?parent=51494"}],"wp:term":[{"taxonomy":"category","embeddable":true,"href":"https:\/\/fondationrivieres.org\/en\/wp-json\/wp\/v2\/categories?post=51494"},{"taxonomy":"post_tag","embeddable":true,"href":"https:\/\/fondationrivieres.org\/en\/wp-json\/wp\/v2\/tags?post=51494"}],"curies":[{"name":"wp","href":"https:\/\/api.w.org\/{rel}","templated":true}]}}