{"id":50918,"date":"2022-12-02T17:35:22","date_gmt":"2022-12-02T22:35:22","guid":{"rendered":"https:\/\/fondationrivieres.org\/?p=50918"},"modified":"2023-08-16T12:59:54","modified_gmt":"2023-08-16T16:59:54","slug":"cop15-berges-laval","status":"publish","type":"post","link":"https:\/\/fondationrivieres.org\/en\/cop15-berges-laval\/","title":{"rendered":"On the way to COP15: Laval's riverbanks under the microscope"},"content":{"rendered":"<div data-elementor-type=\"wp-post\" data-elementor-id=\"50918\" class=\"elementor elementor-50918\" data-elementor-post-type=\"post\">\n\t\t\t\t\t\t<section class=\"elementor-section elementor-top-section elementor-element elementor-element-1d3cb037 elementor-section-boxed elementor-section-height-default elementor-section-height-default\" data-id=\"1d3cb037\" data-element_type=\"section\" data-e-type=\"section\" data-settings=\"{&quot;jet_parallax_layout_list&quot;:[]}\">\n\t\t\t\t\t\t<div class=\"elementor-container elementor-column-gap-default\">\n\t\t\t\t\t<div class=\"elementor-column elementor-col-100 elementor-top-column elementor-element elementor-element-7c73009f\" data-id=\"7c73009f\" data-element_type=\"column\" data-e-type=\"column\">\n\t\t\t<div class=\"elementor-widget-wrap elementor-element-populated\">\n\t\t\t\t\t\t<div class=\"elementor-element elementor-element-dbdc2c9 elementor-widget elementor-widget-text-editor\" data-id=\"dbdc2c9\" data-element_type=\"widget\" data-e-type=\"widget\" data-widget_type=\"text-editor.default\">\n\t\t\t\t<div class=\"elementor-widget-container\">\n\t\t\t\t\t\t\t\t\t<p>Banks, banks, coastline: so many words to describe a place where it is good to recharge your batteries and put your feet, a boat or your fishing rod in the water. It is also a place of convergence between water and earth where many living creatures reside. At the dawn of <a href=\"https:\/\/www.unep.org\/fr\/events\/conference\/conference-des-nations-unies-sur-la-biodiversite-cop-15\" target=\"_blank\" rel=\"noreferrer noopener\" data-type=\"URL\" data-id=\"https:\/\/www.unep.org\/fr\/events\/conference\/conference-des-nations-unies-sur-la-biodiversite-cop-15\">COP15 \u2013 Conference of the Parties on Biodiversity<\/a> which takes place from December 7 to 19 in Montreal, we invite you to follow us to its neighbor, Laval, which, thanks to its numerous public banks, has the potential to become a model of territorial planning promoting biodiversity on condition of allocate the necessary investments.<\/p>\t\t\t\t\t\t\t\t<\/div>\n\t\t\t\t<\/div>\n\t\t\t\t<div class=\"elementor-element elementor-element-ab1a050 elementor-widget elementor-widget-heading\" data-id=\"ab1a050\" data-element_type=\"widget\" data-e-type=\"widget\" data-widget_type=\"heading.default\">\n\t\t\t\t<div class=\"elementor-widget-container\">\n\t\t\t\t\t<h2 class=\"elementor-heading-title elementor-size-default\">Insularity full of potential, but poorly exploited<\/h2>\t\t\t\t<\/div>\n\t\t\t\t<\/div>\n\t\t\t\t<div class=\"elementor-element elementor-element-ec07d7d elementor-widget elementor-widget-text-editor\" data-id=\"ec07d7d\" data-element_type=\"widget\" data-e-type=\"widget\" data-widget_type=\"text-editor.default\">\n\t\t\t\t<div class=\"elementor-widget-container\">\n\t\t\t\t\t\t\t\t\t<p>Laval has no less than 45 public banks accessible to all, which represents 10% of its coastline. Unfortunately, several of them have a layout that is not conducive to the living environments of terrestrial and aquatic species. This is what we observed during a visit of a dozen of them in the company of the former director of the CRE of Laval, Guy Garand.\u00a0<\/p>\t\t\t\t\t\t\t\t<\/div>\n\t\t\t\t<\/div>\n\t\t\t\t<div class=\"elementor-element elementor-element-418cecb elementor-align-center elementor-widget elementor-widget-button\" data-id=\"418cecb\" data-element_type=\"widget\" data-e-type=\"widget\" data-widget_type=\"button.default\">\n\t\t\t\t<div class=\"elementor-widget-container\">\n\t\t\t\t\t\t\t\t\t<div class=\"elementor-button-wrapper\">\n\t\t\t\t\t<a class=\"elementor-button elementor-button-link elementor-size-sm\" href=\"https:\/\/www.google.com\/maps\/d\/edit?mid=1M6mPXqQY78w_K_IEhlNMPlMC6LM-mk0&#038;usp=sharing\" target=\"_blank\" rel=\"noopener\">\n\t\t\t\t\t\t<span class=\"elementor-button-content-wrapper\">\n\t\t\t\t\t\t\t\t\t<span class=\"elementor-button-text\">Explore our map of the state of the banks of Laval<\/span>\n\t\t\t\t\t<\/span>\n\t\t\t\t\t<\/a>\n\t\t\t\t<\/div>\n\t\t\t\t\t\t\t\t<\/div>\n\t\t\t\t<\/div>\n\t\t\t\t<div class=\"elementor-element elementor-element-e3697a4 elementor-widget elementor-widget-text-editor\" data-id=\"e3697a4\" data-element_type=\"widget\" data-e-type=\"widget\" data-widget_type=\"text-editor.default\">\n\t\t\t\t<div class=\"elementor-widget-container\">\n\t\t\t\t\t\t\t\t\t<p>Too often, we could see steep banks, a lack of plant cover or embankment, compromising the connectivity between environments or the quality of these environments.<\/p>\t\t\t\t\t\t\t\t<\/div>\n\t\t\t\t<\/div>\n\t\t\t\t\t<\/div>\n\t\t<\/div>\n\t\t\t\t\t<\/div>\n\t\t<\/section>\n\t\t\t\t<section class=\"elementor-section elementor-top-section elementor-element elementor-element-ca950ec elementor-section-boxed elementor-section-height-default elementor-section-height-default\" data-id=\"ca950ec\" data-element_type=\"section\" data-e-type=\"section\" data-settings=\"{&quot;jet_parallax_layout_list&quot;:[]}\">\n\t\t\t\t\t\t<div class=\"elementor-container elementor-column-gap-default\">\n\t\t\t\t\t<div class=\"elementor-column elementor-col-50 elementor-top-column elementor-element elementor-element-349baca\" data-id=\"349baca\" data-element_type=\"column\" data-e-type=\"column\">\n\t\t\t<div class=\"elementor-widget-wrap elementor-element-populated\">\n\t\t\t\t\t\t<div class=\"elementor-element elementor-element-de99fe1 elementor-widget elementor-widget-image\" data-id=\"de99fe1\" data-element_type=\"widget\" data-e-type=\"widget\" data-widget_type=\"image.default\">\n\t\t\t\t<div class=\"elementor-widget-container\">\n\t\t\t\t\t\t\t\t\t\t\t\t<figure class=\"wp-caption\">\n\t\t\t\t\t\t\t\t\t\t<img fetchpriority=\"high\" decoding=\"async\" width=\"768\" height=\"1024\" src=\"https:\/\/fondationrivieres.org\/wp-content\/uploads\/2022\/12\/Tournee-des-berges-Laval_Berge-des-pinsons7-768x1024.jpeg\" class=\"attachment-large size-large wp-image-50919\" alt=\"\" srcset=\"https:\/\/fondationrivieres.org\/wp-content\/uploads\/2022\/12\/Tournee-des-berges-Laval_Berge-des-pinsons7-768x1023.jpeg 768w, https:\/\/fondationrivieres.org\/wp-content\/uploads\/2022\/12\/Tournee-des-berges-Laval_Berge-des-pinsons7-225x300.jpeg 225w, https:\/\/fondationrivieres.org\/wp-content\/uploads\/2022\/12\/Tournee-des-berges-Laval_Berge-des-pinsons7.jpeg 800w\" sizes=\"(max-width: 768px) 100vw, 768px\" \/>\t\t\t\t\t\t\t\t\t\t\t<figcaption class=\"widget-image-caption wp-caption-text\">The finch bank has significant riprap, slowing the movement of species<\/figcaption>\n\t\t\t\t\t\t\t\t\t\t<\/figure>\n\t\t\t\t\t\t\t\t\t<\/div>\n\t\t\t\t<\/div>\n\t\t\t\t\t<\/div>\n\t\t<\/div>\n\t\t\t\t<div class=\"elementor-column elementor-col-50 elementor-top-column elementor-element elementor-element-5631c7d\" data-id=\"5631c7d\" data-element_type=\"column\" data-e-type=\"column\">\n\t\t\t<div class=\"elementor-widget-wrap elementor-element-populated\">\n\t\t\t\t\t\t<div class=\"elementor-element elementor-element-73294b1 elementor-widget elementor-widget-text-editor\" data-id=\"73294b1\" data-element_type=\"widget\" data-e-type=\"widget\" data-widget_type=\"text-editor.default\">\n\t\t\t\t<div class=\"elementor-widget-container\">\n\t\t\t\t\t\t\t\t\t<p>These banks border the <a href=\"https:\/\/fondationrivieres.org\/en\/projects\/adoptez-une-riviere-des-prairies\/\">Prairie River<\/a> or the <a href=\"https:\/\/fondationrivieres.org\/en\/projects\/adoptez-une-riviere-des-mille-iles\/\">Thousand Islands River<\/a>, in which there are more than 65 species of fish, including the copper redhorse, an endangered species. Two protected areas also aim to conserve its fauna and flora: the <a href=\"https:\/\/www.environnement.gouv.qc.ca\/biodiversite\/reserves\/ile_garth\/res_68.htm\" target=\"_blank\" rel=\"noopener\">\u00cele-Garth ecological reserve<\/a> and the <a href=\"https:\/\/www.parc-mille-iles.qc.ca\/\" target=\"_blank\" rel=\"noopener\">Rivi\u00e8re-des-Mille-\u00celes Park<\/a>. Ville de Laval wishes to multiply its surface area by 20, demonstrating its desire to do better in terms of environmental protection.<\/p>\t\t\t\t\t\t\t\t<\/div>\n\t\t\t\t<\/div>\n\t\t\t\t\t<\/div>\n\t\t<\/div>\n\t\t\t\t\t<\/div>\n\t\t<\/section>\n\t\t\t\t<section class=\"elementor-section elementor-top-section elementor-element elementor-element-02b06ec elementor-section-boxed elementor-section-height-default elementor-section-height-default\" data-id=\"02b06ec\" data-element_type=\"section\" data-e-type=\"section\" data-settings=\"{&quot;jet_parallax_layout_list&quot;:[]}\">\n\t\t\t\t\t\t<div class=\"elementor-container elementor-column-gap-default\">\n\t\t\t\t\t<div class=\"elementor-column elementor-col-100 elementor-top-column elementor-element elementor-element-e99fa5d\" data-id=\"e99fa5d\" data-element_type=\"column\" data-e-type=\"column\">\n\t\t\t<div class=\"elementor-widget-wrap elementor-element-populated\">\n\t\t\t\t\t\t<div class=\"elementor-element elementor-element-e2c90d8 elementor-widget elementor-widget-text-editor\" data-id=\"e2c90d8\" data-element_type=\"widget\" data-e-type=\"widget\" data-widget_type=\"text-editor.default\">\n\t\t\t\t<div class=\"elementor-widget-container\">\n\t\t\t\t\t\t\t\t\t<p>Many of these banks were developed a long time ago. We can understand that environmental concerns were not yet up to date, and that expertise was not where it can be today. That said, the banks of the Parc de la Rivi\u00e8re-des-Mille-\u00celes do not respect the best practices promoting biodiversity even though they were developed in 2021. For example, a carpet prevents vegetation from growing and a bicycle path in gravel was erected, which generates a transport of sediment towards the river in spring when its level rises rapidly.\u00a0<\/p>\t\t\t\t\t\t\t\t<\/div>\n\t\t\t\t<\/div>\n\t\t\t\t\t<\/div>\n\t\t<\/div>\n\t\t\t\t\t<\/div>\n\t\t<\/section>\n\t\t\t\t<section class=\"elementor-section elementor-top-section elementor-element elementor-element-32b2612 elementor-section-boxed elementor-section-height-default elementor-section-height-default\" data-id=\"32b2612\" data-element_type=\"section\" data-e-type=\"section\" data-settings=\"{&quot;jet_parallax_layout_list&quot;:[]}\">\n\t\t\t\t\t\t<div class=\"elementor-container elementor-column-gap-default\">\n\t\t\t\t\t<div class=\"elementor-column elementor-col-100 elementor-top-column elementor-element elementor-element-4f22225\" data-id=\"4f22225\" data-element_type=\"column\" data-e-type=\"column\">\n\t\t\t<div class=\"elementor-widget-wrap elementor-element-populated\">\n\t\t\t\t\t\t<section class=\"elementor-section elementor-inner-section elementor-element elementor-element-3b28596 elementor-section-boxed elementor-section-height-default elementor-section-height-default\" data-id=\"3b28596\" data-element_type=\"section\" data-e-type=\"section\" data-settings=\"{&quot;jet_parallax_layout_list&quot;:[]}\">\n\t\t\t\t\t\t<div class=\"elementor-container elementor-column-gap-default\">\n\t\t\t\t\t<div class=\"elementor-column elementor-col-50 elementor-inner-column elementor-element elementor-element-5bc0d29\" data-id=\"5bc0d29\" data-element_type=\"column\" data-e-type=\"column\">\n\t\t\t<div class=\"elementor-widget-wrap elementor-element-populated\">\n\t\t\t\t\t\t<div class=\"elementor-element elementor-element-1c218af elementor-widget elementor-widget-image\" data-id=\"1c218af\" data-element_type=\"widget\" data-e-type=\"widget\" data-widget_type=\"image.default\">\n\t\t\t\t<div class=\"elementor-widget-container\">\n\t\t\t\t\t\t\t\t\t\t\t\t<figure class=\"wp-caption\">\n\t\t\t\t\t\t\t\t\t\t<img decoding=\"async\" width=\"800\" height=\"600\" src=\"https:\/\/fondationrivieres.org\/wp-content\/uploads\/2022\/12\/Tournee-des-berges-Laval_Parc-de-la-Riviere-des-Mille-Iles3.jpeg\" class=\"attachment-large size-large wp-image-50921\" alt=\"\" srcset=\"https:\/\/fondationrivieres.org\/wp-content\/uploads\/2022\/12\/Tournee-des-berges-Laval_Parc-de-la-Riviere-des-Mille-Iles3.jpeg 1000w, https:\/\/fondationrivieres.org\/wp-content\/uploads\/2022\/12\/Tournee-des-berges-Laval_Parc-de-la-Riviere-des-Mille-Iles3-300x225.jpeg 300w, https:\/\/fondationrivieres.org\/wp-content\/uploads\/2022\/12\/Tournee-des-berges-Laval_Parc-de-la-Riviere-des-Mille-Iles3-768x576.jpeg 768w\" sizes=\"(max-width: 800px) 100vw, 800px\" \/>\t\t\t\t\t\t\t\t\t\t\t<figcaption class=\"widget-image-caption wp-caption-text\"><\/figcaption>\n\t\t\t\t\t\t\t\t\t\t<\/figure>\n\t\t\t\t\t\t\t\t\t<\/div>\n\t\t\t\t<\/div>\n\t\t\t\t\t<\/div>\n\t\t<\/div>\n\t\t\t\t<div class=\"elementor-column elementor-col-50 elementor-inner-column elementor-element elementor-element-5dbefe3\" data-id=\"5dbefe3\" data-element_type=\"column\" data-e-type=\"column\">\n\t\t\t<div class=\"elementor-widget-wrap elementor-element-populated\">\n\t\t\t\t\t\t<div class=\"elementor-element elementor-element-742a7a6 elementor-widget elementor-widget-image\" data-id=\"742a7a6\" data-element_type=\"widget\" data-e-type=\"widget\" data-widget_type=\"image.default\">\n\t\t\t\t<div class=\"elementor-widget-container\">\n\t\t\t\t\t\t\t\t\t\t\t\t<figure class=\"wp-caption\">\n\t\t\t\t\t\t\t\t\t\t<img decoding=\"async\" width=\"800\" height=\"600\" src=\"https:\/\/fondationrivieres.org\/wp-content\/uploads\/2022\/12\/Tournee-des-berges-Laval_Parc-de-la-Riviere-des-Mille-Iles5.jpeg\" class=\"attachment-large size-large wp-image-50922\" alt=\"\" srcset=\"https:\/\/fondationrivieres.org\/wp-content\/uploads\/2022\/12\/Tournee-des-berges-Laval_Parc-de-la-Riviere-des-Mille-Iles5.jpeg 1000w, https:\/\/fondationrivieres.org\/wp-content\/uploads\/2022\/12\/Tournee-des-berges-Laval_Parc-de-la-Riviere-des-Mille-Iles5-300x225.jpeg 300w, https:\/\/fondationrivieres.org\/wp-content\/uploads\/2022\/12\/Tournee-des-berges-Laval_Parc-de-la-Riviere-des-Mille-Iles5-768x576.jpeg 768w\" sizes=\"(max-width: 800px) 100vw, 800px\" \/>\t\t\t\t\t\t\t\t\t\t\t<figcaption class=\"widget-image-caption wp-caption-text\"><\/figcaption>\n\t\t\t\t\t\t\t\t\t\t<\/figure>\n\t\t\t\t\t\t\t\t\t<\/div>\n\t\t\t\t<\/div>\n\t\t\t\t\t<\/div>\n\t\t<\/div>\n\t\t\t\t\t<\/div>\n\t\t<\/section>\n\t\t\t\t<div class=\"elementor-element elementor-element-ce042c0 elementor-widget elementor-widget-heading\" data-id=\"ce042c0\" data-element_type=\"widget\" data-e-type=\"widget\" data-widget_type=\"heading.default\">\n\t\t\t\t<div class=\"elementor-widget-container\">\n\t\t\t\t\t<h3 class=\"elementor-heading-title elementor-size-default\">COP15: a key moment for the future of species<\/h3>\t\t\t\t<\/div>\n\t\t\t\t<\/div>\n\t\t\t\t<div class=\"elementor-element elementor-element-32f992a elementor-widget elementor-widget-text-editor\" data-id=\"32f992a\" data-element_type=\"widget\" data-e-type=\"widget\" data-widget_type=\"text-editor.default\">\n\t\t\t\t<div class=\"elementor-widget-container\">\n\t\t\t\t\t\t\t\t\t<p>In a context of adaptation to climate change and the biodiversity crisis, the City of Laval would benefit from naturalizing these banks quickly in order to make them new refuges for living things as well as resilient areas in the face of recurring floods in spring.\u00a0<\/p>\t\t\t\t\t\t\t\t<\/div>\n\t\t\t\t<\/div>\n\t\t\t\t<div class=\"elementor-element elementor-element-fd9d74a elementor-widget elementor-widget-jet-button\" data-id=\"fd9d74a\" data-element_type=\"widget\" data-e-type=\"widget\" data-widget_type=\"jet-button.default\">\n\t\t\t\t<div class=\"elementor-widget-container\">\n\t\t\t\t\t<div class=\"elementor-jet-button jet-elements\"><div class=\"jet-button__container\">\n\t<a class=\"jet-button__instance jet-button__instance--icon-left hover-effect-0\" href=\"https:\/\/signup-can.keela.co\/infolettre-fondation-rivieres\" target=\"_blank\" rel=\"noopener\">\n\t\t<div class=\"jet-button__plane jet-button__plane-normal\"><\/div>\n\t\t<div class=\"jet-button__plane jet-button__plane-hover\"><\/div>\n\t\t<div class=\"jet-button__state jet-button__state-normal\">\n\t\t\t<span class=\"jet-button__label\">+ Stay informed<\/span>\t\t<\/div>\n\t\t<div class=\"jet-button__state jet-button__state-hover\">\n\t\t\t<span class=\"jet-button__label\">+ Subscribe to the newsletter<\/span>\t\t<\/div>\n\t<\/a>\n<\/div>\n<\/div>\t\t\t\t<\/div>\n\t\t\t\t<\/div>\n\t\t\t\t<div class=\"elementor-element elementor-element-f8b4328 elementor-widget elementor-widget-text-editor\" data-id=\"f8b4328\" data-element_type=\"widget\" data-e-type=\"widget\" data-widget_type=\"text-editor.default\">\n\t\t\t\t<div class=\"elementor-widget-container\">\n\t\t\t\t\t\t\t\t\t<p>We know from a reliable source that the redevelopment of the banks is on the cards for the City of Laval in the context of the <a href=\"https:\/\/www.laval.ca\/Pages\/Fr\/Citoyens\/trame-a-propos.aspx\" target=\"_blank\" rel=\"noreferrer noopener\">Green and blue frame<\/a>, \u201ca structured network of natural environments developed for recreational tourism purposes in an integrated and global perspective\u201d managed by the metropolitan community of Montreal (CMM). We know that the City has good intentions, that it has a solid environment department and an equally solid network of partners such as the CRE of Laval. We can&#039;t wait to see this project come to fruition.<\/p>\t\t\t\t\t\t\t\t<\/div>\n\t\t\t\t<\/div>\n\t\t\t\t<div class=\"elementor-element elementor-element-e9a731d elementor-widget elementor-widget-image\" data-id=\"e9a731d\" data-element_type=\"widget\" data-e-type=\"widget\" data-widget_type=\"image.default\">\n\t\t\t\t<div class=\"elementor-widget-container\">\n\t\t\t\t\t\t\t\t\t\t\t\t<figure class=\"wp-caption\">\n\t\t\t\t\t\t\t\t\t\t<img loading=\"lazy\" decoding=\"async\" width=\"800\" height=\"565\" src=\"https:\/\/fondationrivieres.org\/wp-content\/uploads\/2022\/12\/Riviere-des-Mille-Iles_Marecage-Tylee_Tortue_Credit-Andre-Chevier_2.jpg\" class=\"attachment-large size-large wp-image-50923\" alt=\"\" srcset=\"https:\/\/fondationrivieres.org\/wp-content\/uploads\/2022\/12\/Riviere-des-Mille-Iles_Marecage-Tylee_Tortue_Credit-Andre-Chevier_2.jpg 1000w, https:\/\/fondationrivieres.org\/wp-content\/uploads\/2022\/12\/Riviere-des-Mille-Iles_Marecage-Tylee_Tortue_Credit-Andre-Chevier_2-300x212.jpg 300w, https:\/\/fondationrivieres.org\/wp-content\/uploads\/2022\/12\/Riviere-des-Mille-Iles_Marecage-Tylee_Tortue_Credit-Andre-Chevier_2-768x542.jpg 768w\" sizes=\"(max-width: 800px) 100vw, 800px\" \/>\t\t\t\t\t\t\t\t\t\t\t<figcaption class=\"widget-image-caption wp-caption-text\">Turtles at Tylee Swamp in the Mille \u00celes River. Credit: Andr\u00e9 Chevier<\/figcaption>\n\t\t\t\t\t\t\t\t\t\t<\/figure>\n\t\t\t\t\t\t\t\t\t<\/div>\n\t\t\t\t<\/div>\n\t\t\t\t<div class=\"elementor-element elementor-element-c0efc71 elementor-widget elementor-widget-text-editor\" data-id=\"c0efc71\" data-element_type=\"widget\" data-e-type=\"widget\" data-widget_type=\"text-editor.default\">\n\t\t\t\t<div class=\"elementor-widget-container\">\n\t\t\t\t\t\t\t\t\t<p class=\"wp-block-heading\">One thing is certain, COP15 represents a golden opportunity for Canada to adopt an ambitious global biodiversity framework that will have the power to serve as an example to provinces, cities and municipalities.<\/p>\t\t\t\t\t\t\t\t<\/div>\n\t\t\t\t<\/div>\n\t\t\t\t<div class=\"elementor-element elementor-element-2648035 elementor-widget elementor-widget-heading\" data-id=\"2648035\" data-element_type=\"widget\" data-e-type=\"widget\" data-widget_type=\"heading.default\">\n\t\t\t\t<div class=\"elementor-widget-container\">\n\t\t\t\t\t<h4 class=\"elementor-heading-title elementor-size-default\">Recommendations from the COP15 Collective regarding banks<\/h4>\t\t\t\t<\/div>\n\t\t\t\t<\/div>\n\t\t\t\t<div class=\"elementor-element elementor-element-7ca1a5c elementor-widget elementor-widget-text-editor\" data-id=\"7ca1a5c\" data-element_type=\"widget\" data-e-type=\"widget\" data-widget_type=\"text-editor.default\">\n\t\t\t\t<div class=\"elementor-widget-container\">\n\t\t\t\t\t\t\t\t\t<p>One of <a style=\"font-style: italic;\" href=\"https:\/\/collectifcop15.org\/nos-demandes\/\" target=\"_blank\" rel=\"noreferrer noopener\" data-type=\"URL\" data-id=\"https:\/\/collectifcop15.org\/nos-demandes\/\">recommendations of the COP15 Collective<\/a>, formed by more than 60 civil society organizations, is structured precisely around territorial planning (target 1) so as to give primacy to the preservation of biodiversity in territorial planning, in order to prevent artificialization in anthropized environments and ensure the achievement of international targets in terms of ecological connectivity and protection.\u00a0<\/p>\n<p>The restoration of a minimum of 20% of degraded ecosystems by 2030, by prioritizing the habitats of native species, wetlands and riparian environments as well as natural spaces near large cities, is also part of the requests (target 2) .\u00a0<\/p>\t\t\t\t\t\t\t\t<\/div>\n\t\t\t\t<\/div>\n\t\t\t\t<div class=\"elementor-element elementor-element-d4c4a22 elementor-widget elementor-widget-image\" data-id=\"d4c4a22\" data-element_type=\"widget\" data-e-type=\"widget\" data-widget_type=\"image.default\">\n\t\t\t\t<div class=\"elementor-widget-container\">\n\t\t\t\t\t\t\t\t\t\t\t\t\t\t\t\t<a href=\"https:\/\/fondationrivieres.org\/en\/projects\/adoptez-une-riviere-des-mille-iles\/\">\n\t\t\t\t\t\t\t<img loading=\"lazy\" decoding=\"async\" width=\"600\" height=\"305\" src=\"https:\/\/fondationrivieres.org\/wp-content\/uploads\/2022\/10\/AUR_Logo2022_Couleurs.png\" class=\"attachment-full size-full wp-image-49776\" alt=\"Adoptez une rivi\u00e8re - Fondation Rivi\u00e8res - Logo - Lumea\" srcset=\"https:\/\/fondationrivieres.org\/wp-content\/uploads\/2022\/10\/AUR_Logo2022_Couleurs.png 600w, https:\/\/fondationrivieres.org\/wp-content\/uploads\/2022\/10\/AUR_Logo2022_Couleurs-300x153.png 300w\" sizes=\"(max-width: 600px) 100vw, 600px\" \/>\t\t\t\t\t\t\t\t<\/a>\n\t\t\t\t\t\t\t\t\t\t\t\t\t\t\t<\/div>\n\t\t\t\t<\/div>\n\t\t\t\t<div class=\"elementor-element elementor-element-80c86bf elementor-align-center elementor-widget elementor-widget-button\" data-id=\"80c86bf\" data-element_type=\"widget\" data-e-type=\"widget\" data-widget_type=\"button.default\">\n\t\t\t\t<div class=\"elementor-widget-container\">\n\t\t\t\t\t\t\t\t\t<div class=\"elementor-button-wrapper\">\n\t\t\t\t\t<a class=\"elementor-button elementor-button-link elementor-size-lg\" href=\"https:\/\/fondationrivieres.org\/en\/projects\/adoptez-une-riviere-des-mille-iles\/\">\n\t\t\t\t\t\t<span class=\"elementor-button-content-wrapper\">\n\t\t\t\t\t\t\t\t\t<span class=\"elementor-button-text\">THOUSAND ISLANDS<\/span>\n\t\t\t\t\t<\/span>\n\t\t\t\t\t<\/a>\n\t\t\t\t<\/div>\n\t\t\t\t\t\t\t\t<\/div>\n\t\t\t\t<\/div>\n\t\t\t\t<div class=\"elementor-element elementor-element-5a2c7c9 elementor-widget elementor-widget-text-editor\" data-id=\"5a2c7c9\" data-element_type=\"widget\" data-e-type=\"widget\" data-widget_type=\"text-editor.default\">\n\t\t\t\t<div class=\"elementor-widget-container\">\n\t\t\t\t\t\t\t\t\t<p>But this land development and restoration must be done in harmony with the population&#039;s desire to maintain access to water. In fact, access to nature also fits into the global biodiversity framework (target 12). The COP15 Collective recommends the creation of new urban parks in order to offer all citizens access to local natural environments within 300 meters of their homes, as recommended by the World Health Organization (WHO ) and promote public access to watercourses.\u00a0<\/p>\n<p><!-- \/wp:paragraph --><!-- wp:paragraph --><\/p>\n<p>These targets, which will be discussed during COP15, could become an inspiration for the City of Laval and other municipalities to take concrete actions to prioritize living things before any other form of interest. On condition of deploying the necessary financial and organizational resources, within the right deadlines.<\/p>\t\t\t\t\t\t\t\t<\/div>\n\t\t\t\t<\/div>\n\t\t\t\t\t<\/div>\n\t\t<\/div>\n\t\t\t\t\t<\/div>\n\t\t<\/section>\n\t\t\t\t<section class=\"elementor-section elementor-top-section elementor-element elementor-element-4d23f69 elementor-section-boxed elementor-section-height-default elementor-section-height-default\" data-id=\"4d23f69\" data-element_type=\"section\" data-e-type=\"section\" data-settings=\"{&quot;jet_parallax_layout_list&quot;:[]}\">\n\t\t\t\t\t\t<div class=\"elementor-container elementor-column-gap-default\">\n\t\t\t\t\t<div class=\"elementor-column elementor-col-100 elementor-top-column elementor-element elementor-element-94b24bf\" data-id=\"94b24bf\" data-element_type=\"column\" data-e-type=\"column\">\n\t\t\t<div class=\"elementor-widget-wrap elementor-element-populated\">\n\t\t\t\t\t\t<div class=\"elementor-element elementor-element-bf11298 elementor-widget elementor-widget-heading\" data-id=\"bf11298\" data-element_type=\"widget\" data-e-type=\"widget\" data-widget_type=\"heading.default\">\n\t\t\t\t<div class=\"elementor-widget-container\">\n\t\t\t\t\t<h5 class=\"elementor-heading-title elementor-size-default\">About the author<\/h5>\t\t\t\t<\/div>\n\t\t\t\t<\/div>\n\t\t\t\t<div class=\"elementor-element elementor-element-2d707a9 elementor-author-box--avatar-yes elementor-author-box--name-yes elementor-author-box--biography-yes elementor-author-box--link-no elementor-widget elementor-widget-author-box\" data-id=\"2d707a9\" data-element_type=\"widget\" data-e-type=\"widget\" data-widget_type=\"author-box.default\">\n\t\t\t\t<div class=\"elementor-widget-container\">\n\t\t\t\t\t\t\t<div class=\"elementor-author-box\">\n\t\t\t\t\t\t\t<div  class=\"elementor-author-box__avatar\">\n\t\t\t\t\t<img decoding=\"async\" src=\"https:\/\/secure.gravatar.com\/avatar\/a9183c0eba3c86aa29ea37d1c9dcda5516549a16675906e7fa8cf4ff0cdf4671?s=300&#038;d=mm&#038;r=g\" alt=\"Picture of Sophie Lachance\" loading=\"lazy\">\n\t\t\t\t<\/div>\n\t\t\t\n\t\t\t<div class=\"elementor-author-box__text\">\n\t\t\t\t\t\t\t\t\t<div >\n\t\t\t\t\t\t<h4 class=\"elementor-author-box__name\">\n\t\t\t\t\t\t\tSophie Lachance\t\t\t\t\t\t<\/h4>\n\t\t\t\t\t<\/div>\n\t\t\t\t\n\t\t\t\t\t\t\t\t\t<div class=\"elementor-author-box__bio\">\n\t\t\t\t\t\tSophie is responsible for communications and mobilization. A writer with journalistic training, she is interested in environmental issues, particularly those affecting water.\t\t\t\t\t<\/div>\n\t\t\t\t\n\t\t\t\t\t\t\t<\/div>\n\t\t<\/div>\n\t\t\t\t\t\t<\/div>\n\t\t\t\t<\/div>\n\t\t\t\t\t<\/div>\n\t\t<\/div>\n\t\t\t\t\t<\/div>\n\t\t<\/section>\n\t\t\t\t<\/div>","protected":false},"excerpt":{"rendered":"<p>Berges, rives, littoral : autant de mots pour d\u00e9crire un endroit o\u00f9 il fait bon se ressourcer et mettre les pieds, une embarcation ou sa canne \u00e0 p\u00eache \u00e0 l\u2019eau. C\u2019est aussi un lieu de convergence entre l\u2019eau et la terre o\u00f9 r\u00e9sident bon nombre de cr\u00e9atures vivantes. \u00c0 l\u2019aube de la COP15 &#8211; Conf\u00e9rence [&hellip;]<\/p>\n","protected":false},"author":17,"featured_media":50920,"comment_status":"closed","ping_status":"open","sticky":false,"template":"","format":"standard","meta":{"footnotes":""},"categories":[4],"tags":[179,24,178,180,181,88],"class_list":["post-50918","post","type-post","status-publish","format-standard","has-post-thumbnail","hentry","category-chroniques","tag-berges","tag-biodiversite","tag-cop15","tag-laval","tag-riviere-des-mille-iles","tag-riviere-des-prairies"],"_links":{"self":[{"href":"https:\/\/fondationrivieres.org\/en\/wp-json\/wp\/v2\/posts\/50918","targetHints":{"allow":["GET"]}}],"collection":[{"href":"https:\/\/fondationrivieres.org\/en\/wp-json\/wp\/v2\/posts"}],"about":[{"href":"https:\/\/fondationrivieres.org\/en\/wp-json\/wp\/v2\/types\/post"}],"author":[{"embeddable":true,"href":"https:\/\/fondationrivieres.org\/en\/wp-json\/wp\/v2\/users\/17"}],"replies":[{"embeddable":true,"href":"https:\/\/fondationrivieres.org\/en\/wp-json\/wp\/v2\/comments?post=50918"}],"version-history":[{"count":0,"href":"https:\/\/fondationrivieres.org\/en\/wp-json\/wp\/v2\/posts\/50918\/revisions"}],"wp:featuredmedia":[{"embeddable":true,"href":"https:\/\/fondationrivieres.org\/en\/wp-json\/wp\/v2\/media\/50920"}],"wp:attachment":[{"href":"https:\/\/fondationrivieres.org\/en\/wp-json\/wp\/v2\/media?parent=50918"}],"wp:term":[{"taxonomy":"category","embeddable":true,"href":"https:\/\/fondationrivieres.org\/en\/wp-json\/wp\/v2\/categories?post=50918"},{"taxonomy":"post_tag","embeddable":true,"href":"https:\/\/fondationrivieres.org\/en\/wp-json\/wp\/v2\/tags?post=50918"}],"curies":[{"name":"wp","href":"https:\/\/api.w.org\/{rel}","templated":true}]}}