{"id":4568,"date":"2012-12-21T16:38:28","date_gmt":"2012-12-21T21:38:28","guid":{"rendered":"https:\/\/fondationrivieres.org\/?p=4568"},"modified":"2023-04-10T09:38:47","modified_gmt":"2023-04-10T13:38:47","slug":"val-jalbert-des-pertes-anticipees-de-80-m-pour-hydro-quebec","status":"publish","type":"post","link":"https:\/\/fondationrivieres.org\/en\/val-jalbert-des-pertes-anticipees-de-80-m-pour-hydro-quebec\/","title":{"rendered":"Val Jalbert: anticipated losses of 80 M$ for Hydro-Qu\u00e9bec"},"content":{"rendered":"<p><!--:fr--><\/p>\n<p>Fondation Rivi\u00e8res estimates that Hydro-Qu\u00e9bec will suffer annual losses of more than 5 M$\/year, or 80 M$ (discounted value) during the 20 years that the contract signed with the promoter, the Soci\u00e9t\u00e9 de l&#039;\u00e9nergie communitaire du Lac- will last. Saint Jean. Hydro-Qu\u00e9bec&#039;s chronic deficit, caused by this type of unprofitable project, is absorbed by consumers and could be offset by layoffs in the state-owned company.<\/p>\n<p>In December 2012, Hydro-Qu\u00e9bec filed a request with the R\u00e9gie de l&#039;\u00e9nergie to increase its rates by 3.3 percent starting April 1, 2013. The state-owned company will also have to cut 2,000 jobs in the coming months. are coming.<\/p>\n<p>Read our <a href=\"https:\/\/drive.google.com\/file\/d\/1OtBHhZzK6aKY-fZ7-LUtlGL7DYMvBLph\/view?usp=share_link\" target=\"_blank\" rel=\"noopener noreferrer\">full press release<\/a><!--:--><\/p>\n<p><em>Photo: Protect Yourself\/Shutterstock<\/em><\/p>","protected":false},"excerpt":{"rendered":"<p>Fondation Rivi\u00e8res estimates that Hydro-Qu\u00e9bec will incur annual losses of over 5 M$\/year, or 80 M$ (present value) over the 20 years of the contract signed with the developer of the Val-Jalbert hydroelectric project, Soci\u00e9t\u00e9 de l'\u00e9nergie communautaire du Lac-Saint-Jean.<\/p>","protected":false},"author":1,"featured_media":52724,"comment_status":"closed","ping_status":"open","sticky":false,"template":"","format":"standard","meta":{"footnotes":""},"categories":[3],"tags":[47,56,57,74,206,190],"class_list":["post-4568","post","type-post","status-publish","format-standard","has-post-thumbnail","hentry","category-actualites","tag-energie","tag-hydro-quebec","tag-hydroelectricite","tag-petit_barrage","tag-riviere-ouiatchouan","tag-val-jalbert"],"_links":{"self":[{"href":"https:\/\/fondationrivieres.org\/en\/wp-json\/wp\/v2\/posts\/4568","targetHints":{"allow":["GET"]}}],"collection":[{"href":"https:\/\/fondationrivieres.org\/en\/wp-json\/wp\/v2\/posts"}],"about":[{"href":"https:\/\/fondationrivieres.org\/en\/wp-json\/wp\/v2\/types\/post"}],"author":[{"embeddable":true,"href":"https:\/\/fondationrivieres.org\/en\/wp-json\/wp\/v2\/users\/1"}],"replies":[{"embeddable":true,"href":"https:\/\/fondationrivieres.org\/en\/wp-json\/wp\/v2\/comments?post=4568"}],"version-history":[{"count":0,"href":"https:\/\/fondationrivieres.org\/en\/wp-json\/wp\/v2\/posts\/4568\/revisions"}],"wp:featuredmedia":[{"embeddable":true,"href":"https:\/\/fondationrivieres.org\/en\/wp-json\/wp\/v2\/media\/52724"}],"wp:attachment":[{"href":"https:\/\/fondationrivieres.org\/en\/wp-json\/wp\/v2\/media?parent=4568"}],"wp:term":[{"taxonomy":"category","embeddable":true,"href":"https:\/\/fondationrivieres.org\/en\/wp-json\/wp\/v2\/categories?post=4568"},{"taxonomy":"post_tag","embeddable":true,"href":"https:\/\/fondationrivieres.org\/en\/wp-json\/wp\/v2\/tags?post=4568"}],"curies":[{"name":"wp","href":"https:\/\/api.w.org\/{rel}","templated":true}]}}