{"id":43617,"date":"2022-10-04T14:39:18","date_gmt":"2022-10-04T18:39:18","guid":{"rendered":"https:\/\/fondationrivieres.org\/?p=43617"},"modified":"2023-01-16T11:15:27","modified_gmt":"2023-01-16T16:15:27","slug":"fonds-bleu-promesse-electorale-adapter-concretiser","status":"publish","type":"post","link":"https:\/\/fondationrivieres.org\/en\/fonds-bleu-promesse-electorale-adapter-concretiser\/","title":{"rendered":"Blue Fund: an electoral promise to adapt and make a reality"},"content":{"rendered":"<p class=\"has-text-align-right\"><strong>PRESS RELEASE<\/strong><br>FOR IMMEDIATE RELEASE<\/p>\n\n\n\n<p><strong>Montreal, October 4, 2022 <\/strong>\u2013 Fondation Rivi\u00e8res and Eau Secours congratulate the Coalition Avenir Qu\u00e9bec (CAQ) following its re-election and wish to bring to the attention of its elected officials the need to take concrete actions towards the environment, in particular on issues related to water. The organizations therefore wish to see the actions planned within the framework of the Blue Fund, a promise made by the CAQ at the start of the campaign, providing 650 M$ to protect the lakes and rivers of Quebec over the duration of its mandate, carried out and wish to do so. see associated measurable objectives as well as strengthening the capacities of the Ministry of the Environment and the Fight against Climate Change (MELCC) to enforce its regulations.<\/p>\n\n\n\n<h2 class=\"wp-block-heading\">Targets and the means to achieve them&nbsp;<\/h2>\n\n\n\n<p>The CAQ plans seven new initiatives to improve the quality of Quebec&#039;s rivers and lakes, but does not provide any concrete targets for each of them. This funding aims, among other things, to help farmers revegetate riparian areas and to help citizens install septic tanks. <\/p>\n\n\n\n<p>\u201cThese new expenses add responsibilities to the MELCC, but will the latter have the resources to enforce them? What proportion of these amounts will be allocated to hiring resources, expertise and inspectors to enforce the regulations? \u00bb, asks Andr\u00e9 B\u00e9langer, general manager of Fondation Rivi\u00e8res.&nbsp;<\/p>\n\n\n\n<p>This new spending program is not accompanied by an action plan and clear and quantified indicators. Such weaknesses in water resource conservation <a href=\"https:\/\/www.vgq.qc.ca\/Fichiers\/Publications\/rapport-cdd\/164\/cdd_tome-juin2020_ch03_web.pdf\" target=\"_blank\" data-type=\"URL\" data-id=\"https:\/\/www.vgq.qc.ca\/Fichiers\/Publications\/rapport-cdd\/164\/cdd_tome-juin2020_ch03_web.pdf\" rel=\"noreferrer noopener\">had been severely criticized in June 2020 by the Commissioner for Sustainable Development<\/a>. The program provides funding for research into preventing water shortages, but it is insufficient.&nbsp;<\/p>\n\n\n\n<p>\u201cWe need more transparency on water use as well as increased resources at the MELCC if we want to be able to establish our water needs and avoid water shortages in the future. To achieve equitable sharing of the resource, the quantities of water taken must be made public,\u201d comments R\u00e9becca P\u00e9trin, general director of Eau Secours.<\/p>\n\n\n\n<p>The organizations wish to offer their collaboration to the CAQ to tackle issues related to water, including agricultural pollution, the upgrading of wastewater treatment plants, the continuation of Bill 42 relating to the fee, the lack of transparency on sampling data and all files linked to adaptation to climate change and the protection of biodiversity.<\/p>\n\n\n\n<h4 class=\"wp-block-heading\">About Fondation Rivi\u00e8res&nbsp;<\/h4>\n\n\n\n<p>For 20 years, Fondation Rivi\u00e8res has worked to preserve, restore and enhance the natural character of rivers and contributes to ensuring water quality and access to water for the Quebec population.<\/p>\n\n\n\n<h4 class=\"wp-block-heading\">About Eau Secours<\/h4>\n\n\n\n<p>Eau Secours, a non-profit organization founded in 1997, has the mission of promoting the protection and responsible management of water from a perspective of environmental health, equity, accessibility and collective defense of human rights. population.<\/p>\n\n\n\n<p class=\"has-text-align-center\">-30-<\/p>\n\n\n\n<p><strong>Documents:&nbsp;<\/strong><\/p>\n\n\n\n<p>Proposals in terms of water management and governance, as part of the Vire au Vert operation: <a href=\"https:\/\/www.vireauvert.org\/propositions_environnementales\" target=\"_blank\" rel=\"noopener\">https:\/\/www.vireauvert.org\/propositions_environnementales<\/a>&nbsp;<\/p>\n\n\n\n<p><strong>Source :<\/strong><\/p>\n\n\n\n<p>Sophie Lachance<br>Communications and Mobilization Leader<br>Fondation Rivi\u00e8res<br>514-272-2666, ext. 307<br><a href=\"mailto:communications@fondationrivieres.org\">communications@fondationrivieres.org<\/a><\/p>\n\n\n\n<p>Mathieu Langlois<br>Communications and Mobilization Manager<br>Emergency Water<br>514 588-5608<br><a href=\"mailto:communications@eausecours.org\">communications@eausecours.org<\/a>&nbsp;<\/p>\n\n\n\n<p><\/p>\n\n\n\n<p><em>Photo: Ja\u00ebl Vall\u00e9e\/Unsplash<\/em><\/p>","protected":false},"excerpt":{"rendered":"<p>Press release \u2013 Fondation Rivi\u00e8res and Eau Secours congratulate the Coalition Avenir Qu\u00e9bec (CAQ) following its re-election and wish to bring to the attention of its elected officials the need to take concrete actions towards the environment, in particular on related issues at the water. <\/p>","protected":false},"author":1,"featured_media":47804,"comment_status":"closed","ping_status":"closed","sticky":false,"template":"","format":"standard","meta":{"footnotes":""},"categories":[5],"tags":[53,83],"class_list":["post-43617","post","type-post","status-publish","format-standard","has-post-thumbnail","hentry","category-communiques","tag-gouvernance","tag-qualite-de-leau"],"_links":{"self":[{"href":"https:\/\/fondationrivieres.org\/en\/wp-json\/wp\/v2\/posts\/43617","targetHints":{"allow":["GET"]}}],"collection":[{"href":"https:\/\/fondationrivieres.org\/en\/wp-json\/wp\/v2\/posts"}],"about":[{"href":"https:\/\/fondationrivieres.org\/en\/wp-json\/wp\/v2\/types\/post"}],"author":[{"embeddable":true,"href":"https:\/\/fondationrivieres.org\/en\/wp-json\/wp\/v2\/users\/1"}],"replies":[{"embeddable":true,"href":"https:\/\/fondationrivieres.org\/en\/wp-json\/wp\/v2\/comments?post=43617"}],"version-history":[{"count":0,"href":"https:\/\/fondationrivieres.org\/en\/wp-json\/wp\/v2\/posts\/43617\/revisions"}],"wp:featuredmedia":[{"embeddable":true,"href":"https:\/\/fondationrivieres.org\/en\/wp-json\/wp\/v2\/media\/47804"}],"wp:attachment":[{"href":"https:\/\/fondationrivieres.org\/en\/wp-json\/wp\/v2\/media?parent=43617"}],"wp:term":[{"taxonomy":"category","embeddable":true,"href":"https:\/\/fondationrivieres.org\/en\/wp-json\/wp\/v2\/categories?post=43617"},{"taxonomy":"post_tag","embeddable":true,"href":"https:\/\/fondationrivieres.org\/en\/wp-json\/wp\/v2\/tags?post=43617"}],"curies":[{"name":"wp","href":"https:\/\/api.w.org\/{rel}","templated":true}]}}