{"id":39512,"date":"2022-07-01T19:57:56","date_gmt":"2022-07-01T23:57:56","guid":{"rendered":"https:\/\/fondationrivieres.org\/?p=39512"},"modified":"2023-01-16T11:50:00","modified_gmt":"2023-01-16T16:50:00","slug":"pres-dune-centaine-de-personnes-ont-participe-au-grand-splash-au-vieux-port-de-montreal","status":"publish","type":"post","link":"https:\/\/fondationrivieres.org\/en\/pres-dune-centaine-de-personnes-ont-participe-au-grand-splash-au-vieux-port-de-montreal\/","title":{"rendered":"Nearly a hundred people participated in the Grand Splash at the Old Port of Montreal"},"content":{"rendered":"\n<p class=\"has-text-align-right\"><strong>COMMUNIQU\u00c9 DE PRESSE<\/strong><br>POUR DIFFUSION IMM\u00c9DIATE<\/p>\n\n\n\n<p><strong>Montr\u00e9al, le 1er juillet 2022<\/strong> \u2013 De nombreux et nombreuses citoyen.ne.s se sont lanc\u00e9.e.s \u00e0 l\u2019eau au Vieux-Port de Montr\u00e9al pour le traditionnel <a href=\"https:\/\/fondationrivieres.org\/nos-actions\/grand-splash\/\" data-type=\"URL\" data-id=\"https:\/\/fondationrivieres.org\/nos-actions\/grand-splash\/\">Grand Splash<\/a>, une initiative de Fondation Rivi\u00e8res. Alors que le Port de Qu\u00e9bec inaugure aujourd\u2019hui le tout premier bain portuaire en Am\u00e9rique du Nord, la mobilisation \u00e0 Montr\u00e9al a pour but de r\u00e9clamer l\u2019\u00e9quivalent au Quai Jacques-Cartier, o\u00f9 l\u2019eau est pratiquement toujours propre et l\u2019acc\u00e8s s\u00e9curitaire.<\/p>\n\n\n\n<p>La conseill\u00e8re associ\u00e9e \u00e0 la mairesse, Alia Hassan-Cournol, \u00e9tait sur place : \u00ab L\u2019acc\u00e8s aux berges, on y croit depuis toujours. Gr\u00e2ce \u00e0 Fondation Rivi\u00e8res, on a de plus en plus de donn\u00e9es sur la qualit\u00e9 de l\u2019eau et [l\u2019acc\u00e8s \u00e0 la baignade] au centre-ville, on y croit. Mais \u00e7a doit se faire aussi ailleurs \u00e0 Montr\u00e9al, de fa\u00e7on s\u00e9curitaire et \u00e7a, c\u2019est notre priorit\u00e9.&nbsp;\u00bb, a-t-elle mentionn\u00e9e.<\/p>\n\n\n\n<p>L\u2019ancien d\u00e9put\u00e9 de Qu\u00e9bec Solidaire, Amir Khadir, s\u2019est mouill\u00e9 pour la cause : \u00ab Ce que fait la Fondation est g\u00e9nial, mais elle ne pourra pas \u00e0 elle seule r\u00e9gler le probl\u00e8me. Comment composer avec la propri\u00e9t\u00e9 priv\u00e9e qui bloque l\u2019acc\u00e8s aux berges aux citoyens? \u00c7a prend un changement l\u00e9gislatif et une d\u00e9cision politique importante. \u00bb. Malgr\u00e9 le caract\u00e8re insulaire de Montr\u00e9al, ses berges restent encore largement inaccessibles&nbsp;: sur pr\u00e8s de 170 km de rives, 120 km sont priv\u00e9es et 50 km seulement sont accessibles au public.<\/p>\n\n\n\n<p>Du c\u00f4t\u00e9 de la sc\u00e8ne artistique, le chanteur et fondateur du groupe <a href=\"https:\/\/www.clayandfriends.ca\/\" target=\"_blank\" data-type=\"URL\" data-id=\"https:\/\/www.clayandfriends.ca\/\" rel=\"noreferrer noopener\">Clay and Friends<\/a>, Mike Clay, a \u00e9t\u00e9 l\u2019un des premiers \u00e0 se lancer \u00e0 l\u2019eau. Le groupe assurait la pr\u00e9sidence d\u2019honneur de cette \u00e9dition. La th\u00e9matique de l\u2019eau est un \u00e9l\u00e9ment central dans la d\u00e9marche de la formation, qui a \u00e9tabli son quartier g\u00e9n\u00e9ral \u00e0 Verdun, le seul endroit muni d\u2019une plage publique pr\u00e8s du centre de Montr\u00e9al.<\/p>\n\n\n\n<h2 class=\"wp-block-heading\">Un \u00e9norme potentiel de baignade dans le Vieux-Port<\/h2>\n\n\n\n<p>L\u2019eau du bassin Jacques-Cartier est d\u2019excellente qualit\u00e9 par temps sec, c\u2019est-\u00e0-dire une p\u00e9riode sans pluie au minimum 48 heures avant l\u2019\u00e9chantillonnage. Selon les donn\u00e9es du R\u00e9seau de suivi des milieux aquatiques (RSMA) de la Ville de Montr\u00e9al, elle a rencontr\u00e9 les normes de baignade (maximum de 200 UFC\/100mL) dans plus 95 % des pr\u00e9l\u00e8vements en p\u00e9riode estivale, de 2003 \u00e0 2021. Apr\u00e8s un \u00e9pisode de forte pluie, il suffirait de fermer l\u2019acc\u00e8s \u00e0 la zone de baignade sur une p\u00e9riode de 24 \u00e0 72 h, comme \u00e0 la plage de Verdun \u2013 la dur\u00e9e de fermeture variant selon l\u2019importance des d\u00e9bordements des r\u00e9seaux d\u2019\u00e9gout.<\/p>\n\n\n\n<p>\u00ab Un bassin portuaire au Vieux-Port aurait le potentiel de devenir un r\u00e9el ic\u00f4ne touristique pour Montr\u00e9al. L\u2019inauguration d\u2019un lieu de baignade \u00e0 cet endroit repr\u00e9senterait un geste significatif de la part de la Ville en mati\u00e8re de transition \u00e9cologique et d\u2019adaptation aux changements climatiques. \u00bb souligne Andr\u00e9 B\u00e9langer, directeur de Fondation Rivi\u00e8res.<\/p>\n\n\n\n<p>La Fondation et le Jour de la Terre \u2013 \u00e0 l\u2019origine du Grand Splash de Montr\u00e9al en 2003 \u2013 ont sollicit\u00e9 une rencontre avec les dirigeant.e.s de la Soci\u00e9t\u00e9 du Vieux-Port de Montr\u00e9al pour comprendre les freins qu&rsquo;ils voient \u00e0 l\u2019ouverture d\u2019une zone de baignade. \u00c0 l\u2019heure qu\u2019il est, Fondation Rivi\u00e8res n\u2019a pas eu de retour.<\/p>\n\n\n\n<p>Rappelons qu\u2019un projet de bain portuaire au bout du Quai de l\u2019Horloge avait \u00e9t\u00e9 abandonn\u00e9 \u00e0 l\u2019\u00e9t\u00e9 2020. Install\u00e9 dans le <a href=\"https:\/\/fondationrivieres.org\/nos-actions\/adoptez-une-riviere\/\" data-type=\"URL\" data-id=\"https:\/\/fondationrivieres.org\/nos-actions\/adoptez-une-riviere\/\">fleuve Saint-Laurent<\/a>, \u00e0 l\u2019ext\u00e9rieur de la zone prot\u00e9g\u00e9e du Vieux-Port, ce projet de bain portuaire \u00e9tait expos\u00e9 \u00e0 un fort courant, contrairement au bassin Jacques-Cartier.<\/p>\n\n\n\n<h2 class=\"wp-block-heading\">Une eau de qualit\u00e9 \u00e0 plus de 50 endroits autour de l\u2019\u00eele<\/h2>\n\n\n\n<p>Ce n\u2019est pas qu\u2019au Quai Jacques-Cartier o\u00f9 l\u2019eau est de bonne qualit\u00e9&nbsp;: la Fondation a relev\u00e9, plus t\u00f4t cette semaine, l\u2019existence de 51 sites accessibles \u00e0 partir des rives de l\u2019\u00eele de Montr\u00e9al o\u00f9 l\u2019eau est de bonne qualit\u00e9 pour la baignade en temps sec. La Ville a tout ce qu\u2019il faut pour devenir un mod\u00e8le nord-am\u00e9ricain d\u2019acc\u00e8s aux berges, alors qu\u2019elle ne compte que trois acc\u00e8s publics gratuits au public sur plan d&rsquo;eau naturel : la plage de Verdun, le Parc-nature du Cap-Saint-Jacques et la plage du parc-nature du Bois-de-L&rsquo;\u00cele-Bizard (ferm\u00e9e pr\u00e9sentement).<\/p>\n\n\n\n<h2 class=\"wp-block-heading\">Le d\u00e9but d\u2019une s\u00e9rie de Grand Splash<\/h2>\n\n\n\n<p>Plusieurs Grand Splash auront lieu \u00e0 travers la province, entre le 1er et le 10 juillet, afin d\u2019interpeller les \u00e9lu.e.s et les d\u00e9cideurs \u00e0 l\u2019importance d\u2019am\u00e9nager des acc\u00e8s publics gratuits \u00e0 la baignade et d\u2019y assurer la qualit\u00e9 de l\u2019eau. La population est invit\u00e9e \u00e0 sauter \u00e0 l\u2019eau dans plusieurs endroits : en plus de l\u2019\u00e9v\u00e9nement principal au Vieux-Port de Montr\u00e9al, Trois-Rivi\u00e8res, Saint-Lambert, Sainte-Anne-de-Sorel, Sainte-Martine et Saint-Denis-sur-Richelieu, et seront aussi de cette \u00e9dition.<\/p>\n\n\n\n<h4 class=\"wp-block-heading\">\u00c0 propos de Fondation Rivi\u00e8res<\/h4>\n\n\n\n<p>Depuis 20 ans, Fondation Rivi\u00e8res \u0153uvre \u00e0 pr\u00e9server, restaurer et mettre en valeur le caract\u00e8re naturel des rivi\u00e8res et contribue \u00e0 assurer la qualit\u00e9 de l\u2019eau et l\u2019acc\u00e8s \u00e0 l\u2019eau pour la population qu\u00e9b\u00e9coise. La Fondation organise depuis 2019 La semaine du Grand Splash.<\/p>\n\n\n\n<p class=\"has-text-align-center\">-30-<\/p>\n\n\n\n<ul class=\"wp-block-list\">\n<li>Consulter les sites o\u00f9 la qualit\u00e9 de l\u2019eau permet la baignade sur les berges de Montr\u00e9al :<br><a href=\"https:\/\/fondationrivieres.org\/carte-potentiel-de-baignade-montreal\/\">https:\/\/fondationrivieres.org\/carte-potentiel-de-baignade-montreal\/<\/a><\/li>\n\n\n\n<li>Programmation compl\u00e8te : <a href=\"https:\/\/grandsplash.ca\/deuxieme-edition\/\" target=\"_blank\" rel=\"noreferrer noopener\">https:\/\/grandsplash.ca\/deuxieme-edition\/<\/a><\/li>\n\n\n\n<li>Photos : <\/li>\n<\/ul>\n\n\n\n<p><strong>Source&nbsp;:<\/strong><br>Sophie Lachance<br>Charg\u00e9e aux communications et \u00e0 la mobilisation<br>Fondation Rivi\u00e8res<br>514-272-2666, poste 307<br>communications@fondationrivieres.org<\/p>\n","protected":false},"excerpt":{"rendered":"<p>Press release \u2013 Many citizens took to the water at the Old Port of Montreal for the traditional Grand Splash, an initiative of Fondation Rivi\u00e8res. <\/p>","protected":false},"author":1,"featured_media":39514,"comment_status":"closed","ping_status":"closed","sticky":false,"template":"","format":"standard","meta":{"footnotes":""},"categories":[5],"tags":[12,19,51,55,69],"class_list":["post-39512","post","type-post","status-publish","format-standard","has-post-thumbnail","hentry","category-communiques","tag-acces-a-leau","tag-baignade","tag-fleuve-saint-laurent","tag-grand-splash","tag-mobilisation"],"_links":{"self":[{"href":"https:\/\/fondationrivieres.org\/en\/wp-json\/wp\/v2\/posts\/39512","targetHints":{"allow":["GET"]}}],"collection":[{"href":"https:\/\/fondationrivieres.org\/en\/wp-json\/wp\/v2\/posts"}],"about":[{"href":"https:\/\/fondationrivieres.org\/en\/wp-json\/wp\/v2\/types\/post"}],"author":[{"embeddable":true,"href":"https:\/\/fondationrivieres.org\/en\/wp-json\/wp\/v2\/users\/1"}],"replies":[{"embeddable":true,"href":"https:\/\/fondationrivieres.org\/en\/wp-json\/wp\/v2\/comments?post=39512"}],"version-history":[{"count":0,"href":"https:\/\/fondationrivieres.org\/en\/wp-json\/wp\/v2\/posts\/39512\/revisions"}],"wp:featuredmedia":[{"embeddable":true,"href":"https:\/\/fondationrivieres.org\/en\/wp-json\/wp\/v2\/media\/39514"}],"wp:attachment":[{"href":"https:\/\/fondationrivieres.org\/en\/wp-json\/wp\/v2\/media?parent=39512"}],"wp:term":[{"taxonomy":"category","embeddable":true,"href":"https:\/\/fondationrivieres.org\/en\/wp-json\/wp\/v2\/categories?post=39512"},{"taxonomy":"post_tag","embeddable":true,"href":"https:\/\/fondationrivieres.org\/en\/wp-json\/wp\/v2\/tags?post=39512"}],"curies":[{"name":"wp","href":"https:\/\/api.w.org\/{rel}","templated":true}]}}