{"id":25675,"date":"2021-07-08T09:32:17","date_gmt":"2021-07-08T13:32:17","guid":{"rendered":"https:\/\/fondationrivieres.org\/?p=25675"},"modified":"2024-06-20T13:21:35","modified_gmt":"2024-06-20T17:21:35","slug":"on-pourrait-se-baigner-dans-le-vieux-port","status":"publish","type":"post","link":"https:\/\/fondationrivieres.org\/en\/on-pourrait-se-baigner-dans-le-vieux-port\/","title":{"rendered":"With a little good will, we could swim in the Old Port of Montreal"},"content":{"rendered":"<div data-elementor-type=\"wp-post\" data-elementor-id=\"25675\" class=\"elementor elementor-25675\" data-elementor-post-type=\"post\">\n\t\t\t\t\t\t<section class=\"elementor-section elementor-top-section elementor-element elementor-element-6817494 elementor-section-boxed elementor-section-height-default elementor-section-height-default\" data-id=\"6817494\" data-element_type=\"section\" data-e-type=\"section\" data-settings=\"{&quot;jet_parallax_layout_list&quot;:[]}\">\n\t\t\t\t\t\t<div class=\"elementor-container elementor-column-gap-default\">\n\t\t\t\t\t<div class=\"elementor-column elementor-col-100 elementor-top-column elementor-element elementor-element-f716fa1\" data-id=\"f716fa1\" data-element_type=\"column\" data-e-type=\"column\">\n\t\t\t<div class=\"elementor-widget-wrap elementor-element-populated\">\n\t\t\t\t\t\t<div class=\"elementor-element elementor-element-a4cff0c elementor-widget elementor-widget-text-editor\" data-id=\"a4cff0c\" data-element_type=\"widget\" data-e-type=\"widget\" data-widget_type=\"text-editor.default\">\n\t\t\t\t<div class=\"elementor-widget-container\">\n\t\t\t\t\t\t\t\t\t<p><span style=\"font-weight: 400;\">What you see in the photo above is a model of the City of Montreal&#039;s port bath project that was \u201cinstalled\u201d in the Jacques-Cartier basin in the Old Port. It would be enough to move the marina a hundred meters and we could accommodate 800 swimmers in the heart of downtown Montreal without harming navigation activities.<\/span><\/p>\t\t\t\t\t\t\t\t<\/div>\n\t\t\t\t<\/div>\n\t\t\t\t<div class=\"elementor-element elementor-element-4b4a179 elementor-widget elementor-widget-heading\" data-id=\"4b4a179\" data-element_type=\"widget\" data-e-type=\"widget\" data-widget_type=\"heading.default\">\n\t\t\t\t<div class=\"elementor-widget-container\">\n\t\t\t\t\t<h2 class=\"elementor-heading-title elementor-size-default\">Quality water for swimming in downtown Montreal<\/h2>\t\t\t\t<\/div>\n\t\t\t\t<\/div>\n\t\t\t\t\t<\/div>\n\t\t<\/div>\n\t\t\t\t\t<\/div>\n\t\t<\/section>\n\t\t\t\t<section class=\"elementor-section elementor-top-section elementor-element elementor-element-87181dc elementor-section-boxed elementor-section-height-default elementor-section-height-default\" data-id=\"87181dc\" data-element_type=\"section\" data-e-type=\"section\" data-settings=\"{&quot;jet_parallax_layout_list&quot;:[]}\">\n\t\t\t\t\t\t<div class=\"elementor-container elementor-column-gap-default\">\n\t\t\t\t\t<div class=\"elementor-column elementor-col-50 elementor-top-column elementor-element elementor-element-850d1a7\" data-id=\"850d1a7\" data-element_type=\"column\" data-e-type=\"column\">\n\t\t\t<div class=\"elementor-widget-wrap elementor-element-populated\">\n\t\t\t\t\t\t<div class=\"elementor-element elementor-element-889b56f elementor-widget elementor-widget-text-editor\" data-id=\"889b56f\" data-element_type=\"widget\" data-e-type=\"widget\" data-widget_type=\"text-editor.default\">\n\t\t\t\t<div class=\"elementor-widget-container\">\n\t\t\t\t\t\t\t\t\t<p><span style=\"font-weight: 400;\">The water of the Jacques-Cartier basin is <\/span><span style=\"font-weight: 400;\">suitable for swimming in dry weather: it meets the standards established by Quebec (maximum of 200 CFU\/100mL) in more than 96 % samples during the summer period, from 2003 to 2022.<\/span><span style=\"font-weight: 400;\"> The place is large, accessible and safe, which was not the case with the port bath project at <\/span><a href=\"https:\/\/www.lapresse.ca\/debats\/editoriaux\/2020-07-23\/bain-complique.php\" target=\"_blank\" rel=\"noopener\"><span style=\"font-weight: 400;\">end of Quai de l\u2019Horloge<\/span><\/a><span style=\"font-weight: 400;\"> that the City had to abandon last summer.<\/span><\/p>\t\t\t\t\t\t\t\t<\/div>\n\t\t\t\t<\/div>\n\t\t\t\t\t<\/div>\n\t\t<\/div>\n\t\t\t\t<div class=\"elementor-column elementor-col-50 elementor-top-column elementor-element elementor-element-1110b66\" data-id=\"1110b66\" data-element_type=\"column\" data-e-type=\"column\">\n\t\t\t<div class=\"elementor-widget-wrap elementor-element-populated\">\n\t\t\t\t\t\t<div class=\"elementor-element elementor-element-0be5b95 elementor-grid-1 elementor-posts--align-left elementor-widget__width-initial elementor-grid-tablet-2 elementor-grid-mobile-1 elementor-posts--thumbnail-top elementor-card-shadow-yes elementor-posts__hover-gradient elementor-widget elementor-widget-posts\" data-id=\"0be5b95\" data-element_type=\"widget\" data-e-type=\"widget\" data-settings=\"{&quot;cards_columns&quot;:&quot;1&quot;,&quot;pagination_type&quot;:&quot;numbers&quot;,&quot;cards_columns_tablet&quot;:&quot;2&quot;,&quot;cards_columns_mobile&quot;:&quot;1&quot;,&quot;cards_row_gap&quot;:{&quot;unit&quot;:&quot;px&quot;,&quot;size&quot;:35,&quot;sizes&quot;:[]},&quot;cards_row_gap_tablet&quot;:{&quot;unit&quot;:&quot;px&quot;,&quot;size&quot;:&quot;&quot;,&quot;sizes&quot;:[]},&quot;cards_row_gap_mobile&quot;:{&quot;unit&quot;:&quot;px&quot;,&quot;size&quot;:&quot;&quot;,&quot;sizes&quot;:[]}}\" data-widget_type=\"posts.cards\">\n\t\t\t\t<div class=\"elementor-widget-container\">\n\t\t\t\t\t\t\t<div class=\"elementor-posts-container elementor-posts elementor-posts--skin-cards elementor-grid\" role=\"list\">\n\t\t\t\t<article class=\"elementor-post elementor-grid-item post-47723 page type-page status-publish has-post-thumbnail hentry\" role=\"listitem\">\n\t\t\t<div class=\"elementor-post__card\">\n\t\t\t\t<a class=\"elementor-post__thumbnail__link\" href=\"https:\/\/fondationrivieres.org\/en\/notre-expertise\/boite-a-outils\/carte-potentiel-de-baignade-montreal\/\" tabindex=\"-1\"><div class=\"elementor-post__thumbnail\"><img fetchpriority=\"high\" decoding=\"async\" width=\"874\" height=\"527\" src=\"https:\/\/fondationrivieres.org\/wp-content\/uploads\/2023\/06\/Carte-baignade-2022_Montreal-Laval.png\" class=\"attachment-full size-full wp-image-57907\" alt=\"Carte de baignade et de sports nautiques de contact indirect avec l&#039;eau \u00e0 Montr\u00e9al et Laval - Baignade \u00e0 Montr\u00e9al et Laval\" srcset=\"https:\/\/fondationrivieres.org\/wp-content\/uploads\/2023\/06\/Carte-baignade-2022_Montreal-Laval.png 874w, https:\/\/fondationrivieres.org\/wp-content\/uploads\/2023\/06\/Carte-baignade-2022_Montreal-Laval-300x181.png 300w, https:\/\/fondationrivieres.org\/wp-content\/uploads\/2023\/06\/Carte-baignade-2022_Montreal-Laval-768x463.png 768w, https:\/\/fondationrivieres.org\/wp-content\/uploads\/2023\/06\/Carte-baignade-2022_Montreal-Laval-18x12.png 18w\" sizes=\"(max-width: 874px) 100vw, 874px\" \/><\/div><\/a>\n\t\t\t\t<div class=\"elementor-post__text\">\n\t\t\t\t<h5 class=\"elementor-post__title\">\n\t\t\t<a href=\"https:\/\/fondationrivieres.org\/en\/notre-expertise\/boite-a-outils\/carte-potentiel-de-baignade-montreal\/\">\n\t\t\t\tMap of swimming potential in Montreal and Laval\t\t\t<\/a>\n\t\t<\/h5>\n\t\t\t\t\t<div class=\"elementor-post__read-more-wrapper\">\n\t\t\n\t\t<a class=\"elementor-post__read-more\" href=\"https:\/\/fondationrivieres.org\/en\/notre-expertise\/boite-a-outils\/carte-potentiel-de-baignade-montreal\/\" aria-label=\"Read more about Map of swimming potential in Montreal and Laval\" tabindex=\"-1\">\n\t\t\tRead more \u00bb\t\t<\/a>\n\n\t\t\t\t\t<\/div>\n\t\t\t\t<\/div>\n\t\t\t\t\t<\/div>\n\t\t<\/article>\n\t\t\t\t<\/div>\n\t\t\n\t\t\t\t\t\t<\/div>\n\t\t\t\t<\/div>\n\t\t\t\t\t<\/div>\n\t\t<\/div>\n\t\t\t\t\t<\/div>\n\t\t<\/section>\n\t\t\t\t<section class=\"elementor-section elementor-top-section elementor-element elementor-element-3ffffa9 elementor-section-boxed elementor-section-height-default elementor-section-height-default\" data-id=\"3ffffa9\" data-element_type=\"section\" data-e-type=\"section\" data-settings=\"{&quot;jet_parallax_layout_list&quot;:[]}\">\n\t\t\t\t\t\t<div class=\"elementor-container elementor-column-gap-default\">\n\t\t\t\t\t<div class=\"elementor-column elementor-col-100 elementor-top-column elementor-element elementor-element-41ad8b4\" data-id=\"41ad8b4\" data-element_type=\"column\" data-e-type=\"column\">\n\t\t\t<div class=\"elementor-widget-wrap elementor-element-populated\">\n\t\t\t\t\t\t<div class=\"elementor-element elementor-element-4ab888a elementor-widget elementor-widget-heading\" data-id=\"4ab888a\" data-element_type=\"widget\" data-e-type=\"widget\" data-widget_type=\"heading.default\">\n\t\t\t\t<div class=\"elementor-widget-container\">\n\t\t\t\t\t<h3 class=\"elementor-heading-title elementor-size-default\">But the Old Port of Montr\u00e9al Corporation says no<\/h3>\t\t\t\t<\/div>\n\t\t\t\t<\/div>\n\t\t\t\t<div class=\"elementor-element elementor-element-0c31166 elementor-widget elementor-widget-text-editor\" data-id=\"0c31166\" data-element_type=\"widget\" data-e-type=\"widget\" data-widget_type=\"text-editor.default\">\n\t\t\t\t<div class=\"elementor-widget-container\">\n\t\t\t\t\t\t\t\t\t<p><span style=\"font-weight: 400;\">\u201cThe place is dedicated to navigation\u201d, <\/span><a href=\"https:\/\/ici.radio-canada.ca\/nouvelle\/1806352\/baignade-fleuve-saint-laurent-montreal-bassin\" target=\"_blank\" rel=\"noopener\"><span style=\"font-weight: 400;\">decides the director<\/span><\/a><span style=\"font-weight: 400;\"> of marketing and public relations for the Soci\u00e9t\u00e9 du Vieux-Port.\u00a0<\/span><\/p><p><span style=\"font-weight: 400;\">\u201cThis would go against the vocation sought for this sector of the Old Port. There is no question of transforming the basin into a public bath,\u201d confirmed the vice-president, Real Estate (Qu\u00e9bec) and Old Port of Montreal, Pierre-Marc Mongeau.\u00a0<\/span><\/p>\t\t\t\t\t\t\t\t<\/div>\n\t\t\t\t<\/div>\n\t\t\t\t\t<\/div>\n\t\t<\/div>\n\t\t\t\t\t<\/div>\n\t\t<\/section>\n\t\t\t\t<section class=\"elementor-section elementor-top-section elementor-element elementor-element-c5776e2 elementor-section-boxed elementor-section-height-default elementor-section-height-default\" data-id=\"c5776e2\" data-element_type=\"section\" data-e-type=\"section\" data-settings=\"{&quot;jet_parallax_layout_list&quot;:[]}\">\n\t\t\t\t\t\t<div class=\"elementor-container elementor-column-gap-default\">\n\t\t\t\t\t<div class=\"elementor-column elementor-col-50 elementor-top-column elementor-element elementor-element-88f11da\" data-id=\"88f11da\" data-element_type=\"column\" data-e-type=\"column\">\n\t\t\t<div class=\"elementor-widget-wrap elementor-element-populated\">\n\t\t\t\t\t\t<div class=\"elementor-element elementor-element-32b29f1 elementor-widget elementor-widget-image\" data-id=\"32b29f1\" data-element_type=\"widget\" data-e-type=\"widget\" data-widget_type=\"image.default\">\n\t\t\t\t<div class=\"elementor-widget-container\">\n\t\t\t\t\t\t\t\t\t\t\t\t<figure class=\"wp-caption\">\n\t\t\t\t\t\t\t\t\t\t<img decoding=\"async\" width=\"1984\" height=\"1076\" src=\"https:\/\/fondationrivieres.org\/wp-content\/uploads\/2021\/07\/Capture-decran-le-2021-07-05-a-15.34.46.jpg\" class=\"attachment-full size-full wp-image-56703\" alt=\"Le Quai Jacques-Cartier \u00e0 l&#039;heure actuelle - cr\u00e9dit photo : Google Map\" srcset=\"https:\/\/fondationrivieres.org\/wp-content\/uploads\/2021\/07\/Capture-decran-le-2021-07-05-a-15.34.46.jpg 1984w, https:\/\/fondationrivieres.org\/wp-content\/uploads\/2021\/07\/Capture-decran-le-2021-07-05-a-15.34.46-300x163.jpg 300w, https:\/\/fondationrivieres.org\/wp-content\/uploads\/2021\/07\/Capture-decran-le-2021-07-05-a-15.34.46-1024x555.jpg 1024w, https:\/\/fondationrivieres.org\/wp-content\/uploads\/2021\/07\/Capture-decran-le-2021-07-05-a-15.34.46-768x417.jpg 768w, https:\/\/fondationrivieres.org\/wp-content\/uploads\/2021\/07\/Capture-decran-le-2021-07-05-a-15.34.46-1536x833.jpg 1536w, https:\/\/fondationrivieres.org\/wp-content\/uploads\/2021\/07\/Capture-decran-le-2021-07-05-a-15.34.46-18x10.jpg 18w\" sizes=\"(max-width: 1984px) 100vw, 1984px\" \/>\t\t\t\t\t\t\t\t\t\t\t<figcaption class=\"widget-image-caption wp-caption-text\">Credit: Google Map - Quai Jacques-Cartier now. <\/figcaption>\n\t\t\t\t\t\t\t\t\t\t<\/figure>\n\t\t\t\t\t\t\t\t\t<\/div>\n\t\t\t\t<\/div>\n\t\t\t\t\t<\/div>\n\t\t<\/div>\n\t\t\t\t<div class=\"elementor-column elementor-col-50 elementor-top-column elementor-element elementor-element-bc4efcf\" data-id=\"bc4efcf\" data-element_type=\"column\" data-e-type=\"column\">\n\t\t\t<div class=\"elementor-widget-wrap elementor-element-populated\">\n\t\t\t\t\t\t<div class=\"elementor-element elementor-element-b1a6f88 elementor-widget elementor-widget-image\" data-id=\"b1a6f88\" data-element_type=\"widget\" data-e-type=\"widget\" data-widget_type=\"image.default\">\n\t\t\t\t<div class=\"elementor-widget-container\">\n\t\t\t\t\t\t\t\t\t\t\t\t<figure class=\"wp-caption\">\n\t\t\t\t\t\t\t\t\t\t<img decoding=\"async\" width=\"2012\" height=\"1014\" src=\"https:\/\/fondationrivieres.org\/wp-content\/uploads\/2021\/07\/Bain-Portuaire-au-quai-Jacques-Cartier.jpeg\" class=\"attachment-full size-full wp-image-56700\" alt=\"La maquette d&#039;un bain portuaire au Quai Jacques-Cartier.\" srcset=\"https:\/\/fondationrivieres.org\/wp-content\/uploads\/2021\/07\/Bain-Portuaire-au-quai-Jacques-Cartier.jpeg 2012w, https:\/\/fondationrivieres.org\/wp-content\/uploads\/2021\/07\/Bain-Portuaire-au-quai-Jacques-Cartier-300x151.jpeg 300w, https:\/\/fondationrivieres.org\/wp-content\/uploads\/2021\/07\/Bain-Portuaire-au-quai-Jacques-Cartier-1024x516.jpeg 1024w, https:\/\/fondationrivieres.org\/wp-content\/uploads\/2021\/07\/Bain-Portuaire-au-quai-Jacques-Cartier-768x387.jpeg 768w, https:\/\/fondationrivieres.org\/wp-content\/uploads\/2021\/07\/Bain-Portuaire-au-quai-Jacques-Cartier-1536x774.jpeg 1536w, https:\/\/fondationrivieres.org\/wp-content\/uploads\/2021\/07\/Bain-Portuaire-au-quai-Jacques-Cartier-18x9.jpeg 18w\" sizes=\"(max-width: 2012px) 100vw, 2012px\" \/>\t\t\t\t\t\t\t\t\t\t\t<figcaption class=\"widget-image-caption wp-caption-text\">Credit: Google Map - The model of a port bath at Quai Jacques-Cartier. <\/figcaption>\n\t\t\t\t\t\t\t\t\t\t<\/figure>\n\t\t\t\t\t\t\t\t\t<\/div>\n\t\t\t\t<\/div>\n\t\t\t\t\t<\/div>\n\t\t<\/div>\n\t\t\t\t\t<\/div>\n\t\t<\/section>\n\t\t\t\t<section class=\"elementor-section elementor-top-section elementor-element elementor-element-0a83f2f elementor-section-boxed elementor-section-height-default elementor-section-height-default\" data-id=\"0a83f2f\" data-element_type=\"section\" data-e-type=\"section\" data-settings=\"{&quot;jet_parallax_layout_list&quot;:[]}\">\n\t\t\t\t\t\t<div class=\"elementor-container elementor-column-gap-default\">\n\t\t\t\t\t<div class=\"elementor-column elementor-col-100 elementor-top-column elementor-element elementor-element-6defbff\" data-id=\"6defbff\" data-element_type=\"column\" data-e-type=\"column\">\n\t\t\t<div class=\"elementor-widget-wrap elementor-element-populated\">\n\t\t\t\t\t\t<div class=\"elementor-element elementor-element-baafa5b elementor-widget elementor-widget-text-editor\" data-id=\"baafa5b\" data-element_type=\"widget\" data-e-type=\"widget\" data-widget_type=\"text-editor.default\">\n\t\t\t\t<div class=\"elementor-widget-container\">\n\t\t\t\t\t\t\t\t\t<p><span style=\"font-weight: 400;\">Running out of arguments to reject the project, the Soci\u00e9t\u00e9 du Vieux-Port reiterated its desire to \u201ccollaborate\u201d with the City of Montreal on the Quai de l\u2019Horloge alternative. But this project has been dead and buried for a year because it is not safe. Installed in the river, outside the protected area of the Old Port, this port bath project was exposed to a strong current and the risk of a broken down ship running aground there. Dangerous.<\/span><\/p>\t\t\t\t\t\t\t\t<\/div>\n\t\t\t\t<\/div>\n\t\t\t\t<div class=\"elementor-element elementor-element-ab77439 elementor-widget elementor-widget-jet-button\" data-id=\"ab77439\" data-element_type=\"widget\" data-e-type=\"widget\" data-widget_type=\"jet-button.default\">\n\t\t\t\t<div class=\"elementor-widget-container\">\n\t\t\t\t\t<div class=\"elementor-jet-button jet-elements\"><div class=\"jet-button__container\">\n\t<a class=\"jet-button__instance jet-button__instance--icon-left hover-effect-0\" href=\"https:\/\/signup-can.keela.co\/infolettre-fondation-rivieres\" target=\"_blank\" rel=\"noopener\">\n\t\t<div class=\"jet-button__plane jet-button__plane-normal\"><\/div>\n\t\t<div class=\"jet-button__plane jet-button__plane-hover\"><\/div>\n\t\t<div class=\"jet-button__state jet-button__state-normal\">\n\t\t\t<span class=\"jet-button__label\">+ Stay informed<\/span>\t\t<\/div>\n\t\t<div class=\"jet-button__state jet-button__state-hover\">\n\t\t\t<span class=\"jet-button__label\">+ Subscribe to the newsletter<\/span>\t\t<\/div>\n\t<\/a>\n<\/div>\n<\/div>\t\t\t\t<\/div>\n\t\t\t\t<\/div>\n\t\t\t\t<div class=\"elementor-element elementor-element-248103e elementor-widget elementor-widget-heading\" data-id=\"248103e\" data-element_type=\"widget\" data-e-type=\"widget\" data-widget_type=\"heading.default\">\n\t\t\t\t<div class=\"elementor-widget-container\">\n\t\t\t\t\t<h4 class=\"elementor-heading-title elementor-size-default\">\nPort baths elsewhere in the world<\/h4>\t\t\t\t<\/div>\n\t\t\t\t<\/div>\n\t\t\t\t<div class=\"elementor-element elementor-element-8470f58 elementor-widget elementor-widget-text-editor\" data-id=\"8470f58\" data-element_type=\"widget\" data-e-type=\"widget\" data-widget_type=\"text-editor.default\">\n\t\t\t\t<div class=\"elementor-widget-container\">\n\t\t\t\t\t\t\t\t\t<p>\u00a0<\/p><p><span style=\"font-weight: 400;\">After <\/span><a href=\"https:\/\/www.pinterest.ca\/nesskonn\/harbour-bath\/\" target=\"_blank\" rel=\"noopener\"><span style=\"font-weight: 400;\">Oslo and Copenhagen<\/span><\/a><span style=\"font-weight: 400;\">, the Port of Quebec has announced its intention to install a port bath in the Louise Basin next summer (update: <a href=\"https:\/\/fondationrivieres.org\/en\/baignade-dans-le-port-de-quebec-une-inspiration-pour-le-vieux-port-de-montreal\/\">the port bath in Quebec has indeed been made official in the summer of 2022<\/a>!). Here, the water in the Jacques-Cartier basin is of good quality, the place is protected from ships and it has all the potential to become a major recreational and tourism attraction for Montreal. All that&#039;s missing is a little goodwill!\u00a0<\/span><\/p>\t\t\t\t\t\t\t\t<\/div>\n\t\t\t\t<\/div>\n\t\t\t\t<div class=\"elementor-element elementor-element-1d25769 elementor-widget elementor-widget-image\" data-id=\"1d25769\" data-element_type=\"widget\" data-e-type=\"widget\" data-widget_type=\"image.default\">\n\t\t\t\t<div class=\"elementor-widget-container\">\n\t\t\t\t\t\t\t\t\t\t\t\t\t\t\t\t<a href=\"https:\/\/fondationrivieres.org\/en\/projects\/adoptez-une-riviere-fleuve-saint-laurent\/\">\n\t\t\t\t\t\t\t<img loading=\"lazy\" decoding=\"async\" width=\"600\" height=\"305\" src=\"https:\/\/fondationrivieres.org\/wp-content\/uploads\/2022\/10\/AUR_Logo2022_Couleurs.png\" class=\"attachment-full size-full wp-image-49776\" alt=\"Adoptez une rivi\u00e8re - Fondation Rivi\u00e8res - Logo - Lumea\" srcset=\"https:\/\/fondationrivieres.org\/wp-content\/uploads\/2022\/10\/AUR_Logo2022_Couleurs.png 600w, https:\/\/fondationrivieres.org\/wp-content\/uploads\/2022\/10\/AUR_Logo2022_Couleurs-300x153.png 300w\" sizes=\"(max-width: 600px) 100vw, 600px\" \/>\t\t\t\t\t\t\t\t<\/a>\n\t\t\t\t\t\t\t\t\t\t\t\t\t\t\t<\/div>\n\t\t\t\t<\/div>\n\t\t\t\t<div class=\"elementor-element elementor-element-59cece0 elementor-align-center elementor-widget elementor-widget-button\" data-id=\"59cece0\" data-element_type=\"widget\" data-e-type=\"widget\" data-widget_type=\"button.default\">\n\t\t\t\t<div class=\"elementor-widget-container\">\n\t\t\t\t\t\t\t\t\t<div class=\"elementor-button-wrapper\">\n\t\t\t\t\t<a class=\"elementor-button elementor-button-link elementor-size-lg\" href=\"https:\/\/fondationrivieres.org\/en\/projects\/adoptez-une-riviere-fleuve-saint-laurent\/\">\n\t\t\t\t\t\t<span class=\"elementor-button-content-wrapper\">\n\t\t\t\t\t\t\t\t\t<span class=\"elementor-button-text\">ST. LAWRENCE RIVER<\/span>\n\t\t\t\t\t<\/span>\n\t\t\t\t\t<\/a>\n\t\t\t\t<\/div>\n\t\t\t\t\t\t\t\t<\/div>\n\t\t\t\t<\/div>\n\t\t\t\t<div class=\"elementor-element elementor-element-03ce56a elementor-blockquote--skin-boxed elementor-widget elementor-widget-blockquote\" data-id=\"03ce56a\" data-element_type=\"widget\" data-e-type=\"widget\" data-widget_type=\"blockquote.default\">\n\t\t\t\t<div class=\"elementor-widget-container\">\n\t\t\t\t\t\t\t<blockquote class=\"elementor-blockquote\">\n\t\t\t<p class=\"elementor-blockquote__content\">\n\t\t\t\tIt&#039;s not because things are difficult that we don&#039;t dare, it&#039;s because we don&#039;t dare that they are difficult.\t\t\t<\/p>\n\t\t\t\t\t\t\t<div class=\"e-q-footer\">\n\t\t\t\t\t\t\t\t\t\t\t<cite class=\"elementor-blockquote__author\">- Letters to Lucilius, book XVII, Letter 104, 26 by Seneca.<\/cite>\n\t\t\t\t\t\t\t\t\t\t\t\t\t\t<\/div>\n\t\t\t\t\t<\/blockquote>\n\t\t\t\t\t\t<\/div>\n\t\t\t\t<\/div>\n\t\t\t\t\t<\/div>\n\t\t<\/div>\n\t\t\t\t\t<\/div>\n\t\t<\/section>\n\t\t\t\t<section class=\"elementor-section elementor-top-section elementor-element elementor-element-8101299 elementor-section-boxed elementor-section-height-default elementor-section-height-default\" data-id=\"8101299\" data-element_type=\"section\" data-e-type=\"section\" data-settings=\"{&quot;jet_parallax_layout_list&quot;:[]}\">\n\t\t\t\t\t\t<div class=\"elementor-container elementor-column-gap-default\">\n\t\t\t\t\t<div class=\"elementor-column elementor-col-100 elementor-top-column elementor-element elementor-element-9978e13\" data-id=\"9978e13\" data-element_type=\"column\" data-e-type=\"column\">\n\t\t\t<div class=\"elementor-widget-wrap elementor-element-populated\">\n\t\t\t\t\t\t<div class=\"elementor-element elementor-element-8d9dcf9 elementor-widget elementor-widget-heading\" data-id=\"8d9dcf9\" data-element_type=\"widget\" data-e-type=\"widget\" data-widget_type=\"heading.default\">\n\t\t\t\t<div class=\"elementor-widget-container\">\n\t\t\t\t\t<h5 class=\"elementor-heading-title elementor-size-default\">\nAbout the Author<\/h5>\t\t\t\t<\/div>\n\t\t\t\t<\/div>\n\t\t\t\t<div class=\"elementor-element elementor-element-a520fad elementor-author-box--avatar-yes elementor-author-box--name-yes elementor-author-box--biography-yes elementor-author-box--link-no elementor-widget elementor-widget-author-box\" data-id=\"a520fad\" data-element_type=\"widget\" data-e-type=\"widget\" data-widget_type=\"author-box.default\">\n\t\t\t\t<div class=\"elementor-widget-container\">\n\t\t\t\t\t\t\t<div class=\"elementor-author-box\">\n\t\t\t\t\t\t\t<div  class=\"elementor-author-box__avatar\">\n\t\t\t\t\t<img decoding=\"async\" src=\"https:\/\/secure.gravatar.com\/avatar\/50b41ef447e3d3586c8cdcb7749779dd3cbc216d4fa78fd7f8824ca5c117bad0?s=300&#038;d=mm&#038;r=g\" alt=\"Picture of Elisabeth Caron Sergerie\" loading=\"lazy\">\n\t\t\t\t<\/div>\n\t\t\t\n\t\t\t<div class=\"elementor-author-box__text\">\n\t\t\t\t\t\t\t\t\t<div >\n\t\t\t\t\t\t<h4 class=\"elementor-author-box__name\">\n\t\t\t\t\t\t\tElisabeth Caron Sergerie\t\t\t\t\t\t<\/h4>\n\t\t\t\t\t<\/div>\n\t\t\t\t\n\t\t\t\t\t\t\t\t\t<div class=\"elementor-author-box__bio\">\n\t\t\t\t\t\t\u00c9lisabeth is in charge of digital projects at Fondation Rivi\u00e8res. She studies innovation management at HEC Montreal, she is passionate about geek culture and cats.\t\t\t\t\t<\/div>\n\t\t\t\t\n\t\t\t\t\t\t\t<\/div>\n\t\t<\/div>\n\t\t\t\t\t\t<\/div>\n\t\t\t\t<\/div>\n\t\t\t\t\t<\/div>\n\t\t<\/div>\n\t\t\t\t\t<\/div>\n\t\t<\/section>\n\t\t\t\t<\/div>","protected":false},"excerpt":{"rendered":"<p>Ce que<\/p>","protected":false},"author":27,"featured_media":56700,"comment_status":"closed","ping_status":"closed","sticky":false,"template":"","format":"standard","meta":{"footnotes":""},"categories":[4],"tags":[19,20,22,51,69,97],"class_list":["post-25675","post","type-post","status-publish","format-standard","has-post-thumbnail","hentry","category-chroniques","tag-baignade","tag-bain-portuaire","tag-bassin-louise","tag-fleuve-saint-laurent","tag-mobilisation","tag-vieux-port"],"_links":{"self":[{"href":"https:\/\/fondationrivieres.org\/en\/wp-json\/wp\/v2\/posts\/25675","targetHints":{"allow":["GET"]}}],"collection":[{"href":"https:\/\/fondationrivieres.org\/en\/wp-json\/wp\/v2\/posts"}],"about":[{"href":"https:\/\/fondationrivieres.org\/en\/wp-json\/wp\/v2\/types\/post"}],"author":[{"embeddable":true,"href":"https:\/\/fondationrivieres.org\/en\/wp-json\/wp\/v2\/users\/27"}],"replies":[{"embeddable":true,"href":"https:\/\/fondationrivieres.org\/en\/wp-json\/wp\/v2\/comments?post=25675"}],"version-history":[{"count":7,"href":"https:\/\/fondationrivieres.org\/en\/wp-json\/wp\/v2\/posts\/25675\/revisions"}],"predecessor-version":[{"id":68083,"href":"https:\/\/fondationrivieres.org\/en\/wp-json\/wp\/v2\/posts\/25675\/revisions\/68083"}],"wp:featuredmedia":[{"embeddable":true,"href":"https:\/\/fondationrivieres.org\/en\/wp-json\/wp\/v2\/media\/56700"}],"wp:attachment":[{"href":"https:\/\/fondationrivieres.org\/en\/wp-json\/wp\/v2\/media?parent=25675"}],"wp:term":[{"taxonomy":"category","embeddable":true,"href":"https:\/\/fondationrivieres.org\/en\/wp-json\/wp\/v2\/categories?post=25675"},{"taxonomy":"post_tag","embeddable":true,"href":"https:\/\/fondationrivieres.org\/en\/wp-json\/wp\/v2\/tags?post=25675"}],"curies":[{"name":"wp","href":"https:\/\/api.w.org\/{rel}","templated":true}]}}