{"id":12590,"date":"2019-02-15T16:41:29","date_gmt":"2019-02-15T21:41:29","guid":{"rendered":"https:\/\/fondationrivieres.org\/?p=12590"},"modified":"2023-04-25T15:36:23","modified_gmt":"2023-04-25T19:36:23","slug":"ligne-de-transport-delectricite-a-saint-adolphe-dhoward","status":"publish","type":"post","link":"https:\/\/fondationrivieres.org\/en\/ligne-de-transport-delectricite-a-saint-adolphe-dhoward\/","title":{"rendered":"Electricity transmission line in Saint-Adolphe-d\u2019Howard"},"content":{"rendered":"<p>Quebec is taking \u201cmajor\u201d measures very late to force Hydro-Qu\u00e9bec to stop polluting the waterways along the route of the electricity transmission line under construction in Saint-Adolphe-d&#039;Howard. <a href=\"http:\/\/www.registres.mddelcc.gouv.qc.ca\/ordonnances\/680-avis-prealable.pdf\" target=\"_blank\" rel=\"noopener\">The prior notice<\/a> sent last December details in 37 pages the multiple violations of the Environmental Quality Act that the contractor incurred during his work, under the nose of Hydro-Qu\u00e9bec, which was monitoring everything. And pressure had to be exerted for months on the MELCC for the first actions to be taken. As highlighted by Mr. Alain Saladzius during an interview with CIME FM, how can we explain such blunders by a state-owned company that builds hundreds of kilometers of power lines each year? However, such work near waterways is commonplace in Quebec, a land of rivers. Were there any privileges? Simple incompetence cannot justify the situation at a state-owned company.<\/p>\n<p>The MELCC order submitted to Hydro-Qu\u00e9bec today remains very timid and very late on the eve of the melting of the snow which will begin shortly, causing strong pressure on the soil. The MELCC should certainly impose effective working methods to stem the imminently feared pollution. Let us recall the powers of the minister in this case:<\/p>\n<blockquote><p><strong>Section 114 of the Environmental Quality Act:<\/strong><\/p>\n<p><em>When a person or municipality does not comply with a provision of this Act, one of its regulations, an authorization, an order, an approval, a certificate, an accreditation or of a certification issued under them, in particular by carrying out work, construction, structures or any other activity in contravention of one of them, the Minister may, on the conditions he sets, order this person or municipality one or more of the following measures to remedy the situation:<\/em><\/p>\n<p><em>1\u00b0 cease, modify or limit the exercise of the activity concerned, to the extent it determines;<\/em><\/p>\n<p><em>(2) reduce or cease the release of contaminants into the environment, as well as install or use any equipment or device necessary for this purpose, where applicable;<\/em><\/p>\n<p><em>3\u00b0 demolish, in whole or in part, the work, constructions or structures concerned;<\/em><\/p>\n<p><em>4\u00b0 restore the premises, in whole or in part, to the state they were in before this work, construction, works or other activities began or in a state close to it;<\/em><\/p>\n<p><em>5\u00b0 implement compensatory measures;<\/em><\/p>\n<p><em>6\u00b0 take any other measure that the Minister considers necessary to correct the situation.<\/em><\/p>\n<p><em>The Minister may also, when he considers it necessary to ensure monitoring of environmental quality, order the owner, tenant or any other person responsible for a place where there is a source of contamination to install, within the time frame and at the location it designates, any category or type of equipment or device for the purpose of measuring the concentration, quality or quantity of any contaminant and require the person responsible to transmit the data collected according to the modalities that it determines.<\/em><\/p>\n<p><em>The Minister may also order the owner, tenant or any other person responsible for a place where a source of contamination is located to install the works he deems necessary, within the time frame and at the location he designates. , to allow him to take samples, analyze any source of contamination or install any equipment or device described in the second paragraph and require him to transmit the data collected according to the terms and conditions he determines.<\/em><\/p><\/blockquote>\n<p><strong>Brief history:<\/strong><\/p>\n<p>Filing of the notice of order (December 2018)<br \/>\n<a href=\"https:\/\/www.ledevoir.com\/politique\/quebec\/543160\/saint-adolphe-d-howard-le-gouvernement-legault-sermonne-hydro-quebec\" target=\"_blank\" rel=\"noopener\">Duty article<\/a><br \/>\nArticle by CIME FM<\/p>\n<p>Filing of the order (February 2019)<br \/>\n<a href=\"https:\/\/www.ledevoir.com\/politique\/quebec\/547856\/st-adolphe-d-howard-quebec-impose-des-conditions-a-hydro-quebec\" target=\"_blank\" rel=\"noopener\">Duty article<\/a><br \/>\nArticle by CIME FM<br \/>\n<a href=\"https:\/\/www.facebook.com\/MELCCQuebec\/videos\/2239221249652544\/\" target=\"_blank\" rel=\"noopener\">Live announcement from Minister Charette (Facebook)<\/a><br \/>\n<a href=\"http:\/\/www.environnement.gouv.qc.ca\/infuseur\/communique.asp?no=4150\" target=\"_blank\" rel=\"noopener\">Official MELCC press release<\/a><\/p>","protected":false},"excerpt":{"rendered":"<p>Qu\u00e9bec prend bien tardivement de \u00ab\u00a0grands\u00a0\u00bb moyens pour forcer Hydro-Qu\u00e9bec \u00e0 cesser de polluer les cours d&rsquo;eau sur le trac\u00e9 de la ligne de transport d\u2019\u00e9lectricit\u00e9 en construction \u00e0 Saint-Adolphe-d\u2019Howard. L&rsquo;avis pr\u00e9alable envoy\u00e9 en d\u00e9cembre dernier d\u00e9taille en 37 pages les multiples infractions \u00e0 la Loi sur la qualit\u00e9 de l&rsquo;environnement qu&rsquo;a encouru l&rsquo;entrepreneur lors [&hellip;]<\/p>\n","protected":false},"author":8,"featured_media":12594,"comment_status":"closed","ping_status":"closed","sticky":false,"template":"","format":"standard","meta":{"footnotes":""},"categories":[3],"tags":[47,56,65,69,77,79],"class_list":["post-12590","post","type-post","status-publish","format-standard","has-post-thumbnail","hentry","category-actualites","tag-energie","tag-hydro-quebec","tag-melcc","tag-mobilisation","tag-politique","tag-pollution"],"_links":{"self":[{"href":"https:\/\/fondationrivieres.org\/en\/wp-json\/wp\/v2\/posts\/12590","targetHints":{"allow":["GET"]}}],"collection":[{"href":"https:\/\/fondationrivieres.org\/en\/wp-json\/wp\/v2\/posts"}],"about":[{"href":"https:\/\/fondationrivieres.org\/en\/wp-json\/wp\/v2\/types\/post"}],"author":[{"embeddable":true,"href":"https:\/\/fondationrivieres.org\/en\/wp-json\/wp\/v2\/users\/8"}],"replies":[{"embeddable":true,"href":"https:\/\/fondationrivieres.org\/en\/wp-json\/wp\/v2\/comments?post=12590"}],"version-history":[{"count":0,"href":"https:\/\/fondationrivieres.org\/en\/wp-json\/wp\/v2\/posts\/12590\/revisions"}],"wp:featuredmedia":[{"embeddable":true,"href":"https:\/\/fondationrivieres.org\/en\/wp-json\/wp\/v2\/media\/12594"}],"wp:attachment":[{"href":"https:\/\/fondationrivieres.org\/en\/wp-json\/wp\/v2\/media?parent=12590"}],"wp:term":[{"taxonomy":"category","embeddable":true,"href":"https:\/\/fondationrivieres.org\/en\/wp-json\/wp\/v2\/categories?post=12590"},{"taxonomy":"post_tag","embeddable":true,"href":"https:\/\/fondationrivieres.org\/en\/wp-json\/wp\/v2\/tags?post=12590"}],"curies":[{"name":"wp","href":"https:\/\/api.w.org\/{rel}","templated":true}]}}